{"id":15349,"date":"2024-01-21T01:13:45","date_gmt":"2024-01-21T00:13:45","guid":{"rendered":"https:\/\/airedefiestacuba.com\/?p=15349"},"modified":"2025-08-15T05:26:55","modified_gmt":"2025-08-15T03:26:55","slug":"boda-en-la-habana-vieja-mabel-y-john","status":"publish","type":"post","link":"https:\/\/airedefiestacuba.com\/ru\/boda-en-la-habana-vieja-mabel-y-john\/","title":{"rendered":"\u0421\u0432\u0430\u0434\u044c\u0431\u0430 \u0432 \u043a\u043e\u043b\u043e\u043d\u0438\u0430\u043b\u044c\u043d\u043e\u0439 \u0421\u0442\u0430\u0440\u043e\u0439 \u0413\u0430\u0432\u0430\u043d\u0435: \u041c\u0435\u0439\u0431\u0435\u043b \u0438 \u0414\u0436\u043e\u043d"},"content":{"rendered":"<div id=\"ez-toc-container\" class=\"ez-toc-v2_0_80 ez-toc-wrap-left counter-hierarchy ez-toc-counter ez-toc-white ez-toc-container-direction\">\n<div class=\"ez-toc-title-container\">\n<p class=\"ez-toc-title\" style=\"cursor:inherit\">\u041e\u0433\u043b\u0430\u0432\u043b\u0435\u043d\u0438\u0435<\/p>\n<span class=\"ez-toc-title-toggle\"><a href=\"#\" class=\"ez-toc-pull-right ez-toc-btn ez-toc-btn-xs ez-toc-btn-default ez-toc-toggle\" aria-label=\"Toggle Table of Content\"><span class=\"ez-toc-js-icon-con\"><span class=\"\"><span class=\"eztoc-hide\" style=\"display:none;\">Toggle<\/span><span class=\"ez-toc-icon-toggle-span\"><svg style=\"fill: #999;color:#999\" xmlns=\"http:\/\/www.w3.org\/2000\/svg\" class=\"list-377408\" width=\"20px\" height=\"20px\" viewbox=\"0 0 24 24\" fill=\"none\"><path d=\"M6 6H4v2h2V6zm14 0H8v2h12V6zM4 11h2v2H4v-2zm16 0H8v2h12v-2zM4 16h2v2H4v-2zm16 0H8v2h12v-2z\" fill=\"currentColor\"><\/path><\/svg><svg style=\"fill: #999;color:#999\" class=\"arrow-unsorted-368013\" xmlns=\"http:\/\/www.w3.org\/2000\/svg\" width=\"10px\" height=\"10px\" viewbox=\"0 0 24 24\" version=\"1.2\" baseprofile=\"tiny\"><path d=\"M18.2 9.3l-6.2-6.3-6.2 6.3c-.2.2-.3.4-.3.7s.1.5.3.7c.2.2.4.3.7.3h11c.3 0 .5-.1.7-.3.2-.2.3-.5.3-.7s-.1-.5-.3-.7zM5.8 14.7l6.2 6.3 6.2-6.3c.2-.2.3-.5.3-.7s-.1-.5-.3-.7c-.2-.2-.4-.3-.7-.3h-11c-.3 0-.5.1-.7.3-.2.2-.3.5-.3.7s.1.5.3.7z\"\/><\/svg><\/span><\/span><\/span><\/a><\/span><\/div>\n<nav><ul class='ez-toc-list ez-toc-list-level-1 eztoc-toggle-hide-by-default' ><li class='ez-toc-page-1 ez-toc-heading-level-2'><a class=\"ez-toc-link ez-toc-heading-1\" href=\"https:\/\/airedefiestacuba.com\/ru\/boda-en-la-habana-vieja-mabel-y-john\/#Diseno_floral_protagonismo_absoluto_en_esta_boda_en_La_Habana_Vieja\" >Dise\u00f1o floral: protagonismo absoluto en esta boda en La Habana Vieja<\/a><\/li><li class='ez-toc-page-1 ez-toc-heading-level-2'><a class=\"ez-toc-link ez-toc-heading-2\" href=\"https:\/\/airedefiestacuba.com\/ru\/boda-en-la-habana-vieja-mabel-y-john\/#Boda_en_La_Habana_vieja_acompanados_por_zanqueros\" >Boda en La Habana vieja, acompa\u00f1ados por zanqueros<\/a><\/li><li class='ez-toc-page-1 ez-toc-heading-level-2'><a class=\"ez-toc-link ez-toc-heading-3\" href=\"https:\/\/airedefiestacuba.com\/ru\/boda-en-la-habana-vieja-mabel-y-john\/#La_Divina_Pastora_fue_el_cierre_perfecto_de_la_tarde\" >La Divina Pastora fue el cierre perfecto de la tarde<\/a><\/li><li class='ez-toc-page-1 ez-toc-heading-level-2'><a class=\"ez-toc-link ez-toc-heading-4\" href=\"https:\/\/airedefiestacuba.com\/ru\/boda-en-la-habana-vieja-mabel-y-john\/#Proveedores\" >\u041f\u043e\u0441\u0442\u0430\u0432\u0449\u0438\u043a\u0438:<\/a><\/li><\/ul><\/nav><\/div>\n\t\t<div data-elementor-type=\"wp-post\" data-elementor-id=\"15349\" class=\"elementor elementor-15349\" data-elementor-post-type=\"post\">\n\t\t\t\t<div class=\"elementor-element elementor-element-5b5029e e-con-full e-flex e-con e-parent\" data-id=\"5b5029e\" data-element_type=\"container\">\n\t\t<div class=\"elementor-element elementor-element-4af7dfe e-con-full e-flex e-con e-child\" data-id=\"4af7dfe\" data-element_type=\"container\">\n\t\t\t\t<div class=\"elementor-element elementor-element-68be64e elementor-widget-tablet__width-initial elementor-widget__width-initial elementor-widget elementor-widget-image\" data-id=\"68be64e\" data-element_type=\"widget\" data-widget_type=\"image.default\">\n\t\t\t\t<div class=\"elementor-widget-container\">\n\t\t\t\t\t\t\t\t\t\t\t\t\t\t\t<img fetchpriority=\"high\" decoding=\"async\" width=\"1024\" height=\"425\" src=\"https:\/\/airedefiestacuba.com\/wp-content\/uploads\/2025\/06\/Asset-23@10x1-1024x425.png\" class=\"attachment-large size-large wp-image-24966\" alt=\"\u041b\u043e\u0433\u043e\u0442\u0438\u043f Aire de Fiesta, \u043e\u0440\u0433\u0430\u043d\u0438\u0437\u0430\u0446\u0438\u044f \u0441\u0432\u0430\u0434\u0435\u0431 \u043d\u0430 \u041a\u0443\u0431\u0435\" srcset=\"\" sizes=\"(max-width: 1024px) 100vw, 1024px\" data-srcset=\"\" \/>\t\t\t\t\t\t\t\t\t\t\t\t\t\t\t<\/div>\n\t\t\t\t<\/div>\n\t\t\t\t<div class=\"elementor-element elementor-element-a08ea47 elementor-hidden-desktop elementor-hidden-tablet elementor-widget elementor-widget-image\" data-id=\"a08ea47\" data-element_type=\"widget\" data-widget_type=\"image.default\">\n\t\t\t\t<div class=\"elementor-widget-container\">\n\t\t\t\t\t\t\t\t\t\t\t\t\t\t\t<img decoding=\"async\" src=\"https:\/\/airedefiestacuba.com\/wp-content\/uploads\/2024\/04\/wedding-couple-walking-havana-vieja.jpg\" title=\"\" alt=\"\" loading=\"lazy\" \/>\t\t\t\t\t\t\t\t\t\t\t\t\t\t\t<\/div>\n\t\t\t\t<\/div>\n\t\t\t\t<div class=\"elementor-element elementor-element-980c74d sumary elementor-widget elementor-widget-text-editor\" data-id=\"980c74d\" data-element_type=\"widget\" data-widget_type=\"text-editor.default\">\n\t\t\t\t<div class=\"elementor-widget-container\">\n\t\t\t\t\t\t\t\t\t<h4>Mabel y John <\/h4><h1>boda en La Habana Vieja<\/h1><p>Planejar uma cerim\u00f4nia em um dos edif\u00edcios mais emblem\u00e1ticos do centro hist\u00f3rico de Havana, o Palacio del Segundo Cabo, foi o maior desafio deste casamento de destino. A Havana Velha \u00e9 um desses lugares que todos os visitantes de Cuba querem conhecer, e os noivos n\u00e3o foram exce\u00e7\u00e3o ao seu encanto, desejando proporcionar aos convidados uma experi\u00eancia \u00fanica.<\/p>\t\t\t\t\t\t\t\t<\/div>\n\t\t\t\t<\/div>\n\t\t\t\t<div class=\"elementor-element elementor-element-fc94522 premium-modal-dismissible-yes elementor-widget elementor-widget-premium-addon-modal-box\" data-id=\"fc94522\" data-element_type=\"widget\" data-settings=\"{&quot;premium_modal_box_animation&quot;:&quot;fadeInDown&quot;}\" data-widget_type=\"premium-addon-modal-box.default\">\n\t\t\t\t<div class=\"elementor-widget-container\">\n\t\t\t\t\t\r\n\t\t<div class=\"premium-modal-box-container\" data-settings=\"{&quot;trigger&quot;:&quot;button&quot;,&quot;show_on_exit&quot;:false}\">\r\n\t\t\t<div class=\"premium-modal-trigger-container\">\r\n\t\t\t\t\t\t\t\t\t<button data-toggle=\"premium-modal\" data-target=\"#premium-modal-fc94522\" type=\"button\" class=\"premium-modal-trigger-btn premium-btn-sm premium-button-none\" data-text=\"Leer m\u00e1s\">\r\n\r\n\t\t\t\t\t\t\r\n\t\t\t\t\t\t<div class=\"premium-button-text-icon-wrapper\">\r\n\t\t\t\t\t\t\t<span>\u0427\u0438\u0442\u0430\u0442\u044c \u0434\u0430\u043b\u044c\u0448\u0435<\/span>\r\n\t\t\t\t\t\t<\/div>\r\n\r\n\t\t\t\t\t\t\r\n\t\t\t\t\t\t\r\n\t\t\t\t\t\t\r\n\t\t\t\t\t<\/button>\r\n\t\t\t\t\t\t\t<\/div>\r\n\r\n\t\t\t<div id=\"premium-modal-fc94522\" class=\"premium-modal-box-modal\"\r\n\t\t\trole=\"dialog\"\r\n\t\t\tstyle=\"display: none\"\r\n\t\t\t>\r\n\t\t\t\t<div class=\"premium-modal-box-modal-dialog\" data-delay-animation=\"\" data-modal-animation=\"fadeInDown animated-fast\">\r\n\t\t\t\t\t\t\t\t\t\t\t<div class=\"premium-modal-box-modal-header\">\r\n\t\t\t\t\t\t\t\t\t\t\t\t\t\t\t<h3 class=\"premium-modal-box-modal-title\">\r\n\t\t\t\t\t\t\t\t\t\t\t\t<img decoding=\"async\" src=\"\" alt=\"\">\r\n\t\t\tCaja en blanco \t\t\t\t\t\t\t\t<\/h3>\r\n\t\t\t\t\t\t\t\t\t\t\t\t\t\t\t\t\t\t\t\t\t\t<div class=\"premium-modal-box-close-button-container\">\r\n\t\t\t\t\t\t\t\t\t<button type=\"button\" class=\"premium-modal-box-modal-close\" data-dismiss=\"premium-modal\">\u00d7<\/button>\r\n\t\t\t\t\t\t\t\t<\/div>\r\n\t\t\t\t\t\t\t\t\t\t\t\t\t<\/div>\r\n\t\t\t\t\t\t\t\t\t\t<div class=\"premium-modal-box-modal-body\">\r\n\t\t\t\t\t\t<h2><span class=\"ez-toc-section\" id=\"Diseno_floral_protagonismo_absoluto_en_esta_boda_en_La_Habana_Vieja\"><\/span>Dise\u00f1o floral: protagonismo absoluto en esta boda en La Habana Vieja<span class=\"ez-toc-section-end\"><\/span><\/h2><p>El protagonismo absoluto en esta boda fue para el dise\u00f1o floral. El espacio exterior del Palacio acomod\u00f3 toda la ceremonia que pudo ser disfrutada tambi\u00e9n, desde lejos, por los visitantes de una de las plazas m\u00e1s concurridas de la ciudad. La paleta de color en la que predominaron los azules, la propuesta de sillas transparentes y los muros originales de la edificaci\u00f3n, conspiraron para lograr ese aire atemporal y rom\u00e1ntico.<\/p><h2><span class=\"ez-toc-section\" id=\"Boda_en_La_Habana_vieja_acompanados_por_zanqueros\"><\/span>Boda en La Habana vieja, acompa\u00f1ados por zanqueros<span class=\"ez-toc-section-end\"><\/span><\/h2><p>\u041f\u0440\u043e\u0433\u0443\u043b\u043a\u0430 \u0433\u043e\u0441\u0442\u0435\u0439 \u043f\u043e \u0443\u043b\u0438\u0446\u0430\u043c \u0421\u0442\u0430\u0440\u043e\u0439 \u0413\u0430\u0432\u0430\u043d\u044b \u0432 \u0441\u043e\u043f\u0440\u043e\u0432\u043e\u0436\u0434\u0435\u043d\u0438\u0438 \u0445\u043e\u0434\u0443\u043b\u0438\u0441\u0442\u043e\u0432, \u043c\u0443\u0437\u044b\u043a\u0430\u043d\u0442\u043e\u0432 \u0438 \u044f\u0440\u043a\u0438\u0445 \u043a\u0440\u0430\u0441\u043e\u043a \u0441\u0442\u0430\u043b\u0430 \u043e\u0434\u043d\u0438\u043c \u0438\u0437 \u0441\u0430\u043c\u044b\u0445 \u043e\u0441\u043e\u0431\u0435\u043d\u043d\u044b\u0445 \u043c\u043e\u043c\u0435\u043d\u0442\u043e\u0432 \u0434\u043d\u044f. \u041f\u043e\u0441\u043b\u0435 \u0446\u0435\u0440\u0435\u043c\u043e\u043d\u0438\u0438 \u043c\u043e\u043b\u043e\u0434\u043e\u0436\u0435\u043d\u044b \u0442\u0430\u043d\u0446\u0435\u0432\u0430\u043b\u0438 \u0432\u043c\u0435\u0441\u0442\u0435 \u0441 \u0433\u043e\u0441\u0442\u044f\u043c\u0438 \u043d\u0430 \u043c\u043e\u0449\u0435\u043d\u044b\u0445 \u0443\u043b\u0438\u0446\u0430\u0445, \u043f\u0440\u043e\u043f\u0438\u0442\u0430\u043d\u043d\u044b\u0445 \u0438\u0441\u0442\u043e\u0440\u0438\u0435\u0439.<\/p><h2><span class=\"ez-toc-section\" id=\"La_Divina_Pastora_fue_el_cierre_perfecto_de_la_tarde\"><\/span>La Divina Pastora fue el cierre perfecto de la tarde<span class=\"ez-toc-section-end\"><\/span><\/h2><p>\u041f\u0440\u0438\u0435\u043c \u044d\u0442\u043e\u0439 \u0441\u0432\u0430\u0434\u044c\u0431\u044b \u0437\u0430 \u0433\u0440\u0430\u043d\u0438\u0446\u0435\u0439, \u043f\u0440\u043e\u0432\u0435\u0434\u0435\u043d\u043d\u044b\u0439 \u043d\u0430 \u0442\u0435\u0440\u0440\u0430\u0441\u0435 \u0438 \u0432 \u0441\u0430\u0434\u0430\u0445 La Divina Pastora, \u0441\u0442\u0430\u043b \u0438\u0434\u0435\u0430\u043b\u044c\u043d\u044b\u043c \u0437\u0430\u0432\u0435\u0440\u0448\u0435\u043d\u0438\u0435\u043c \u0432\u0435\u0447\u0435\u0440\u0430. \u042d\u043b\u0435\u0433\u0430\u043d\u0442\u043d\u043e\u0435 \u043e\u0444\u043e\u0440\u043c\u043b\u0435\u043d\u0438\u0435 \u0443\u0436\u0438\u043d\u0430 \u0438\u0434\u0435\u0430\u043b\u044c\u043d\u043e \u0441\u043e\u0447\u0435\u0442\u0430\u043b\u043e\u0441\u044c \u0441 \u0434\u0435\u043a\u043e\u0440\u043e\u043c \u0441\u0430\u0434\u0430 \u0434\u043b\u044f \u0432\u0435\u0447\u0435\u0440\u0438\u043d\u043a\u0438. \u041a\u0443\u0431\u0438\u043d\u0441\u043a\u0430\u044f \u043c\u0443\u0437\u044b\u043a\u0430, \u0432\u043f\u0435\u0447\u0430\u0442\u043b\u044f\u044e\u0449\u0438\u0439 \u0432\u0438\u0434 \u043d\u0430 \u043d\u043e\u0447\u043d\u0443\u044e \u0413\u0430\u0432\u0430\u043d\u0443 \u0438 \u0444\u043e\u0442\u043e\u0437\u043e\u043d\u0430, \u0433\u0434\u0435 \u043c\u043e\u043b\u043e\u0434\u043e\u0436\u0435\u043d\u044b \u0438 \u0438\u0445 \u0433\u043e\u0441\u0442\u0438 \u043c\u043e\u0433\u043b\u0438 \u0441\u043e\u0437\u0434\u0430\u0442\u044c \u0438\u0434\u0435\u0430\u043b\u044c\u043d\u044b\u0435 \u0432\u043e\u0441\u043f\u043e\u043c\u0438\u043d\u0430\u043d\u0438\u044f \u043e\u0431 \u0438\u0445 \u0441\u0447\u0430\u0441\u0442\u043b\u0438\u0432\u043e\u043c \u0434\u043d\u0435.<\/p>\t\t\t\t\t<\/div>\r\n\t\t\t\t\t\t\t\t\t\t\t<div class=\"premium-modal-box-modal-footer\">\r\n\t\t\t\t\t\t\t<button type=\"button\" class=\"premium-modal-box-modal-lower-close\" data-dismiss=\"premium-modal\">\r\n\t\t\t\t\t\t\t\t\u0417\u0430\u043a\u0440\u044b\u0442\u044c\t\t\t\t\t\t\t<\/button>\r\n\t\t\t\t\t\t<\/div>\r\n\t\t\t\t\t\t\t\t\t<\/div>\r\n\t\t\t<\/div>\r\n\t\t<\/div>\r\n\r\n\t\t\t\t\t\t<\/div>\n\t\t\t\t<\/div>\n\t\t\t\t<\/div>\n\t\t<div class=\"elementor-element elementor-element-b49b653 e-con-full e-flex e-con e-child\" data-id=\"b49b653\" data-element_type=\"container\">\n\t\t\t\t<div class=\"elementor-element elementor-element-fc4442a elementor-hidden-mobile elementor-widget elementor-widget-image\" data-id=\"fc4442a\" data-element_type=\"widget\" data-widget_type=\"image.default\">\n\t\t\t\t<div class=\"elementor-widget-container\">\n\t\t\t\t\t\t\t\t\t\t\t\t\t\t\t<img decoding=\"async\" width=\"683\" height=\"1024\" src=\"https:\/\/airedefiestacuba.com\/wp-content\/uploads\/2024\/04\/wedding-couple-walking-havana-vieja-683x1024.jpg\" class=\"attachment-large size-large wp-image-4104\" alt=\"\u041c\u044d\u0439\u0431\u0435\u043b \u0438 \u0414\u0436\u043e\u043d \u0438\u0434\u0443\u0442 \u043c\u0435\u0436\u0434\u0443 \u043a\u043e\u043b\u043e\u043d\u043d\u0430\u043c\u0438 \u043f\u043e\u0441\u043b\u0435 \u0446\u0435\u0440\u0435\u043c\u043e\u043d\u0438\u0438 \u0441\u0432\u043e\u0435\u0439 \u0441\u0432\u0430\u0434\u044c\u0431\u044b \u0432 \u0421\u0442\u0430\u0440\u043e\u0439 \u0413\u0430\u0432\u0430\u043d\u0435.\" srcset=\"https:\/\/airedefiestacuba.com\/wp-content\/uploads\/2024\/04\/wedding-couple-walking-havana-vieja-683x1024.jpg 683w, https:\/\/airedefiestacuba.com\/wp-content\/uploads\/2024\/04\/wedding-couple-walking-havana-vieja-200x300.jpg 200w, https:\/\/airedefiestacuba.com\/wp-content\/uploads\/2024\/04\/wedding-couple-walking-havana-vieja-768x1152.jpg 768w, https:\/\/airedefiestacuba.com\/wp-content\/uploads\/2024\/04\/wedding-couple-walking-havana-vieja-1024x1536.jpg 1024w, https:\/\/airedefiestacuba.com\/wp-content\/uploads\/2024\/04\/wedding-couple-walking-havana-vieja-8x12.jpg 8w, https:\/\/airedefiestacuba.com\/wp-content\/uploads\/2024\/04\/wedding-couple-walking-havana-vieja.jpg 1080w\" sizes=\"(max-width: 683px) 100vw, 683px\" \/>\t\t\t\t\t\t\t\t\t\t\t\t\t\t\t<\/div>\n\t\t\t\t<\/div>\n\t\t\t\t<\/div>\n\t\t\t\t<\/div>\n\t\t<div class=\"elementor-element elementor-element-46844460 e-flex e-con-boxed e-con e-parent\" data-id=\"46844460\" data-element_type=\"container\">\n\t\t\t\t\t<div class=\"e-con-inner\">\n\t\t<div class=\"elementor-element elementor-element-75ee06e7 e-con-full e-flex e-con e-child\" data-id=\"75ee06e7\" data-element_type=\"container\">\n\t\t\t\t<\/div>\n\t\t<div class=\"elementor-element elementor-element-42f790e5 e-con-full e-flex e-con e-child\" data-id=\"42f790e5\" data-element_type=\"container\">\n\t\t\t\t<div class=\"elementor-element elementor-element-7f366cd3 elementor-widget__width-initial provider elementor-widget elementor-widget-text-editor\" data-id=\"7f366cd3\" data-element_type=\"widget\" data-widget_type=\"text-editor.default\">\n\t\t\t\t<div class=\"elementor-widget-container\">\n\t\t\t\t\t\t\t\t\t<h2 class=\"proveedores-titulo\"><span class=\"ez-toc-section\" id=\"Proveedores\"><\/span>\u041f\u043e\u0441\u0442\u0430\u0432\u0449\u0438\u043a\u0438:<span class=\"ez-toc-section-end\"><\/span><\/h2><h3>\u041a\u043e\u043e\u0440\u0434\u0438\u043d\u0430\u0446\u0438\u044f, \u0414\u0435\u043a\u043e\u0440\u0438\u0440\u043e\u0432\u0430\u043d\u0438\u0435 \u0438 \u0426\u0432\u0435\u0442\u043e\u0447\u043d\u044b\u0439 \u0431\u0438\u0437\u043d\u0435\u0441:<\/h3><p><a href=\"https:\/\/airedefiestacuba.com\/ru\/\">Aire de Fiesta (\u0410\u0439\u0440\u0435 \u0434\u0435 \u0424\u0438\u0435\u0441\u0442\u0430)<\/a><\/p><h3>\u0426\u0435\u0440\u0435\u043c\u043e\u043d\u0438\u044f:<\/h3><p>Palacio del Segundo Cabo<\/p><h3>\u041f\u0440\u0438\u0435\u043c:<\/h3><p>La Divina Pastora<\/p><h3>\u0424\u043e\u0442\u043e\u0433\u0440\u0430\u0444\u0438\u044f:<\/h3><p>Ivan Botello\/ Estudio Aires<\/p><h3>\u041c\u0430\u043a\u0438\u044f\u0436\u0430:<\/h3><p><a href=\"https:\/\/www.instagram.com\/michel_rego?igsh=MXVjdGV6bzVuOHo4bw==\">Michel Rego (\u041c\u0438\u0448\u0435\u043b\u044c \u0420\u0435\u0433\u043e)<\/a><\/p>\t\t\t\t\t\t\t\t<\/div>\n\t\t\t\t<\/div>\n\t\t\t\t<\/div>\n\t\t\t\t\t<\/div>\n\t\t\t\t<\/div>\n\t\t<div class=\"elementor-element elementor-element-2d36352c e-flex e-con-boxed e-con e-parent\" data-id=\"2d36352c\" data-element_type=\"container\">\n\t\t\t\t\t<div class=\"e-con-inner\">\n\t\t\t\t<div class=\"elementor-element elementor-element-3259208f elementor-widget elementor-widget-image\" data-id=\"3259208f\" data-element_type=\"widget\" data-widget_type=\"image.default\">\n\t\t\t\t<div class=\"elementor-widget-container\">\n\t\t\t\t\t\t\t\t\t\t\t\t\t\t\t<img decoding=\"async\" width=\"1620\" height=\"1080\" src=\"https:\/\/airedefiestacuba.com\/wp-content\/uploads\/2024\/04\/wedding-dress-havana-old-town.jpg\" class=\"attachment-full size-full wp-image-4086\" alt=\"Vestido de novia blanco colgado sobre cielo azul en La Habana Vieja\" srcset=\"https:\/\/airedefiestacuba.com\/wp-content\/uploads\/2024\/04\/wedding-dress-havana-old-town.jpg 1620w, https:\/\/airedefiestacuba.com\/wp-content\/uploads\/2024\/04\/wedding-dress-havana-old-town-300x200.jpg 300w, https:\/\/airedefiestacuba.com\/wp-content\/uploads\/2024\/04\/wedding-dress-havana-old-town-1024x683.jpg 1024w, https:\/\/airedefiestacuba.com\/wp-content\/uploads\/2024\/04\/wedding-dress-havana-old-town-768x512.jpg 768w, https:\/\/airedefiestacuba.com\/wp-content\/uploads\/2024\/04\/wedding-dress-havana-old-town-1536x1024.jpg 1536w, https:\/\/airedefiestacuba.com\/wp-content\/uploads\/2024\/04\/wedding-dress-havana-old-town-18x12.jpg 18w\" sizes=\"(max-width: 1620px) 100vw, 1620px\" \/>\t\t\t\t\t\t\t\t\t\t\t\t\t\t\t<\/div>\n\t\t\t\t<\/div>\n\t\t\t\t\t<\/div>\n\t\t\t\t<\/div>\n\t\t<div class=\"elementor-element elementor-element-ba9a61e e-flex e-con-boxed e-con e-parent\" data-id=\"ba9a61e\" data-element_type=\"container\">\n\t\t\t\t\t<div class=\"e-con-inner\">\n\t\t\t\t<div class=\"elementor-element elementor-element-08ceb68 elementor-widget elementor-widget-image\" data-id=\"08ceb68\" data-element_type=\"widget\" data-widget_type=\"image.default\">\n\t\t\t\t<div class=\"elementor-widget-container\">\n\t\t\t\t\t\t\t\t\t\t\t\t\t\t\t<img decoding=\"async\" src=\"https:\/\/airedefiestacuba.com\/wp-content\/uploads\/2024\/04\/bridal-accessories-old-havana-wedding.jpg\" title=\"\" alt=\"\" loading=\"lazy\" \/>\t\t\t\t\t\t\t\t\t\t\t\t\t\t\t<\/div>\n\t\t\t\t<\/div>\n\t\t\t\t\t<\/div>\n\t\t\t\t<\/div>\n\t\t<div class=\"elementor-element elementor-element-4a45a957 e-flex e-con-boxed e-con e-parent\" data-id=\"4a45a957\" data-element_type=\"container\">\n\t\t\t\t\t<div class=\"e-con-inner\">\n\t\t<div class=\"elementor-element elementor-element-2bad6624 e-con-full e-flex e-con e-child\" data-id=\"2bad6624\" data-element_type=\"container\">\n\t\t\t\t<div class=\"elementor-element elementor-element-2f97f20f elementor-widget elementor-widget-image\" data-id=\"2f97f20f\" data-element_type=\"widget\" data-widget_type=\"image.default\">\n\t\t\t\t<div class=\"elementor-widget-container\">\n\t\t\t\t\t\t\t\t\t\t\t\t\t\t\t<img decoding=\"async\" src=\"https:\/\/airedefiestacuba.com\/wp-content\/uploads\/2024\/04\/groom-suit-havana-old-town-wedding-683x1024.jpg\" title=\"\" alt=\"\" loading=\"lazy\" \/>\t\t\t\t\t\t\t\t\t\t\t\t\t\t\t<\/div>\n\t\t\t\t<\/div>\n\t\t\t\t<\/div>\n\t\t<div class=\"elementor-element elementor-element-3b83dcac e-con-full e-flex e-con e-child\" data-id=\"3b83dcac\" data-element_type=\"container\">\n\t\t\t\t<div class=\"elementor-element elementor-element-422d9d64 elementor-widget elementor-widget-image\" data-id=\"422d9d64\" data-element_type=\"widget\" data-widget_type=\"image.default\">\n\t\t\t\t<div class=\"elementor-widget-container\">\n\t\t\t\t\t\t\t\t\t\t\t\t\t\t\t<img decoding=\"async\" src=\"https:\/\/airedefiestacuba.com\/wp-content\/uploads\/2024\/04\/groom-getting-ready-wedding-havana-vieja-683x1024.jpg\" title=\"\" alt=\"\" loading=\"lazy\" \/>\t\t\t\t\t\t\t\t\t\t\t\t\t\t\t<\/div>\n\t\t\t\t<\/div>\n\t\t\t\t<\/div>\n\t\t\t\t\t<\/div>\n\t\t\t\t<\/div>\n\t\t<div class=\"elementor-element elementor-element-37dfc72 e-flex e-con-boxed e-con e-parent\" data-id=\"37dfc72\" data-element_type=\"container\">\n\t\t\t\t\t<div class=\"e-con-inner\">\n\t\t\t\t<div class=\"elementor-element elementor-element-796df32 e-transform elementor-widget elementor-widget-image\" data-id=\"796df32\" data-element_type=\"widget\" data-settings=\"{&quot;_transform_scale_effect&quot;:{&quot;unit&quot;:&quot;px&quot;,&quot;size&quot;:&quot;&quot;,&quot;sizes&quot;:[]},&quot;_transform_scale_effect_tablet&quot;:{&quot;unit&quot;:&quot;px&quot;,&quot;size&quot;:&quot;&quot;,&quot;sizes&quot;:[]},&quot;_transform_scale_effect_mobile&quot;:{&quot;unit&quot;:&quot;px&quot;,&quot;size&quot;:&quot;&quot;,&quot;sizes&quot;:[]}}\" data-widget_type=\"image.default\">\n\t\t\t\t<div class=\"elementor-widget-container\">\n\t\t\t\t\t\t\t\t\t\t\t\t\t\t\t<img loading=\"lazy\" decoding=\"async\" width=\"1620\" height=\"1080\" src=\"https:\/\/airedefiestacuba.com\/wp-content\/uploads\/2024\/04\/bridal-makeup-havana-old-town.jpg\" class=\"attachment-full size-full wp-image-4088\" alt=\"El maquillista aplicando el maquillaje a la novia durante los preparativos en La Habana Vieja\" srcset=\"https:\/\/airedefiestacuba.com\/wp-content\/uploads\/2024\/04\/bridal-makeup-havana-old-town.jpg 1620w, https:\/\/airedefiestacuba.com\/wp-content\/uploads\/2024\/04\/bridal-makeup-havana-old-town-300x200.jpg 300w, https:\/\/airedefiestacuba.com\/wp-content\/uploads\/2024\/04\/bridal-makeup-havana-old-town-1024x683.jpg 1024w, https:\/\/airedefiestacuba.com\/wp-content\/uploads\/2024\/04\/bridal-makeup-havana-old-town-768x512.jpg 768w, https:\/\/airedefiestacuba.com\/wp-content\/uploads\/2024\/04\/bridal-makeup-havana-old-town-1536x1024.jpg 1536w, https:\/\/airedefiestacuba.com\/wp-content\/uploads\/2024\/04\/bridal-makeup-havana-old-town-18x12.jpg 18w\" sizes=\"(max-width: 1620px) 100vw, 1620px\" \/>\t\t\t\t\t\t\t\t\t\t\t\t\t\t\t<\/div>\n\t\t\t\t<\/div>\n\t\t\t\t\t<\/div>\n\t\t\t\t<\/div>\n\t\t<div class=\"elementor-element elementor-element-5b5cf51e e-flex e-con-boxed e-con e-parent\" data-id=\"5b5cf51e\" data-element_type=\"container\">\n\t\t\t\t\t<div class=\"e-con-inner\">\n\t\t\t\t<div class=\"elementor-element elementor-element-3c5f6c4 e-transform e-transform elementor-widget elementor-widget-image\" data-id=\"3c5f6c4\" data-element_type=\"widget\" data-settings=\"{&quot;_transform_flipX_effect&quot;:&quot;transform&quot;,&quot;_transform_scaleX_effect&quot;:{&quot;unit&quot;:&quot;px&quot;,&quot;size&quot;:&quot;&quot;,&quot;sizes&quot;:[]},&quot;_transform_scaleX_effect_tablet&quot;:{&quot;unit&quot;:&quot;px&quot;,&quot;size&quot;:&quot;&quot;,&quot;sizes&quot;:[]},&quot;_transform_scaleX_effect_mobile&quot;:{&quot;unit&quot;:&quot;px&quot;,&quot;size&quot;:&quot;&quot;,&quot;sizes&quot;:[]},&quot;_transform_scaleY_effect&quot;:{&quot;unit&quot;:&quot;px&quot;,&quot;size&quot;:&quot;&quot;,&quot;sizes&quot;:[]},&quot;_transform_scaleY_effect_tablet&quot;:{&quot;unit&quot;:&quot;px&quot;,&quot;size&quot;:&quot;&quot;,&quot;sizes&quot;:[]},&quot;_transform_scaleY_effect_mobile&quot;:{&quot;unit&quot;:&quot;px&quot;,&quot;size&quot;:&quot;&quot;,&quot;sizes&quot;:[]}}\" data-widget_type=\"image.default\">\n\t\t\t\t<div class=\"elementor-widget-container\">\n\t\t\t\t\t\t\t\t\t\t\t\t\t\t\t<img decoding=\"async\" src=\"https:\/\/airedefiestacuba.com\/wp-content\/uploads\/2024\/04\/groom-details-havana-old-town-1024x683.jpg\" title=\"\" alt=\"\" loading=\"lazy\" \/>\t\t\t\t\t\t\t\t\t\t\t\t\t\t\t<\/div>\n\t\t\t\t<\/div>\n\t\t\t\t\t<\/div>\n\t\t\t\t<\/div>\n\t\t<div class=\"elementor-element elementor-element-47bcf1e e-flex e-con-boxed e-con e-parent\" data-id=\"47bcf1e\" data-element_type=\"container\">\n\t\t\t\t\t<div class=\"e-con-inner\">\n\t\t\t\t<div class=\"elementor-element elementor-element-203f35d elementor-widget elementor-widget-image\" data-id=\"203f35d\" data-element_type=\"widget\" data-widget_type=\"image.default\">\n\t\t\t\t<div class=\"elementor-widget-container\">\n\t\t\t\t\t\t\t\t\t\t\t\t\t\t\t<img decoding=\"async\" src=\"https:\/\/airedefiestacuba.com\/wp-content\/uploads\/2024\/04\/groom-party-havana-old-town-1024x683.jpg\" title=\"\" alt=\"\" loading=\"lazy\" \/>\t\t\t\t\t\t\t\t\t\t\t\t\t\t\t<\/div>\n\t\t\t\t<\/div>\n\t\t\t\t\t<\/div>\n\t\t\t\t<\/div>\n\t\t<div class=\"elementor-element elementor-element-cc85344 e-flex e-con-boxed e-con e-parent\" data-id=\"cc85344\" data-element_type=\"container\">\n\t\t\t\t\t<div class=\"e-con-inner\">\n\t\t\t\t<div class=\"elementor-element elementor-element-5d4bd66 elementor-widget elementor-widget-image\" data-id=\"5d4bd66\" data-element_type=\"widget\" data-widget_type=\"image.default\">\n\t\t\t\t<div class=\"elementor-widget-container\">\n\t\t\t\t\t\t\t\t\t\t\t\t\t\t\t<img decoding=\"async\" src=\"https:\/\/airedefiestacuba.com\/wp-content\/uploads\/2024\/04\/bride-going-downstairs-havana-old-town-1024x683.jpg\" title=\"\" alt=\"\" loading=\"lazy\" \/>\t\t\t\t\t\t\t\t\t\t\t\t\t\t\t<\/div>\n\t\t\t\t<\/div>\n\t\t\t\t\t<\/div>\n\t\t\t\t<\/div>\n\t\t<div class=\"elementor-element elementor-element-4c2fd367 e-flex e-con-boxed e-con e-parent\" data-id=\"4c2fd367\" data-element_type=\"container\">\n\t\t\t\t\t<div class=\"e-con-inner\">\n\t\t<div class=\"elementor-element elementor-element-2b39ff98 e-con-full e-flex e-con e-child\" data-id=\"2b39ff98\" data-element_type=\"container\">\n\t\t\t\t<div class=\"elementor-element elementor-element-45092715 elementor-widget elementor-widget-image\" data-id=\"45092715\" data-element_type=\"widget\" data-widget_type=\"image.default\">\n\t\t\t\t<div class=\"elementor-widget-container\">\n\t\t\t\t\t\t\t\t\t\t\t\t\t\t\t<img decoding=\"async\" src=\"https:\/\/airedefiestacuba.com\/wp-content\/uploads\/2024\/04\/bride-balcony-havana-vieja-wedding-683x1024.jpg\" title=\"\" alt=\"\" loading=\"lazy\" \/>\t\t\t\t\t\t\t\t\t\t\t\t\t\t\t<\/div>\n\t\t\t\t<\/div>\n\t\t\t\t<\/div>\n\t\t<div class=\"elementor-element elementor-element-359f6d6f e-con-full e-flex e-con e-child\" data-id=\"359f6d6f\" data-element_type=\"container\">\n\t\t\t\t<div class=\"elementor-element elementor-element-4ab9be62 elementor-widget elementor-widget-image\" data-id=\"4ab9be62\" data-element_type=\"widget\" data-widget_type=\"image.default\">\n\t\t\t\t<div class=\"elementor-widget-container\">\n\t\t\t\t\t\t\t\t\t\t\t\t\t\t\t<img decoding=\"async\" src=\"https:\/\/airedefiestacuba.com\/wp-content\/uploads\/2024\/04\/bride-carriage-arrival-havana-vieja-683x1024.jpg\" title=\"\" alt=\"\" loading=\"lazy\" \/>\t\t\t\t\t\t\t\t\t\t\t\t\t\t\t<\/div>\n\t\t\t\t<\/div>\n\t\t\t\t<\/div>\n\t\t\t\t\t<\/div>\n\t\t\t\t<\/div>\n\t\t<div class=\"elementor-element elementor-element-5feb5f81 e-flex e-con-boxed e-con e-parent\" data-id=\"5feb5f81\" data-element_type=\"container\">\n\t\t\t\t\t<div class=\"e-con-inner\">\n\t\t\t\t<div class=\"elementor-element elementor-element-313ad288 elementor-widget elementor-widget-image\" data-id=\"313ad288\" data-element_type=\"widget\" data-widget_type=\"image.default\">\n\t\t\t\t<div class=\"elementor-widget-container\">\n\t\t\t\t\t\t\t\t\t\t\t\t\t\t\t<img decoding=\"async\" src=\"https:\/\/airedefiestacuba.com\/wp-content\/uploads\/2024\/04\/floral-gazebo-havana-vieja-wedding-1024x683.jpg\" title=\"\" alt=\"\" loading=\"lazy\" \/>\t\t\t\t\t\t\t\t\t\t\t\t\t\t\t<\/div>\n\t\t\t\t<\/div>\n\t\t\t\t\t<\/div>\n\t\t\t\t<\/div>\n\t\t<div class=\"elementor-element elementor-element-907f0f1 e-flex e-con-boxed e-con e-parent\" data-id=\"907f0f1\" data-element_type=\"container\">\n\t\t\t\t\t<div class=\"e-con-inner\">\n\t\t\t\t<div class=\"elementor-element elementor-element-b07fc5d elementor-widget elementor-widget-image\" data-id=\"b07fc5d\" data-element_type=\"widget\" data-widget_type=\"image.default\">\n\t\t\t\t<div class=\"elementor-widget-container\">\n\t\t\t\t\t\t\t\t\t\t\t\t\t\t\t<img decoding=\"async\" src=\"https:\/\/airedefiestacuba.com\/wp-content\/uploads\/2024\/04\/wedding-aisle-flowers-havana-vieja-1024x683.jpg\" title=\"\" alt=\"\" loading=\"lazy\" \/>\t\t\t\t\t\t\t\t\t\t\t\t\t\t\t<\/div>\n\t\t\t\t<\/div>\n\t\t\t\t\t<\/div>\n\t\t\t\t<\/div>\n\t\t<div class=\"elementor-element elementor-element-275f33ef e-flex e-con-boxed e-con e-parent\" data-id=\"275f33ef\" data-element_type=\"container\">\n\t\t\t\t\t<div class=\"e-con-inner\">\n\t\t\t\t<div class=\"elementor-element elementor-element-3f009506 elementor-widget elementor-widget-image\" data-id=\"3f009506\" data-element_type=\"widget\" data-widget_type=\"image.default\">\n\t\t\t\t<div class=\"elementor-widget-container\">\n\t\t\t\t\t\t\t\t\t\t\t\t\t\t\t<img decoding=\"async\" src=\"https:\/\/airedefiestacuba.com\/wp-content\/uploads\/2024\/04\/bride-entrance-havana-vieja-wedding-1024x683.jpg\" title=\"\" alt=\"\" loading=\"lazy\" \/>\t\t\t\t\t\t\t\t\t\t\t\t\t\t\t<\/div>\n\t\t\t\t<\/div>\n\t\t\t\t\t<\/div>\n\t\t\t\t<\/div>\n\t\t<div class=\"elementor-element elementor-element-77fc22fe e-flex e-con-boxed e-con e-parent\" data-id=\"77fc22fe\" data-element_type=\"container\">\n\t\t\t\t\t<div class=\"e-con-inner\">\n\t\t<div class=\"elementor-element elementor-element-1e74bd86 e-con-full e-flex e-con e-child\" data-id=\"1e74bd86\" data-element_type=\"container\">\n\t\t\t\t<div class=\"elementor-element elementor-element-19ba0628 elementor-widget elementor-widget-image\" data-id=\"19ba0628\" data-element_type=\"widget\" data-widget_type=\"image.default\">\n\t\t\t\t<div class=\"elementor-widget-container\">\n\t\t\t\t\t\t\t\t\t\t\t\t\t\t\t<img decoding=\"async\" src=\"https:\/\/airedefiestacuba.com\/wp-content\/uploads\/2024\/04\/wedding-altar-floral-havana-old-town-683x1024.jpg\" title=\"\" alt=\"\" loading=\"lazy\" \/>\t\t\t\t\t\t\t\t\t\t\t\t\t\t\t<\/div>\n\t\t\t\t<\/div>\n\t\t\t\t<\/div>\n\t\t<div class=\"elementor-element elementor-element-5d5c62c4 e-con-full e-flex e-con e-child\" data-id=\"5d5c62c4\" data-element_type=\"container\">\n\t\t\t\t<div class=\"elementor-element elementor-element-3203261b elementor-widget elementor-widget-image\" data-id=\"3203261b\" data-element_type=\"widget\" data-widget_type=\"image.default\">\n\t\t\t\t<div class=\"elementor-widget-container\">\n\t\t\t\t\t\t\t\t\t\t\t\t\t\t\t<img decoding=\"async\" src=\"https:\/\/airedefiestacuba.com\/wp-content\/uploads\/2024\/04\/bride-closeup-vows-havana-wedding-683x1024.jpg\" title=\"\" alt=\"\" loading=\"lazy\" \/>\t\t\t\t\t\t\t\t\t\t\t\t\t\t\t<\/div>\n\t\t\t\t<\/div>\n\t\t\t\t<\/div>\n\t\t\t\t\t<\/div>\n\t\t\t\t<\/div>\n\t\t<div class=\"elementor-element elementor-element-12e54a1 e-flex e-con-boxed e-con e-parent\" data-id=\"12e54a1\" data-element_type=\"container\">\n\t\t\t\t\t<div class=\"e-con-inner\">\n\t\t\t\t<div class=\"elementor-element elementor-element-b1e6850 elementor-widget elementor-widget-image\" data-id=\"b1e6850\" data-element_type=\"widget\" data-widget_type=\"image.default\">\n\t\t\t\t<div class=\"elementor-widget-container\">\n\t\t\t\t\t\t\t\t\t\t\t\t\t\t\t<img decoding=\"async\" src=\"https:\/\/airedefiestacuba.com\/wp-content\/uploads\/2024\/04\/vows-laughs-old-havana-wedding-1024x683.jpg\" title=\"\" alt=\"\" loading=\"lazy\" \/>\t\t\t\t\t\t\t\t\t\t\t\t\t\t\t<\/div>\n\t\t\t\t<\/div>\n\t\t\t\t\t<\/div>\n\t\t\t\t<\/div>\n\t\t<div class=\"elementor-element elementor-element-03564e9 e-flex e-con-boxed e-con e-parent\" data-id=\"03564e9\" data-element_type=\"container\">\n\t\t\t\t\t<div class=\"e-con-inner\">\n\t\t<div class=\"elementor-element elementor-element-6ae8008 e-con-full e-flex e-con e-child\" data-id=\"6ae8008\" data-element_type=\"container\">\n\t\t\t\t<div class=\"elementor-element elementor-element-2c73364 elementor-widget elementor-widget-image\" data-id=\"2c73364\" data-element_type=\"widget\" data-widget_type=\"image.default\">\n\t\t\t\t<div class=\"elementor-widget-container\">\n\t\t\t\t\t\t\t\t\t\t\t\t\t\t\t<img decoding=\"async\" src=\"https:\/\/airedefiestacuba.com\/wp-content\/uploads\/2024\/04\/john-looks-at-bride-havana-vieja-wedding-683x1024.jpg\" title=\"\" alt=\"\" loading=\"lazy\" \/>\t\t\t\t\t\t\t\t\t\t\t\t\t\t\t<\/div>\n\t\t\t\t<\/div>\n\t\t\t\t<\/div>\n\t\t<div class=\"elementor-element elementor-element-088afb0 e-con-full e-flex e-con e-child\" data-id=\"088afb0\" data-element_type=\"container\">\n\t\t\t\t<div class=\"elementor-element elementor-element-b7ccc30 elementor-widget elementor-widget-image\" data-id=\"b7ccc30\" data-element_type=\"widget\" data-widget_type=\"image.default\">\n\t\t\t\t<div class=\"elementor-widget-container\">\n\t\t\t\t\t\t\t\t\t\t\t\t\t\t\t<img decoding=\"async\" src=\"https:\/\/airedefiestacuba.com\/wp-content\/uploads\/2024\/04\/family-speech-wedding-ceremony-havana-vieja-683x1024.jpg\" title=\"\" alt=\"\" loading=\"lazy\" \/>\t\t\t\t\t\t\t\t\t\t\t\t\t\t\t<\/div>\n\t\t\t\t<\/div>\n\t\t\t\t<\/div>\n\t\t\t\t\t<\/div>\n\t\t\t\t<\/div>\n\t\t<div class=\"elementor-element elementor-element-5f884e8 e-flex e-con-boxed e-con e-parent\" data-id=\"5f884e8\" data-element_type=\"container\">\n\t\t\t\t\t<div class=\"e-con-inner\">\n\t\t\t\t<div class=\"elementor-element elementor-element-6346a47 elementor-widget elementor-widget-image\" data-id=\"6346a47\" data-element_type=\"widget\" data-widget_type=\"image.default\">\n\t\t\t\t<div class=\"elementor-widget-container\">\n\t\t\t\t\t\t\t\t\t\t\t\t\t\t\t<img decoding=\"async\" src=\"https:\/\/airedefiestacuba.com\/wp-content\/uploads\/2024\/04\/wedding-kiss-havana-vieja-ceremony-1024x683.jpg\" title=\"\" alt=\"\" loading=\"lazy\" \/>\t\t\t\t\t\t\t\t\t\t\t\t\t\t\t<\/div>\n\t\t\t\t<\/div>\n\t\t\t\t\t<\/div>\n\t\t\t\t<\/div>\n\t\t<div class=\"elementor-element elementor-element-5a03d60 e-flex e-con-boxed e-con e-parent\" data-id=\"5a03d60\" data-element_type=\"container\">\n\t\t\t\t\t<div class=\"e-con-inner\">\n\t\t<div class=\"elementor-element elementor-element-fcf49f7 e-con-full e-flex e-con e-child\" data-id=\"fcf49f7\" data-element_type=\"container\">\n\t\t\t\t<div class=\"elementor-element elementor-element-a548216 elementor-widget elementor-widget-image\" data-id=\"a548216\" data-element_type=\"widget\" data-widget_type=\"image.default\">\n\t\t\t\t<div class=\"elementor-widget-container\">\n\t\t\t\t\t\t\t\t\t\t\t\t\t\t\t<img decoding=\"async\" src=\"https:\/\/airedefiestacuba.com\/wp-content\/uploads\/2024\/04\/just-married-havana-vieja-photo-683x1024.jpg\" title=\"\" alt=\"\" loading=\"lazy\" \/>\t\t\t\t\t\t\t\t\t\t\t\t\t\t\t<\/div>\n\t\t\t\t<\/div>\n\t\t\t\t<\/div>\n\t\t<div class=\"elementor-element elementor-element-7675cf2 e-con-full e-flex e-con e-child\" data-id=\"7675cf2\" data-element_type=\"container\">\n\t\t\t\t<div class=\"elementor-element elementor-element-447a96e elementor-widget elementor-widget-image\" data-id=\"447a96e\" data-element_type=\"widget\" data-widget_type=\"image.default\">\n\t\t\t\t<div class=\"elementor-widget-container\">\n\t\t\t\t\t\t\t\t\t\t\t\t\t\t\t<img decoding=\"async\" src=\"https:\/\/airedefiestacuba.com\/wp-content\/uploads\/2024\/04\/wedding-couple-walking-havana-vieja-683x1024.jpg\" title=\"\" alt=\"\" loading=\"lazy\" \/>\t\t\t\t\t\t\t\t\t\t\t\t\t\t\t<\/div>\n\t\t\t\t<\/div>\n\t\t\t\t<\/div>\n\t\t\t\t\t<\/div>\n\t\t\t\t<\/div>\n\t\t<div class=\"elementor-element elementor-element-e77395a e-flex e-con-boxed e-con e-parent\" data-id=\"e77395a\" data-element_type=\"container\">\n\t\t\t\t\t<div class=\"e-con-inner\">\n\t\t\t\t<div class=\"elementor-element elementor-element-29d9a51 elementor-widget elementor-widget-image\" data-id=\"29d9a51\" data-element_type=\"widget\" data-widget_type=\"image.default\">\n\t\t\t\t<div class=\"elementor-widget-container\">\n\t\t\t\t\t\t\t\t\t\t\t\t\t\t\t<img decoding=\"async\" src=\"https:\/\/airedefiestacuba.com\/wp-content\/uploads\/2024\/04\/wedding-street-parade-havana-vieja-1024x683.jpg\" title=\"\" alt=\"\" loading=\"lazy\" \/>\t\t\t\t\t\t\t\t\t\t\t\t\t\t\t<\/div>\n\t\t\t\t<\/div>\n\t\t\t\t\t<\/div>\n\t\t\t\t<\/div>\n\t\t<div class=\"elementor-element elementor-element-dcecbe5 e-flex e-con-boxed e-con e-parent\" data-id=\"dcecbe5\" data-element_type=\"container\">\n\t\t\t\t\t<div class=\"e-con-inner\">\n\t\t\t\t<div class=\"elementor-element elementor-element-e1d41ef elementor-widget elementor-widget-image\" data-id=\"e1d41ef\" data-element_type=\"widget\" data-widget_type=\"image.default\">\n\t\t\t\t<div class=\"elementor-widget-container\">\n\t\t\t\t\t\t\t\t\t\t\t\t\t\t\t<img decoding=\"async\" src=\"https:\/\/airedefiestacuba.com\/wp-content\/uploads\/2024\/04\/wedding-drummers-havana-vieja-1024x683.jpg\" title=\"\" alt=\"\" loading=\"lazy\" \/>\t\t\t\t\t\t\t\t\t\t\t\t\t\t\t<\/div>\n\t\t\t\t<\/div>\n\t\t\t\t\t<\/div>\n\t\t\t\t<\/div>\n\t\t<div class=\"elementor-element elementor-element-9f1ec16 e-flex e-con-boxed e-con e-parent\" data-id=\"9f1ec16\" data-element_type=\"container\">\n\t\t\t\t\t<div class=\"e-con-inner\">\n\t\t\t\t<div class=\"elementor-element elementor-element-98388e2 elementor-widget elementor-widget-image\" data-id=\"98388e2\" data-element_type=\"widget\" data-widget_type=\"image.default\">\n\t\t\t\t<div class=\"elementor-widget-container\">\n\t\t\t\t\t\t\t\t\t\t\t\t\t\t\t<img decoding=\"async\" src=\"https:\/\/airedefiestacuba.com\/wp-content\/uploads\/2024\/04\/wedding-selfie-havana-vieja-1024x683.jpg\" title=\"\" alt=\"\" loading=\"lazy\" \/>\t\t\t\t\t\t\t\t\t\t\t\t\t\t\t<\/div>\n\t\t\t\t<\/div>\n\t\t\t\t\t<\/div>\n\t\t\t\t<\/div>\n\t\t<div class=\"elementor-element elementor-element-1dbb8f0 e-flex e-con-boxed e-con e-parent\" data-id=\"1dbb8f0\" data-element_type=\"container\">\n\t\t\t\t\t<div class=\"e-con-inner\">\n\t\t\t\t<div class=\"elementor-element elementor-element-44a3ad0 elementor-widget elementor-widget-image\" data-id=\"44a3ad0\" data-element_type=\"widget\" data-widget_type=\"image.default\">\n\t\t\t\t<div class=\"elementor-widget-container\">\n\t\t\t\t\t\t\t\t\t\t\t\t\t\t\t<img decoding=\"async\" src=\"https:\/\/airedefiestacuba.com\/wp-content\/uploads\/2024\/04\/rumba-boda-en-la-habana-vieja-1024x683.jpg\" title=\"\" alt=\"\" loading=\"lazy\" \/>\t\t\t\t\t\t\t\t\t\t\t\t\t\t\t<\/div>\n\t\t\t\t<\/div>\n\t\t\t\t\t<\/div>\n\t\t\t\t<\/div>\n\t\t<div class=\"elementor-element elementor-element-21a26ca e-flex e-con-boxed e-con e-parent\" data-id=\"21a26ca\" data-element_type=\"container\">\n\t\t\t\t\t<div class=\"e-con-inner\">\n\t\t\t\t<div class=\"elementor-element elementor-element-e70a06a elementor-widget elementor-widget-image\" data-id=\"e70a06a\" data-element_type=\"widget\" data-widget_type=\"image.default\">\n\t\t\t\t<div class=\"elementor-widget-container\">\n\t\t\t\t\t\t\t\t\t\t\t\t\t\t\t<img decoding=\"async\" src=\"https:\/\/airedefiestacuba.com\/wp-content\/uploads\/2024\/04\/wedding-portrait-havana-old-town-sea-1024x683.jpg\" title=\"\" alt=\"\" loading=\"lazy\" \/>\t\t\t\t\t\t\t\t\t\t\t\t\t\t\t<\/div>\n\t\t\t\t<\/div>\n\t\t\t\t\t<\/div>\n\t\t\t\t<\/div>\n\t\t<div class=\"elementor-element elementor-element-04ef060 e-flex e-con-boxed e-con e-parent\" data-id=\"04ef060\" data-element_type=\"container\">\n\t\t\t\t\t<div class=\"e-con-inner\">\n\t\t\t\t<div class=\"elementor-element elementor-element-4f3099e elementor-widget elementor-widget-image\" data-id=\"4f3099e\" data-element_type=\"widget\" data-widget_type=\"image.default\">\n\t\t\t\t<div class=\"elementor-widget-container\">\n\t\t\t\t\t\t\t\t\t\t\t\t\t\t\t<img decoding=\"async\" src=\"https:\/\/airedefiestacuba.com\/wp-content\/uploads\/2024\/04\/bridal-party-havana-old-town-wedding-1024x683.jpg\" title=\"\" alt=\"\" loading=\"lazy\" \/>\t\t\t\t\t\t\t\t\t\t\t\t\t\t\t<\/div>\n\t\t\t\t<\/div>\n\t\t\t\t\t<\/div>\n\t\t\t\t<\/div>\n\t\t<div class=\"elementor-element elementor-element-e1c9ddd e-flex e-con-boxed e-con e-parent\" data-id=\"e1c9ddd\" data-element_type=\"container\">\n\t\t\t\t\t<div class=\"e-con-inner\">\n\t\t\t\t<div class=\"elementor-element elementor-element-bc810ec elementor-widget elementor-widget-image\" data-id=\"bc810ec\" data-element_type=\"widget\" data-widget_type=\"image.default\">\n\t\t\t\t<div class=\"elementor-widget-container\">\n\t\t\t\t\t\t\t\t\t\t\t\t\t\t\t<img decoding=\"async\" src=\"https:\/\/airedefiestacuba.com\/wp-content\/uploads\/2024\/04\/floral-photocall-havana-old-town-wedding-1024x683.jpg\" title=\"\" alt=\"\" loading=\"lazy\" \/>\t\t\t\t\t\t\t\t\t\t\t\t\t\t\t<\/div>\n\t\t\t\t<\/div>\n\t\t\t\t\t<\/div>\n\t\t\t\t<\/div>\n\t\t<div class=\"elementor-element elementor-element-2033a8e e-flex e-con-boxed e-con e-parent\" data-id=\"2033a8e\" data-element_type=\"container\">\n\t\t\t\t\t<div class=\"e-con-inner\">\n\t\t\t\t<div class=\"elementor-element elementor-element-cec1c85 elementor-widget elementor-widget-image\" data-id=\"cec1c85\" data-element_type=\"widget\" data-widget_type=\"image.default\">\n\t\t\t\t<div class=\"elementor-widget-container\">\n\t\t\t\t\t\t\t\t\t\t\t\t\t\t\t<img decoding=\"async\" src=\"https:\/\/airedefiestacuba.com\/wp-content\/uploads\/2024\/04\/wedding-havana-vieja-evening-reception-decoration-1024x683.jpg\" title=\"\" alt=\"\" loading=\"lazy\" \/>\t\t\t\t\t\t\t\t\t\t\t\t\t\t\t<\/div>\n\t\t\t\t<\/div>\n\t\t\t\t\t<\/div>\n\t\t\t\t<\/div>\n\t\t<div class=\"elementor-element elementor-element-f18f537 e-flex e-con-boxed e-con e-parent\" data-id=\"f18f537\" data-element_type=\"container\">\n\t\t\t\t\t<div class=\"e-con-inner\">\n\t\t\t\t<div class=\"elementor-element elementor-element-5f61960 elementor-widget elementor-widget-image\" data-id=\"5f61960\" data-element_type=\"widget\" data-widget_type=\"image.default\">\n\t\t\t\t<div class=\"elementor-widget-container\">\n\t\t\t\t\t\t\t\t\t\t\t\t\t\t\t<img decoding=\"async\" src=\"https:\/\/airedefiestacuba.com\/wp-content\/uploads\/2024\/04\/bride-groom-havana-old-town-wedding-table-1024x683.jpg\" title=\"\" alt=\"\" loading=\"lazy\" \/>\t\t\t\t\t\t\t\t\t\t\t\t\t\t\t<\/div>\n\t\t\t\t<\/div>\n\t\t\t\t\t<\/div>\n\t\t\t\t<\/div>\n\t\t<div class=\"elementor-element elementor-element-ce23c09 e-flex e-con-boxed e-con e-parent\" data-id=\"ce23c09\" data-element_type=\"container\">\n\t\t\t\t\t<div class=\"e-con-inner\">\n\t\t\t\t<div class=\"elementor-element elementor-element-0c3e74c elementor-widget elementor-widget-image\" data-id=\"0c3e74c\" data-element_type=\"widget\" data-widget_type=\"image.default\">\n\t\t\t\t<div class=\"elementor-widget-container\">\n\t\t\t\t\t\t\t\t\t\t\t\t\t\t\t<img decoding=\"async\" src=\"https:\/\/airedefiestacuba.com\/wp-content\/uploads\/2024\/04\/havana-vieja-wedding-reception-night-view-1024x683.jpg\" title=\"\" alt=\"\" loading=\"lazy\" \/>\t\t\t\t\t\t\t\t\t\t\t\t\t\t\t<\/div>\n\t\t\t\t<\/div>\n\t\t\t\t\t<\/div>\n\t\t\t\t<\/div>\n\t\t<div class=\"elementor-element elementor-element-43199da1 e-flex e-con-boxed e-con e-parent\" data-id=\"43199da1\" data-element_type=\"container\">\n\t\t\t\t\t<div class=\"e-con-inner\">\n\t\t\t\t<div class=\"elementor-element elementor-element-326b47f5 elementor-widget elementor-widget-text-editor\" data-id=\"326b47f5\" data-element_type=\"widget\" data-widget_type=\"text-editor.default\">\n\t\t\t\t<div class=\"elementor-widget-container\">\n\t\t\t\t\t\t\t\t\t<p class=\"texto-image\" style=\"text-align: center;\"><strong>\u041f\u041e\u0414\u0415\u041b\u0418\u0422\u0415\u0421\u042c \u042d\u0422\u0418\u041c \u041c\u041e\u041c\u0415\u041d\u0422\u041e\u041c<\/strong><\/p>\t\t\t\t\t\t\t\t<\/div>\n\t\t\t\t<\/div>\n\t\t\t\t\t<\/div>\n\t\t\t\t<\/div>\n\t\t\t\t<\/div>","protected":false},"excerpt":{"rendered":"<p>\u0421\u0442\u0430\u0440\u0430\u044f \u0413\u0430\u0432\u0430\u043d\u0430 \u2014 \u043e\u0434\u043d\u043e \u0438\u0437 \u0442\u0435\u0445 \u043c\u0435\u0441\u0442, \u043a\u043e\u0442\u043e\u0440\u043e\u0435 \u0437\u0430\u0432\u043e\u0440\u0430\u0436\u0438\u0432\u0430\u0435\u0442. \u042d\u0442\u0438 \u043c\u043e\u043b\u043e\u0434\u043e\u0436\u0451\u043d\u044b \u0442\u043e\u0436\u0435 \u043f\u043e\u0434\u0434\u0430\u043b\u0438\u0441\u044c \u0435\u0451 \u043c\u0430\u0433\u0438\u0438 \u0438 \u0432\u044b\u0431\u0440\u0430\u043b\u0438 \u043a\u0440\u0430\u0441\u0438\u0432\u0443\u044e \u0438\u0441\u0442\u043e\u0440\u0438\u0447\u0435\u0441\u043a\u0443\u044e \u043b\u043e\u043a\u0430\u0446\u0438\u044e \u0434\u043b\u044f \u0446\u0435\u0440\u0435\u043c\u043e\u043d\u0438\u0438.<\/p>","protected":false},"author":12,"featured_media":4102,"comment_status":"open","ping_status":"open","sticky":false,"template":"","format":"image","meta":{"site-sidebar-layout":"default","site-content-layout":"","ast-site-content-layout":"default","site-content-style":"boxed","site-sidebar-style":"default","ast-global-header-display":"","ast-banner-title-visibility":"disabled","ast-main-header-display":"","ast-hfb-above-header-display":"","ast-hfb-below-header-display":"","ast-hfb-mobile-header-display":"","site-post-title":"","ast-breadcrumbs-content":"","ast-featured-img":"","footer-sml-layout":"","theme-transparent-header-meta":"","adv-header-id-meta":"","stick-header-meta":"","header-above-stick-meta":"","header-main-stick-meta":"","header-below-stick-meta":"","astra-migrate-meta-layouts":"set","ast-page-background-enabled":"default","ast-page-background-meta":{"desktop":{"background-color":"var(--ast-global-color-4)","background-image":"","background-repeat":"repeat","background-position":"center center","background-size":"auto","background-attachment":"scroll","background-type":"","background-media":"","overlay-type":"","overlay-color":"","overlay-opacity":"","overlay-gradient":""},"tablet":{"background-color":"","background-image":"","background-repeat":"repeat","background-position":"center center","background-size":"auto","background-attachment":"scroll","background-type":"","background-media":"","overlay-type":"","overlay-color":"","overlay-opacity":"","overlay-gradient":""},"mobile":{"background-color":"","background-image":"","background-repeat":"repeat","background-position":"center center","background-size":"auto","background-attachment":"scroll","background-type":"","background-media":"","overlay-type":"","overlay-color":"","overlay-opacity":"","overlay-gradient":""}},"ast-content-background-meta":{"desktop":{"background-color":"var(--ast-global-color-5)","background-image":"","background-repeat":"repeat","background-position":"center center","background-size":"auto","background-attachment":"scroll","background-type":"","background-media":"","overlay-type":"","overlay-color":"","overlay-opacity":"","overlay-gradient":""},"tablet":{"background-color":"var(--ast-global-color-5)","background-image":"","background-repeat":"repeat","background-position":"center center","background-size":"auto","background-attachment":"scroll","background-type":"","background-media":"","overlay-type":"","overlay-color":"","overlay-opacity":"","overlay-gradient":""},"mobile":{"background-color":"var(--ast-global-color-5)","background-image":"","background-repeat":"repeat","background-position":"center center","background-size":"auto","background-attachment":"scroll","background-type":"","background-media":"","overlay-type":"","overlay-color":"","overlay-opacity":"","overlay-gradient":""}},"footnotes":""},"categories":[17,258],"tags":[208],"class_list":["post-15349","post","type-post","status-publish","format-image","has-post-thumbnail","hentry","category-bodas","category-bodas-en-la-habana","tag-mabel-y-jhon","post_format-post-format-image"],"yoast_head":"<!-- This site is optimized with the Yoast SEO Premium plugin v24.1 (Yoast SEO v26.7) - https:\/\/yoast.com\/wordpress\/plugins\/seo\/ -->\n<title>Boda en La Habana Vieja colonial: Mabel y Jhon | Aire de Fiesta<\/title>\n<meta name=\"description\" content=\"La Habana Vieja es de esos lugares que siempre cautiva a quienes visitan Cuba y a esa magia no escaparon los novios de esta boda de destino.\" \/>\n<meta name=\"robots\" content=\"index, follow, max-snippet:-1, max-image-preview:large, max-video-preview:-1\" \/>\n<link rel=\"canonical\" href=\"https:\/\/airedefiestacuba.com\/ru\/boda-en-la-habana-vieja-mabel-y-john\/\" \/>\n<meta property=\"og:locale\" content=\"ru_RU\" \/>\n<meta property=\"og:type\" content=\"article\" \/>\n<meta property=\"og:title\" content=\"Boda en La Habana Vieja colonial: Mabel y Jhon\" \/>\n<meta property=\"og:description\" content=\"La Habana Vieja es de esos lugares que siempre cautiva a quienes visitan Cuba y a esa magia no escaparon los novios de esta boda de destino.\" \/>\n<meta property=\"og:url\" content=\"https:\/\/airedefiestacuba.com\/ru\/boda-en-la-habana-vieja-mabel-y-john\/\" \/>\n<meta property=\"og:site_name\" content=\"Bodas en Cuba | Organizadores Expertos con +10 A\u00f1os de \u00c9xito\" \/>\n<meta property=\"article:published_time\" content=\"2024-01-21T00:13:45+00:00\" \/>\n<meta property=\"article:modified_time\" content=\"2025-08-15T03:26:55+00:00\" \/>\n<meta property=\"og:image\" content=\"https:\/\/airedefiestacuba.com\/wp-content\/uploads\/2024\/04\/wedding-kiss-havana-vieja-ceremony.jpg\" \/>\n\t<meta property=\"og:image:width\" content=\"1620\" \/>\n\t<meta property=\"og:image:height\" content=\"1080\" \/>\n\t<meta property=\"og:image:type\" content=\"image\/jpeg\" \/>\n<meta name=\"author\" content=\"ailed\" \/>\n<meta name=\"twitter:card\" content=\"summary_large_image\" \/>\n<meta name=\"twitter:label1\" content=\"\u041d\u0430\u043f\u0438\u0441\u0430\u043d\u043e \u0430\u0432\u0442\u043e\u0440\u043e\u043c\" \/>\n\t<meta name=\"twitter:data1\" content=\"ailed\" \/>\n\t<meta name=\"twitter:label2\" content=\"\u041f\u0440\u0438\u043c\u0435\u0440\u043d\u043e\u0435 \u0432\u0440\u0435\u043c\u044f \u0434\u043b\u044f \u0447\u0442\u0435\u043d\u0438\u044f\" \/>\n\t<meta name=\"twitter:data2\" content=\"9 \u043c\u0438\u043d\u0443\u0442\" \/>\n<script type=\"application\/ld+json\" class=\"yoast-schema-graph\">{\"@context\":\"https:\/\/schema.org\",\"@graph\":[{\"@type\":\"Article\",\"@id\":\"https:\/\/airedefiestacuba.com\/boda-en-la-habana-vieja-mabel-y-john\/#article\",\"isPartOf\":{\"@id\":\"https:\/\/airedefiestacuba.com\/boda-en-la-habana-vieja-mabel-y-john\/\"},\"author\":{\"name\":\"ailed\",\"@id\":\"https:\/\/airedefiestacuba.com\/#\/schema\/person\/3f89c2fb00a7fa47156e22b78107b25b\"},\"headline\":\"Boda en La Habana Vieja colonial: Mabel y Jhon\",\"datePublished\":\"2024-01-21T00:13:45+00:00\",\"dateModified\":\"2025-08-15T03:26:55+00:00\",\"mainEntityOfPage\":{\"@id\":\"https:\/\/airedefiestacuba.com\/boda-en-la-habana-vieja-mabel-y-john\/\"},\"wordCount\":361,\"commentCount\":0,\"publisher\":{\"@id\":\"https:\/\/airedefiestacuba.com\/#organization\"},\"image\":{\"@id\":\"https:\/\/airedefiestacuba.com\/boda-en-la-habana-vieja-mabel-y-john\/#primaryimage\"},\"thumbnailUrl\":\"https:\/\/airedefiestacuba.com\/wp-content\/uploads\/2024\/04\/wedding-kiss-havana-vieja-ceremony.jpg\",\"keywords\":[\"Mabel y Jhon\"],\"articleSection\":[\"Bodas\",\"Habana\"],\"inLanguage\":\"ru-RU\",\"potentialAction\":[{\"@type\":\"CommentAction\",\"name\":\"Comment\",\"target\":[\"https:\/\/airedefiestacuba.com\/boda-en-la-habana-vieja-mabel-y-john\/#respond\"]}]},{\"@type\":\"WebPage\",\"@id\":\"https:\/\/airedefiestacuba.com\/boda-en-la-habana-vieja-mabel-y-john\/\",\"url\":\"https:\/\/airedefiestacuba.com\/boda-en-la-habana-vieja-mabel-y-john\/\",\"name\":\"Boda en La Habana Vieja colonial: Mabel y Jhon | Aire de Fiesta\",\"isPartOf\":{\"@id\":\"https:\/\/airedefiestacuba.com\/#website\"},\"primaryImageOfPage\":{\"@id\":\"https:\/\/airedefiestacuba.com\/boda-en-la-habana-vieja-mabel-y-john\/#primaryimage\"},\"image\":{\"@id\":\"https:\/\/airedefiestacuba.com\/boda-en-la-habana-vieja-mabel-y-john\/#primaryimage\"},\"thumbnailUrl\":\"https:\/\/airedefiestacuba.com\/wp-content\/uploads\/2024\/04\/wedding-kiss-havana-vieja-ceremony.jpg\",\"datePublished\":\"2024-01-21T00:13:45+00:00\",\"dateModified\":\"2025-08-15T03:26:55+00:00\",\"description\":\"La Habana Vieja es de esos lugares que siempre cautiva a quienes visitan Cuba y a esa magia no escaparon los novios de esta boda de destino.\",\"breadcrumb\":{\"@id\":\"https:\/\/airedefiestacuba.com\/boda-en-la-habana-vieja-mabel-y-john\/#breadcrumb\"},\"inLanguage\":\"ru-RU\",\"potentialAction\":[{\"@type\":\"ReadAction\",\"target\":[\"https:\/\/airedefiestacuba.com\/boda-en-la-habana-vieja-mabel-y-john\/\"]}]},{\"@type\":\"ImageObject\",\"inLanguage\":\"ru-RU\",\"@id\":\"https:\/\/airedefiestacuba.com\/boda-en-la-habana-vieja-mabel-y-john\/#primaryimage\",\"url\":\"https:\/\/airedefiestacuba.com\/wp-content\/uploads\/2024\/04\/wedding-kiss-havana-vieja-ceremony.jpg\",\"contentUrl\":\"https:\/\/airedefiestacuba.com\/wp-content\/uploads\/2024\/04\/wedding-kiss-havana-vieja-ceremony.jpg\",\"width\":1620,\"height\":1080,\"caption\":\"Aplausos y emoci\u00f3n acompa\u00f1aron el beso final de Mabel y John tras su boda en La Habana Vieja\"},{\"@type\":\"BreadcrumbList\",\"@id\":\"https:\/\/airedefiestacuba.com\/boda-en-la-habana-vieja-mabel-y-john\/#breadcrumb\",\"itemListElement\":[{\"@type\":\"ListItem\",\"position\":1,\"name\":\"Home\",\"item\":\"https:\/\/airedefiestacuba.com\/\"},{\"@type\":\"ListItem\",\"position\":2,\"name\":\"Boda en La Habana Vieja colonial: Mabel y Jhon\"}]},{\"@type\":\"WebSite\",\"@id\":\"https:\/\/airedefiestacuba.com\/#website\",\"url\":\"https:\/\/airedefiestacuba.com\/\",\"name\":\"Bodas en Cuba | Organizadores Expertos con +10 A\u00f1os de \u00c9xito\",\"description\":\"Expertos en bodas de destino en Cuba. Convertimos tu visi\u00f3n en una celebraci\u00f3n perfecta. Garantizamos que tu \u00fanico trabajo sea decir &quot;S\u00ed, quiero&quot;.\",\"publisher\":{\"@id\":\"https:\/\/airedefiestacuba.com\/#organization\"},\"potentialAction\":[{\"@type\":\"SearchAction\",\"target\":{\"@type\":\"EntryPoint\",\"urlTemplate\":\"https:\/\/airedefiestacuba.com\/?s={search_term_string}\"},\"query-input\":{\"@type\":\"PropertyValueSpecification\",\"valueRequired\":true,\"valueName\":\"search_term_string\"}}],\"inLanguage\":\"ru-RU\"},{\"@type\":\"Organization\",\"@id\":\"https:\/\/airedefiestacuba.com\/#organization\",\"name\":\"Bodas en Cuba | Organizadores Expertos con +10 A\u00f1os de \u00c9xito\",\"url\":\"https:\/\/airedefiestacuba.com\/\",\"logo\":{\"@type\":\"ImageObject\",\"inLanguage\":\"ru-RU\",\"@id\":\"https:\/\/airedefiestacuba.com\/#\/schema\/logo\/image\/\",\"url\":\"https:\/\/airedefiestacuba.com\/wp-content\/uploads\/2022\/03\/3Asset-3.png\",\"contentUrl\":\"https:\/\/airedefiestacuba.com\/wp-content\/uploads\/2022\/03\/3Asset-3.png\",\"width\":1460,\"height\":777,\"caption\":\"Bodas en Cuba | Organizadores Expertos con +10 A\u00f1os de \u00c9xito\"},\"image\":{\"@id\":\"https:\/\/airedefiestacuba.com\/#\/schema\/logo\/image\/\"}},{\"@type\":\"Person\",\"@id\":\"https:\/\/airedefiestacuba.com\/#\/schema\/person\/3f89c2fb00a7fa47156e22b78107b25b\",\"name\":\"ailed\",\"image\":{\"@type\":\"ImageObject\",\"inLanguage\":\"ru-RU\",\"@id\":\"https:\/\/airedefiestacuba.com\/#\/schema\/person\/image\/\",\"url\":\"https:\/\/secure.gravatar.com\/avatar\/466adaa94f1066169d9abcc5f552aa78d137192510749f18037d51b8f193125f?s=96&d=mm&r=g\",\"contentUrl\":\"https:\/\/secure.gravatar.com\/avatar\/466adaa94f1066169d9abcc5f552aa78d137192510749f18037d51b8f193125f?s=96&d=mm&r=g\",\"caption\":\"ailed\"}}]}<\/script>\n<!-- \/ Yoast SEO Premium plugin. -->","yoast_head_json":{"title":"Boda en La Habana Vieja colonial: Mabel y Jhon | Aire de Fiesta","description":"\u0421\u0442\u0430\u0440\u0430\u044f \u0413\u0430\u0432\u0430\u043d\u0430 \u2014 \u044d\u0442\u043e \u043e\u0434\u043d\u043e \u0438\u0437 \u0442\u0435\u0445 \u043c\u0435\u0441\u0442, \u043a\u043e\u0442\u043e\u0440\u043e\u0435 \u0432\u0441\u0435\u0433\u0434\u0430 \u043e\u0447\u0430\u0440\u043e\u0432\u044b\u0432\u0430\u0435\u0442 \u043f\u043e\u0441\u0435\u0442\u0438\u0442\u0435\u043b\u0435\u0439 \u041a\u0443\u0431\u044b, \u0438 \u043c\u0430\u0433\u0438\u044f \u044d\u0442\u043e\u0439 \u0441\u0432\u0430\u0434\u044c\u0431\u044b \u043d\u0435 \u043e\u0431\u043e\u0448\u043b\u0430 \u0441\u0442\u043e\u0440\u043e\u043d\u043e\u0439 \u043c\u043e\u043b\u043e\u0434\u043e\u0436\u0435\u043d\u043e\u0432.","robots":{"index":"index","follow":"follow","max-snippet":"max-snippet:-1","max-image-preview":"max-image-preview:large","max-video-preview":"max-video-preview:-1"},"canonical":"https:\/\/airedefiestacuba.com\/ru\/boda-en-la-habana-vieja-mabel-y-john\/","og_locale":"ru_RU","og_type":"article","og_title":"Boda en La Habana Vieja colonial: Mabel y Jhon","og_description":"La Habana Vieja es de esos lugares que siempre cautiva a quienes visitan Cuba y a esa magia no escaparon los novios de esta boda de destino.","og_url":"https:\/\/airedefiestacuba.com\/ru\/boda-en-la-habana-vieja-mabel-y-john\/","og_site_name":"Bodas en Cuba | Organizadores Expertos con +10 A\u00f1os de \u00c9xito","article_published_time":"2024-01-21T00:13:45+00:00","article_modified_time":"2025-08-15T03:26:55+00:00","og_image":[{"width":1620,"height":1080,"url":"https:\/\/airedefiestacuba.com\/wp-content\/uploads\/2024\/04\/wedding-kiss-havana-vieja-ceremony.jpg","type":"image\/jpeg"}],"author":"ailed","twitter_card":"summary_large_image","twitter_misc":{"\u041d\u0430\u043f\u0438\u0441\u0430\u043d\u043e \u0430\u0432\u0442\u043e\u0440\u043e\u043c":"ailed","\u041f\u0440\u0438\u043c\u0435\u0440\u043d\u043e\u0435 \u0432\u0440\u0435\u043c\u044f \u0434\u043b\u044f \u0447\u0442\u0435\u043d\u0438\u044f":"9 \u043c\u0438\u043d\u0443\u0442"},"schema":{"@context":"https:\/\/schema.org","@graph":[{"@type":"Article","@id":"https:\/\/airedefiestacuba.com\/boda-en-la-habana-vieja-mabel-y-john\/#article","isPartOf":{"@id":"https:\/\/airedefiestacuba.com\/boda-en-la-habana-vieja-mabel-y-john\/"},"author":{"name":"ailed","@id":"https:\/\/airedefiestacuba.com\/#\/schema\/person\/3f89c2fb00a7fa47156e22b78107b25b"},"headline":"Boda en La Habana Vieja colonial: Mabel y Jhon","datePublished":"2024-01-21T00:13:45+00:00","dateModified":"2025-08-15T03:26:55+00:00","mainEntityOfPage":{"@id":"https:\/\/airedefiestacuba.com\/boda-en-la-habana-vieja-mabel-y-john\/"},"wordCount":361,"commentCount":0,"publisher":{"@id":"https:\/\/airedefiestacuba.com\/#organization"},"image":{"@id":"https:\/\/airedefiestacuba.com\/boda-en-la-habana-vieja-mabel-y-john\/#primaryimage"},"thumbnailUrl":"https:\/\/airedefiestacuba.com\/wp-content\/uploads\/2024\/04\/wedding-kiss-havana-vieja-ceremony.jpg","keywords":["Mabel y Jhon"],"articleSection":["Bodas","Habana"],"inLanguage":"ru-RU","potentialAction":[{"@type":"CommentAction","name":"Comment","target":["https:\/\/airedefiestacuba.com\/boda-en-la-habana-vieja-mabel-y-john\/#respond"]}]},{"@type":"WebPage","@id":"https:\/\/airedefiestacuba.com\/boda-en-la-habana-vieja-mabel-y-john\/","url":"https:\/\/airedefiestacuba.com\/boda-en-la-habana-vieja-mabel-y-john\/","name":"Boda en La Habana Vieja colonial: Mabel y Jhon | Aire de Fiesta","isPartOf":{"@id":"https:\/\/airedefiestacuba.com\/#website"},"primaryImageOfPage":{"@id":"https:\/\/airedefiestacuba.com\/boda-en-la-habana-vieja-mabel-y-john\/#primaryimage"},"image":{"@id":"https:\/\/airedefiestacuba.com\/boda-en-la-habana-vieja-mabel-y-john\/#primaryimage"},"thumbnailUrl":"https:\/\/airedefiestacuba.com\/wp-content\/uploads\/2024\/04\/wedding-kiss-havana-vieja-ceremony.jpg","datePublished":"2024-01-21T00:13:45+00:00","dateModified":"2025-08-15T03:26:55+00:00","description":"\u0421\u0442\u0430\u0440\u0430\u044f \u0413\u0430\u0432\u0430\u043d\u0430 \u2014 \u044d\u0442\u043e \u043e\u0434\u043d\u043e \u0438\u0437 \u0442\u0435\u0445 \u043c\u0435\u0441\u0442, \u043a\u043e\u0442\u043e\u0440\u043e\u0435 \u0432\u0441\u0435\u0433\u0434\u0430 \u043e\u0447\u0430\u0440\u043e\u0432\u044b\u0432\u0430\u0435\u0442 \u043f\u043e\u0441\u0435\u0442\u0438\u0442\u0435\u043b\u0435\u0439 \u041a\u0443\u0431\u044b, \u0438 \u043c\u0430\u0433\u0438\u044f \u044d\u0442\u043e\u0439 \u0441\u0432\u0430\u0434\u044c\u0431\u044b \u043d\u0435 \u043e\u0431\u043e\u0448\u043b\u0430 \u0441\u0442\u043e\u0440\u043e\u043d\u043e\u0439 \u043c\u043e\u043b\u043e\u0434\u043e\u0436\u0435\u043d\u043e\u0432.","breadcrumb":{"@id":"https:\/\/airedefiestacuba.com\/boda-en-la-habana-vieja-mabel-y-john\/#breadcrumb"},"inLanguage":"ru-RU","potentialAction":[{"@type":"ReadAction","target":["https:\/\/airedefiestacuba.com\/boda-en-la-habana-vieja-mabel-y-john\/"]}]},{"@type":"ImageObject","inLanguage":"ru-RU","@id":"https:\/\/airedefiestacuba.com\/boda-en-la-habana-vieja-mabel-y-john\/#primaryimage","url":"https:\/\/airedefiestacuba.com\/wp-content\/uploads\/2024\/04\/wedding-kiss-havana-vieja-ceremony.jpg","contentUrl":"https:\/\/airedefiestacuba.com\/wp-content\/uploads\/2024\/04\/wedding-kiss-havana-vieja-ceremony.jpg","width":1620,"height":1080,"caption":"Aplausos y emoci\u00f3n acompa\u00f1aron el beso final de Mabel y John tras su boda en La Habana Vieja"},{"@type":"BreadcrumbList","@id":"https:\/\/airedefiestacuba.com\/boda-en-la-habana-vieja-mabel-y-john\/#breadcrumb","itemListElement":[{"@type":"ListItem","position":1,"name":"Home","item":"https:\/\/airedefiestacuba.com\/"},{"@type":"ListItem","position":2,"name":"Boda en La Habana Vieja colonial: Mabel y Jhon"}]},{"@type":"WebSite","@id":"https:\/\/airedefiestacuba.com\/#website","url":"https:\/\/airedefiestacuba.com\/","name":"\u0421\u0432\u0430\u0434\u044c\u0431\u044b \u043d\u0430 \u041a\u0443\u0431\u0435 | \u041e\u0440\u0433\u0430\u043d\u0438\u0437\u0430\u0442\u043e\u0440\u044b \u0441 \u0431\u043e\u043b\u0435\u0435 \u0447\u0435\u043c 10-\u043b\u0435\u0442\u043d\u0438\u043c \u0443\u0441\u043f\u0435\u0448\u043d\u044b\u043c \u043e\u043f\u044b\u0442\u043e\u043c","description":"\u042d\u043a\u0441\u043f\u0435\u0440\u0442\u044b \u043f\u043e \u0441\u0432\u0430\u0434\u0435\u0431\u043d\u044b\u043c \u0446\u0435\u0440\u0435\u043c\u043e\u043d\u0438\u044f\u043c \u0437\u0430 \u0433\u0440\u0430\u043d\u0438\u0446\u0435\u0439 \u043d\u0430 \u041a\u0443\u0431\u0435. \u041c\u044b \u043f\u0440\u0435\u0432\u0440\u0430\u0449\u0430\u0435\u043c \u0432\u0430\u0448\u0435 \u0432\u0438\u0434\u0435\u043d\u0438\u0435 \u0432 \u0438\u0434\u0435\u0430\u043b\u044c\u043d\u043e\u0435 \u0442\u043e\u0440\u0436\u0435\u0441\u0442\u0432\u043e. \u041c\u044b \u0433\u0430\u0440\u0430\u043d\u0442\u0438\u0440\u0443\u0435\u043c, \u0447\u0442\u043e \u0432\u0430\u0448\u0430 \u0435\u0434\u0438\u043d\u0441\u0442\u0432\u0435\u043d\u043d\u0430\u044f \u0437\u0430\u0434\u0430\u0447\u0430 \u2014 \u0441\u043a\u0430\u0437\u0430\u0442\u044c \u00ab\u0414\u0430, \u0441\u043e\u0433\u043b\u0430\u0441\u0435\u043d(\u043d\u0430)\u00bb.","publisher":{"@id":"https:\/\/airedefiestacuba.com\/#organization"},"potentialAction":[{"@type":"SearchAction","target":{"@type":"EntryPoint","urlTemplate":"https:\/\/airedefiestacuba.com\/?s={search_term_string}"},"query-input":{"@type":"PropertyValueSpecification","valueRequired":true,"valueName":"search_term_string"}}],"inLanguage":"ru-RU"},{"@type":"Organization","@id":"https:\/\/airedefiestacuba.com\/#organization","name":"\u0421\u0432\u0430\u0434\u044c\u0431\u044b \u043d\u0430 \u041a\u0443\u0431\u0435 | \u041e\u0440\u0433\u0430\u043d\u0438\u0437\u0430\u0442\u043e\u0440\u044b \u0441 \u0431\u043e\u043b\u0435\u0435 \u0447\u0435\u043c 10-\u043b\u0435\u0442\u043d\u0438\u043c \u0443\u0441\u043f\u0435\u0448\u043d\u044b\u043c \u043e\u043f\u044b\u0442\u043e\u043c","url":"https:\/\/airedefiestacuba.com\/","logo":{"@type":"ImageObject","inLanguage":"ru-RU","@id":"https:\/\/airedefiestacuba.com\/#\/schema\/logo\/image\/","url":"https:\/\/airedefiestacuba.com\/wp-content\/uploads\/2022\/03\/3Asset-3.png","contentUrl":"https:\/\/airedefiestacuba.com\/wp-content\/uploads\/2022\/03\/3Asset-3.png","width":1460,"height":777,"caption":"Bodas en Cuba | Organizadores Expertos con +10 A\u00f1os de \u00c9xito"},"image":{"@id":"https:\/\/airedefiestacuba.com\/#\/schema\/logo\/image\/"}},{"@type":"Person","@id":"https:\/\/airedefiestacuba.com\/#\/schema\/person\/3f89c2fb00a7fa47156e22b78107b25b","name":"ailed","image":{"@type":"ImageObject","inLanguage":"ru-RU","@id":"https:\/\/airedefiestacuba.com\/#\/schema\/person\/image\/","url":"https:\/\/secure.gravatar.com\/avatar\/466adaa94f1066169d9abcc5f552aa78d137192510749f18037d51b8f193125f?s=96&d=mm&r=g","contentUrl":"https:\/\/secure.gravatar.com\/avatar\/466adaa94f1066169d9abcc5f552aa78d137192510749f18037d51b8f193125f?s=96&d=mm&r=g","caption":"ailed"}}]}},"_links":{"self":[{"href":"https:\/\/airedefiestacuba.com\/ru\/wp-json\/wp\/v2\/posts\/15349","targetHints":{"allow":["GET"]}}],"collection":[{"href":"https:\/\/airedefiestacuba.com\/ru\/wp-json\/wp\/v2\/posts"}],"about":[{"href":"https:\/\/airedefiestacuba.com\/ru\/wp-json\/wp\/v2\/types\/post"}],"author":[{"embeddable":true,"href":"https:\/\/airedefiestacuba.com\/ru\/wp-json\/wp\/v2\/users\/12"}],"replies":[{"embeddable":true,"href":"https:\/\/airedefiestacuba.com\/ru\/wp-json\/wp\/v2\/comments?post=15349"}],"version-history":[{"count":85,"href":"https:\/\/airedefiestacuba.com\/ru\/wp-json\/wp\/v2\/posts\/15349\/revisions"}],"predecessor-version":[{"id":25964,"href":"https:\/\/airedefiestacuba.com\/ru\/wp-json\/wp\/v2\/posts\/15349\/revisions\/25964"}],"wp:featuredmedia":[{"embeddable":true,"href":"https:\/\/airedefiestacuba.com\/ru\/wp-json\/wp\/v2\/media\/4102"}],"wp:attachment":[{"href":"https:\/\/airedefiestacuba.com\/ru\/wp-json\/wp\/v2\/media?parent=15349"}],"wp:term":[{"taxonomy":"category","embeddable":true,"href":"https:\/\/airedefiestacuba.com\/ru\/wp-json\/wp\/v2\/categories?post=15349"},{"taxonomy":"post_tag","embeddable":true,"href":"https:\/\/airedefiestacuba.com\/ru\/wp-json\/wp\/v2\/tags?post=15349"}],"curies":[{"name":"wp","href":"https:\/\/api.w.org\/{rel}","templated":true}]}}