{"id":11061,"date":"2025-01-09T09:05:49","date_gmt":"2025-01-09T08:05:49","guid":{"rendered":"https:\/\/airedefiestacuba.com\/?p=11061"},"modified":"2025-06-21T22:24:21","modified_gmt":"2025-06-21T20:24:21","slug":"boda-en-la-guarida-amanda-leo","status":"publish","type":"post","link":"https:\/\/airedefiestacuba.com\/it\/boda-en-la-guarida-amanda-leo\/","title":{"rendered":"Matrimonio a La Guarida: Decorazioni tropicali per Amanda e Leo."},"content":{"rendered":"<div id=\"ez-toc-container\" class=\"ez-toc-v2_0_80 ez-toc-wrap-left counter-hierarchy ez-toc-counter ez-toc-white ez-toc-container-direction\">\n<div class=\"ez-toc-title-container\">\n<p class=\"ez-toc-title\" style=\"cursor:inherit\">Indice<\/p>\n<span class=\"ez-toc-title-toggle\"><a href=\"#\" class=\"ez-toc-pull-right ez-toc-btn ez-toc-btn-xs ez-toc-btn-default ez-toc-toggle\" aria-label=\"Toggle Table of Content\"><span class=\"ez-toc-js-icon-con\"><span class=\"\"><span class=\"eztoc-hide\" style=\"display:none;\">Toggle<\/span><span class=\"ez-toc-icon-toggle-span\"><svg style=\"fill: #999;color:#999\" xmlns=\"http:\/\/www.w3.org\/2000\/svg\" class=\"list-377408\" width=\"20px\" height=\"20px\" viewbox=\"0 0 24 24\" fill=\"none\"><path d=\"M6 6H4v2h2V6zm14 0H8v2h12V6zM4 11h2v2H4v-2zm16 0H8v2h12v-2zM4 16h2v2H4v-2zm16 0H8v2h12v-2z\" fill=\"currentColor\"><\/path><\/svg><svg style=\"fill: #999;color:#999\" class=\"arrow-unsorted-368013\" xmlns=\"http:\/\/www.w3.org\/2000\/svg\" width=\"10px\" height=\"10px\" viewbox=\"0 0 24 24\" version=\"1.2\" baseprofile=\"tiny\"><path d=\"M18.2 9.3l-6.2-6.3-6.2 6.3c-.2.2-.3.4-.3.7s.1.5.3.7c.2.2.4.3.7.3h11c.3 0 .5-.1.7-.3.2-.2.3-.5.3-.7s-.1-.5-.3-.7zM5.8 14.7l6.2 6.3 6.2-6.3c.2-.2.3-.5.3-.7s-.1-.5-.3-.7c-.2-.2-.4-.3-.7-.3h-11c-.3 0-.5.1-.7.3-.2.2-.3.5-.3.7s.1.5.3.7z\"\/><\/svg><\/span><\/span><\/span><\/a><\/span><\/div>\n<nav><ul class='ez-toc-list ez-toc-list-level-1 eztoc-toggle-hide-by-default' ><li class='ez-toc-page-1 ez-toc-heading-level-2'><a class=\"ez-toc-link ez-toc-heading-1\" href=\"https:\/\/airedefiestacuba.com\/it\/boda-en-la-guarida-amanda-leo\/#Historia\" >Storia<\/a><\/li><li class='ez-toc-page-1 ez-toc-heading-level-2'><a class=\"ez-toc-link ez-toc-heading-2\" href=\"https:\/\/airedefiestacuba.com\/it\/boda-en-la-guarida-amanda-leo\/#La_ceremonia_el_momento_mas_emocionante_de_esta_boda_en_La_Guarida\" >La cerimonia: il momento pi\u00f9 emozionante di questo matrimonio alla La Guarida.<\/a><\/li><li class='ez-toc-page-1 ez-toc-heading-level-2'><a class=\"ez-toc-link ez-toc-heading-3\" href=\"https:\/\/airedefiestacuba.com\/it\/boda-en-la-guarida-amanda-leo\/#Sesion_de_fotos_Momentos_previos_a_la_boda_en_La_Guarida\" >Sessione fotografica: Momenti prima del matrimonio alla La Guarida.<\/a><\/li><li class='ez-toc-page-1 ez-toc-heading-level-2'><a class=\"ez-toc-link ez-toc-heading-4\" href=\"https:\/\/airedefiestacuba.com\/it\/boda-en-la-guarida-amanda-leo\/#Decoracion_de_la_boda_Un_diseno_tropical_inspirado_en_los_zapatos_de_Amanda\" >Decorazione del matrimonio: Un design tropicale ispirato alle scarpe di Amanda.<\/a><\/li><li class='ez-toc-page-1 ez-toc-heading-level-2'><a class=\"ez-toc-link ez-toc-heading-5\" href=\"https:\/\/airedefiestacuba.com\/it\/boda-en-la-guarida-amanda-leo\/#Proveedores\" >Fornitori:<\/a><\/li><\/ul><\/nav><\/div>\n\t\t<div data-elementor-type=\"wp-post\" data-elementor-id=\"11061\" class=\"elementor elementor-11061\" data-elementor-post-type=\"post\">\n\t\t\t\t<div class=\"elementor-element elementor-element-29776e9 e-con-full e-flex e-con e-parent\" data-id=\"29776e9\" data-element_type=\"container\">\n\t\t<div class=\"elementor-element elementor-element-3bec6a6a e-con-full e-flex e-con e-child\" data-id=\"3bec6a6a\" data-element_type=\"container\">\n\t\t\t\t<div class=\"elementor-element elementor-element-3e8ad1b elementor-widget-tablet__width-initial elementor-widget__width-initial elementor-widget elementor-widget-image\" data-id=\"3e8ad1b\" data-element_type=\"widget\" data-widget_type=\"image.default\">\n\t\t\t\t<div class=\"elementor-widget-container\">\n\t\t\t\t\t\t\t\t\t\t\t\t\t\t\t<img fetchpriority=\"high\" decoding=\"async\" width=\"1024\" height=\"425\" src=\"https:\/\/airedefiestacuba.com\/wp-content\/uploads\/2025\/06\/Asset-23@10x1-1024x425.png\" class=\"attachment-large size-large wp-image-24966\" alt=\"Logo di Aire de Fiesta, organizzazione di matrimoni a Cuba\" srcset=\"\" sizes=\"(max-width: 1024px) 100vw, 1024px\" data-srcset=\"\" \/>\t\t\t\t\t\t\t\t\t\t\t\t\t\t\t<\/div>\n\t\t\t\t<\/div>\n\t\t\t\t<div class=\"elementor-element elementor-element-40252c47 elementor-hidden-desktop elementor-hidden-tablet elementor-widget elementor-widget-image\" data-id=\"40252c47\" data-element_type=\"widget\" data-widget_type=\"image.default\">\n\t\t\t\t<div class=\"elementor-widget-container\">\n\t\t\t\t\t\t\t\t\t\t\t\t\t\t\t<img decoding=\"async\" width=\"683\" height=\"1024\" src=\"https:\/\/airedefiestacuba.com\/wp-content\/uploads\/2025\/01\/wedding-couple-stairs-la-guarida-683x1024.jpg\" class=\"attachment-large size-large wp-image-11109\" alt=\"Blog di matrimoni reali: Amanda e Leo hanno vissuto il loro matrimonio all\u2019Avana, proprio dove lo avevano sempre sognato \u2014 la meravigliosa scalinata de La Guarida.\" srcset=\"https:\/\/airedefiestacuba.com\/wp-content\/uploads\/2025\/01\/wedding-couple-stairs-la-guarida-683x1024.jpg 683w, https:\/\/airedefiestacuba.com\/wp-content\/uploads\/2025\/01\/wedding-couple-stairs-la-guarida-200x300.jpg 200w, https:\/\/airedefiestacuba.com\/wp-content\/uploads\/2025\/01\/wedding-couple-stairs-la-guarida-768x1151.jpg 768w, https:\/\/airedefiestacuba.com\/wp-content\/uploads\/2025\/01\/wedding-couple-stairs-la-guarida-1025x1536.jpg 1025w, https:\/\/airedefiestacuba.com\/wp-content\/uploads\/2025\/01\/wedding-couple-stairs-la-guarida-1367x2048.jpg 1367w, https:\/\/airedefiestacuba.com\/wp-content\/uploads\/2025\/01\/wedding-couple-stairs-la-guarida-8x12.jpg 8w, https:\/\/airedefiestacuba.com\/wp-content\/uploads\/2025\/01\/wedding-couple-stairs-la-guarida.jpg 1500w\" sizes=\"(max-width: 683px) 100vw, 683px\" \/>\t\t\t\t\t\t\t\t\t\t\t\t\t\t\t<\/div>\n\t\t\t\t<\/div>\n\t\t\t\t<div class=\"elementor-element elementor-element-5a2946ec sumary elementor-widget elementor-widget-text-editor\" data-id=\"5a2946ec\" data-element_type=\"widget\" data-widget_type=\"text-editor.default\">\n\t\t\t\t<div class=\"elementor-widget-container\">\n\t\t\t\t\t\t\t\t\t<h4>Amanda e Leo<\/h4><h1 class=\"fraseClave\">Matrimonio a La Guarida<\/h1><p class=\"p1\"><span class=\"s1\">Uno dei luoghi che amiamo di pi\u00f9 all'Avana, La Guarida, \u00e8 tornato a essere il palcoscenico di uno dei nostri matrimoni. In occasione del loro decimo anniversario, Amanda e Leo hanno scelto <\/span><span class=\"s2\">celebrare il loro matrimonio a La Guarida<\/span><span class=\"s1\">, uno spazio iconico che \u00e8 stato senza dubbio il luogo perfetto per rinnovare i loro voti e celebrare il loro amore. Curiosamente, lo stile della decorazione ha preso una piega quando la sposa ha condiviso un'immagine delle sue scarpe...<\/span><\/p>\t\t\t\t\t\t\t\t<\/div>\n\t\t\t\t<\/div>\n\t\t\t\t<div class=\"elementor-element elementor-element-295ace12 premium-modal-dismissible-yes elementor-widget elementor-widget-premium-addon-modal-box\" data-id=\"295ace12\" data-element_type=\"widget\" data-settings=\"{&quot;premium_modal_box_animation&quot;:&quot;fadeInDown&quot;}\" data-widget_type=\"premium-addon-modal-box.default\">\n\t\t\t\t<div class=\"elementor-widget-container\">\n\t\t\t\t\t\r\n\t\t<div class=\"premium-modal-box-container\" data-settings=\"{&quot;trigger&quot;:&quot;button&quot;,&quot;show_on_exit&quot;:false}\">\r\n\t\t\t<div class=\"premium-modal-trigger-container\">\r\n\t\t\t\t\t\t\t\t\t<button data-toggle=\"premium-modal\" data-target=\"#premium-modal-295ace12\" type=\"button\" class=\"premium-modal-trigger-btn premium-btn-sm premium-button-none\" data-text=\"Leer m\u00e1s\">\r\n\r\n\t\t\t\t\t\t\r\n\t\t\t\t\t\t<div class=\"premium-button-text-icon-wrapper\">\r\n\t\t\t\t\t\t\t<span>Leggi di pi\u00f9<\/span>\r\n\t\t\t\t\t\t<\/div>\r\n\r\n\t\t\t\t\t\t\r\n\t\t\t\t\t\t\r\n\t\t\t\t\t\t\r\n\t\t\t\t\t<\/button>\r\n\t\t\t\t\t\t\t<\/div>\r\n\r\n\t\t\t<div id=\"premium-modal-295ace12\" class=\"premium-modal-box-modal\"\r\n\t\t\trole=\"dialog\"\r\n\t\t\tstyle=\"display: none\"\r\n\t\t\t>\r\n\t\t\t\t<div class=\"premium-modal-box-modal-dialog\" data-delay-animation=\"\" data-modal-animation=\"fadeInDown animated-fast\">\r\n\t\t\t\t\t\t\t\t\t\t\t<div class=\"premium-modal-box-modal-header\">\r\n\t\t\t\t\t\t\t\t\t\t\t\t\t\t\t<h3 class=\"premium-modal-box-modal-title\">\r\n\t\t\t\t\t\t\t\t\t\t\t\t<img decoding=\"async\" src=\"\" alt=\"\">\r\n\t\t\tCaja en blanco \t\t\t\t\t\t\t\t<\/h3>\r\n\t\t\t\t\t\t\t\t\t\t\t\t\t\t\t\t\t\t\t\t\t\t<div class=\"premium-modal-box-close-button-container\">\r\n\t\t\t\t\t\t\t\t\t<button type=\"button\" class=\"premium-modal-box-modal-close\" data-dismiss=\"premium-modal\">\u00d7<\/button>\r\n\t\t\t\t\t\t\t\t<\/div>\r\n\t\t\t\t\t\t\t\t\t\t\t\t\t<\/div>\r\n\t\t\t\t\t\t\t\t\t\t<div class=\"premium-modal-box-modal-body\">\r\n\t\t\t\t\t\t<h2><span class=\"ez-toc-section\" id=\"Historia\"><\/span>Storia<span class=\"ez-toc-section-end\"><\/span><\/h2><p class=\"p1\"><span class=\"s1\">Amanda e Leo hanno festeggiato insieme a noi dieci anni di vita condivisa. Anche se hanno vissuto in diverse citt\u00e0, scelgono sempre luoghi con un significato personale per prendere i passi importanti delle loro vite. Cos\u00ec si sono impegnati a Potsdam, una citt\u00e0 storica vicino a Berlino, dove Leo \u00e8 cresciuto e dove vivono ancora i suoi genitori.<\/span><\/p><p class=\"p1\"><span class=\"s1\">Amanda, che aveva gi\u00e0 portato Leo a Cuba all'inizio della loro relazione, era certa di voler celebrare il suo matrimonio a Cuba. Tuttavia, l'arrivo del COVID ha sconvolto i loro piani, portandoli a una cerimonia intima a Copenaghen. Sebbene significativa, la grande celebrazione che sognavano insieme alla famiglia e agli amici ha dovuto essere rimandata.<\/span><\/p><p class=\"p1\"><span class=\"s1\">Al compiersi dieci anni dall'inizio della loro relazione, questa coppia ha finalmente realizzato il desiderio di rinnovare le proprie promesse a L'Avana. Amanda seguiva i nostri matrimoni sui social media con particolare interesse, in particolare quelli tenuti alla La Guarida. Per lei, non c'erano dubbi: sognava il suo matrimonio alla La Guarida e con Aire de Fiesta. <\/span><\/p><p class=\"p1\"><span style=\"font-size: 16px;\">Tuttavia, fino al giorno della cerimonia, Amanda non aveva mai visitato La Guarida. Tutta la coordinazione \u00e8 avvenuta a distanza, tramite messaggi e note vocali su WhatsApp. Quando finalmente hanno visto il risultato, sono rimasti stupiti. Amanda ha commentato che non potevano credere di essere riusciti a realizzare non solo la cerimonia che avevano immaginato, ma qualcosa di ancora pi\u00f9 speciale. Questo rinnovo delle promesse \u00e8 stata la loro nozze da sogno, vissuta con tutta l'emozione e il significato che speravano.<\/span><\/p><h2 class=\"p2\"><span class=\"ez-toc-section\" id=\"La_ceremonia_el_momento_mas_emocionante_de_esta_boda_en_La_Guarida\"><\/span><span class=\"s2\">La cerimonia: il momento pi\u00f9 emozionante di questo matrimonio alla La Guarida.<\/span><span class=\"ez-toc-section-end\"><\/span><\/h2><p class=\"p2\"><span class=\"s3\">All'arrivo alla La Guarida, Amanda e Leo sono stati guidati in spazi diversi per creare un ingresso speciale. Mentre gli ospiti gustavano un cocktail nella sala principale, Leo \u00e8 entrato dalla strada, mentre Amanda \u00e8 stata portata all'ultimo piano attraverso la scala sul retro per evitare di essere vista prima della cerimonia. Quando la musica \u00e8 iniziata, Amanda \u00e8 scesa da sola lungo l'iconica scalinata, decorata con fiori e fogliame tropicale. Questo momento carico di drammaticit\u00e0 ha segnato un ingresso indimenticabile.<\/span><\/p><p class=\"p2\"><span class=\"s3\">Lo scambio di braccialetti incisi, invece di anelli, \u00e8 stato un gesto ricco di significato che ha commosso tutti i presenti. Inoltre, un'amica stretta ha officiato la cerimonia, aggiungendo un tocco personale con parole piene di amore e ricordi condivisi.<\/span><\/p><h2 class=\"p2\"><span class=\"ez-toc-section\" id=\"Sesion_de_fotos_Momentos_previos_a_la_boda_en_La_Guarida\"><\/span><span class=\"s2\">Sessione fotografica: Momenti prima del matrimonio alla La Guarida.<\/span><span class=\"ez-toc-section-end\"><\/span><\/h2><p class=\"p2\"><span class=\"s3\">Prima della cerimonia, Amanda e Leo hanno fatto una sessione fotografica in alcuni dei luoghi pi\u00f9 iconici di L'Avana. Il tour ha incluso fermate al bar Sloppy Joe's, dove hanno condiviso un brindisi e goduto di un ballo intimo, oltre a visite alla Cattedrale dell'Avana e ad altre strade iconiche della citt\u00e0. Amanda aveva sempre sognato un'auto decappottabile rosa per girare L'Avana, e ha goduto appieno dell'esperienza. Nel frattempo, Leo era intrigato dai Lada, auto degli anni '80 che sono rare da trovare altrove. In un colpo di scena inaspettato, hanno finito per usare il Lada del fotografo Iv\u00e1n, che \u00e8 diventato parte delle foto memorabili della giornata.<\/span><\/p><h2 class=\"p2\"><span class=\"ez-toc-section\" id=\"Decoracion_de_la_boda_Un_diseno_tropical_inspirado_en_los_zapatos_de_Amanda\"><\/span><span class=\"s2\">Decorazione del matrimonio: Un design tropicale ispirato alle scarpe di Amanda.<\/span><span class=\"ez-toc-section-end\"><\/span><\/h2><p class=\"p2\"><span class=\"s3\">Il progetto di design era gi\u00e0 in corso con un concetto greenery, basato su fiori bianchi e fogliame disposto in modo sottile. Tuttavia, tutto \u00e8 cambiato quando Amanda ha condiviso con la sua coordinatrice una foto delle sue scarpe. Decorate con uccelli tropicali che evocavano una reinterpretazione del tocororo cubano, queste scarpe non solo hanno catturato la nostra attenzione, ma sono diventate anche il punto di partenza per un cambiamento completo nella decorazione. Subito abbiamo detto: \"Sono perfette per un matrimonio tropicale.\" Questo dettaglio ha segnato una delle trasformazioni pi\u00f9 uniche che abbiamo realizzato come organizzatori di matrimoni a Cuba: un matrimonio il cui stile \u00e8 stato ispirato da un paio di scarpe.<\/span><\/p><p class=\"p2\"><span class=\"s3\">\u00a0Abbiamo presentato un bozzetto su come trasformare l'iconica scala de La Guarida per il matrimonio secondo questo approccio tropicale. Amanda e Leo sono rimasti entusiasti della proposta, anche se hanno ammesso che nemmeno vedendo il bozzetto potevano immaginare il risultato finale. Quando Amanda ha visto la parete della scala decorata, ha commentato che non aveva mai visto nulla di simile e che non credeva fosse possibile rivedere qualcosa di cos\u00ec bello. Per quanto riguarda Leo, lo abbiamo soddisfatto incorporando il tocco vintage delle sedie de La Guarida nel design. Affascinato dalla storia e dall'unicit\u00e0 di ogni pezzo, ha insistito affinch\u00e9 facessero parte della decorazione. Abbiamo selezionato con cura quelle che meglio si integravano nel concetto sviluppato.<\/span><\/p><h3 class=\"p2\"><span class=\"s2\">Tempo di cena e festa.<\/span><\/h3><p class=\"p2\"><span class=\"s3\">Dopo la commovente cerimonia, gli ospiti sono saliti sulla terrazza superiore de La Guarida, decorata in uno stile tropicale e con viste caratteristiche sui tetti dell'Avana. Questo spazio intimo \u00e8 stato ideale per gustare la cena e la festa. Il menu ha combinato la cucina gourmet de La Guarida con un dettaglio speciale che Leo desiderava condividere: un maialino arrosto, una tradizione cubana che ha presentato agli ospiti internazionali. Questa miscela di sofisticato e tradizionale ha riflesso il carattere unico del matrimonio.<\/span><\/p><p class=\"p2\"><span class=\"s3\">Il ritorno a L'Avana non ha solo segnato un capitolo speciale nella vita di Amanda e Leo, ma ha anche permesso ad Amanda di riconnettersi con le sue radici e condividerle con la famiglia di Leo. Durante la cena, i discorsi di familiari e amici hanno ricordato momenti chiave della loro relazione, celebrando questo incontro in un luogo ricco di significato. Da Aire de Fiesta, amiamo i rinnovi delle promesse nuziali quasi quanto, o addirittura di pi\u00f9, delle nozze. \u00c8 bellissimo vedere come le coppie rivivono l'emozione dei primi giorni, rafforzano il loro impegno e onorano il percorso percorso.<\/span><\/p>\t\t\t\t\t<\/div>\r\n\t\t\t\t\t\t\t\t\t\t\t<div class=\"premium-modal-box-modal-footer\">\r\n\t\t\t\t\t\t\t<button type=\"button\" class=\"premium-modal-box-modal-lower-close\" data-dismiss=\"premium-modal\">\r\n\t\t\t\t\t\t\t\tChiudere\t\t\t\t\t\t\t<\/button>\r\n\t\t\t\t\t\t<\/div>\r\n\t\t\t\t\t\t\t\t\t<\/div>\r\n\t\t\t<\/div>\r\n\t\t<\/div>\r\n\r\n\t\t\t\t\t\t<\/div>\n\t\t\t\t<\/div>\n\t\t\t\t<\/div>\n\t\t<div class=\"elementor-element elementor-element-cff56d8 e-con-full e-flex e-con e-child\" data-id=\"cff56d8\" data-element_type=\"container\">\n\t\t\t\t<div class=\"elementor-element elementor-element-243578d2 elementor-hidden-mobile elementor-widget elementor-widget-image\" data-id=\"243578d2\" data-element_type=\"widget\" data-widget_type=\"image.default\">\n\t\t\t\t<div class=\"elementor-widget-container\">\n\t\t\t\t\t\t\t\t\t\t\t\t\t\t\t<img decoding=\"async\" width=\"683\" height=\"1024\" src=\"https:\/\/airedefiestacuba.com\/wp-content\/uploads\/2025\/01\/wedding-couple-stairs-la-guarida-683x1024.jpg\" class=\"attachment-large size-large wp-image-11109\" alt=\"Blog di matrimoni reali: Amanda e Leo hanno vissuto il loro matrimonio all\u2019Avana, proprio dove lo avevano sempre sognato \u2014 la meravigliosa scalinata de La Guarida.\" srcset=\"https:\/\/airedefiestacuba.com\/wp-content\/uploads\/2025\/01\/wedding-couple-stairs-la-guarida-683x1024.jpg 683w, https:\/\/airedefiestacuba.com\/wp-content\/uploads\/2025\/01\/wedding-couple-stairs-la-guarida-200x300.jpg 200w, https:\/\/airedefiestacuba.com\/wp-content\/uploads\/2025\/01\/wedding-couple-stairs-la-guarida-768x1151.jpg 768w, https:\/\/airedefiestacuba.com\/wp-content\/uploads\/2025\/01\/wedding-couple-stairs-la-guarida-1025x1536.jpg 1025w, https:\/\/airedefiestacuba.com\/wp-content\/uploads\/2025\/01\/wedding-couple-stairs-la-guarida-1367x2048.jpg 1367w, https:\/\/airedefiestacuba.com\/wp-content\/uploads\/2025\/01\/wedding-couple-stairs-la-guarida-8x12.jpg 8w, https:\/\/airedefiestacuba.com\/wp-content\/uploads\/2025\/01\/wedding-couple-stairs-la-guarida.jpg 1500w\" sizes=\"(max-width: 683px) 100vw, 683px\" \/>\t\t\t\t\t\t\t\t\t\t\t\t\t\t\t<\/div>\n\t\t\t\t<\/div>\n\t\t\t\t<\/div>\n\t\t\t\t<\/div>\n\t\t<div class=\"elementor-element elementor-element-efd67f2 e-flex e-con-boxed e-con e-parent\" data-id=\"efd67f2\" data-element_type=\"container\">\n\t\t\t\t\t<div class=\"e-con-inner\">\n\t\t<div class=\"elementor-element elementor-element-2c8adc18 e-con-full e-flex e-con e-child\" data-id=\"2c8adc18\" data-element_type=\"container\">\n\t\t\t\t<\/div>\n\t\t<div class=\"elementor-element elementor-element-56349953 e-con-full e-flex e-con e-child\" data-id=\"56349953\" data-element_type=\"container\">\n\t\t\t\t<div class=\"elementor-element elementor-element-63c688c5 elementor-widget__width-initial provider elementor-widget elementor-widget-text-editor\" data-id=\"63c688c5\" data-element_type=\"widget\" data-widget_type=\"text-editor.default\">\n\t\t\t\t<div class=\"elementor-widget-container\">\n\t\t\t\t\t\t\t\t\t<h2><span class=\"ez-toc-section\" id=\"Proveedores\"><\/span>Fornitori:<span class=\"ez-toc-section-end\"><\/span><\/h2><h3><span style=\"font-size: 1.2rem; letter-spacing: 0.9px; text-align: var(--text-align);\">Coordinazione del Matrimonio:<\/span><\/h3><p>Aire de Fiesta<\/p><h3><span style=\"font-size: 1.2rem; letter-spacing: 0.9px; text-align: var(--text-align);\">Design e Decorazione\u00a0<\/span><span style=\"font-size: 1rem; font-weight: 600; letter-spacing: normal; text-transform: uppercase;\">AIRE DE FIESTA<\/span><\/h3><h3><span style=\"font-size: 1.2rem; letter-spacing: 0.9px;\">Fioreria:<\/span><\/h3><p><a href=\"http:\/\/www.islaflor.net\">Islaflor<\/a><\/p><h3>Fotografia:<\/h3><p>Estudio Aires \/ Iv\u00e1n Botello<\/p><h3>Trucco:<\/h3><p>Michel Rego<\/p><h3>Luogo:<\/h3><p><a href=\"https:\/\/laguarida.com\/\">La Guarida<\/a><\/p>\t\t\t\t\t\t\t\t<\/div>\n\t\t\t\t<\/div>\n\t\t\t\t<\/div>\n\t\t\t\t\t<\/div>\n\t\t\t\t<\/div>\n\t\t<div class=\"elementor-element elementor-element-3595fccb e-flex e-con-boxed e-con e-parent\" data-id=\"3595fccb\" data-element_type=\"container\">\n\t\t\t\t\t<div class=\"e-con-inner\">\n\t\t<div class=\"elementor-element elementor-element-7a8028c e-con-full e-flex e-con e-child\" data-id=\"7a8028c\" data-element_type=\"container\">\n\t\t\t\t<div class=\"elementor-element elementor-element-85a82df elementor-widget elementor-widget-image\" data-id=\"85a82df\" data-element_type=\"widget\" data-widget_type=\"image.default\">\n\t\t\t\t<div class=\"elementor-widget-container\">\n\t\t\t\t\t\t\t\t\t\t\t\t\t\t\t<img decoding=\"async\" width=\"683\" height=\"1024\" src=\"https:\/\/airedefiestacuba.com\/wp-content\/uploads\/2025\/01\/wedding-dress-balcony-capitol-havana-683x1024.jpg\" class=\"attachment-large size-large wp-image-11062\" alt=\"Il vestito da sposa di Amanda appeso al balcone del luogo dei preparativi con vista sul Capitolio dell&#039;Avana, prima del suo matrimonio a La Guarida.\" srcset=\"https:\/\/airedefiestacuba.com\/wp-content\/uploads\/2025\/01\/wedding-dress-balcony-capitol-havana-683x1024.jpg 683w, https:\/\/airedefiestacuba.com\/wp-content\/uploads\/2025\/01\/wedding-dress-balcony-capitol-havana-200x300.jpg 200w, https:\/\/airedefiestacuba.com\/wp-content\/uploads\/2025\/01\/wedding-dress-balcony-capitol-havana-768x1151.jpg 768w, https:\/\/airedefiestacuba.com\/wp-content\/uploads\/2025\/01\/wedding-dress-balcony-capitol-havana-1025x1536.jpg 1025w, https:\/\/airedefiestacuba.com\/wp-content\/uploads\/2025\/01\/wedding-dress-balcony-capitol-havana-1367x2048.jpg 1367w, https:\/\/airedefiestacuba.com\/wp-content\/uploads\/2025\/01\/wedding-dress-balcony-capitol-havana-8x12.jpg 8w, https:\/\/airedefiestacuba.com\/wp-content\/uploads\/2025\/01\/wedding-dress-balcony-capitol-havana.jpg 1500w\" sizes=\"(max-width: 683px) 100vw, 683px\" \/>\t\t\t\t\t\t\t\t\t\t\t\t\t\t\t<\/div>\n\t\t\t\t<\/div>\n\t\t\t\t<\/div>\n\t\t<div class=\"elementor-element elementor-element-3d300108 e-con-full e-flex e-con e-child\" data-id=\"3d300108\" data-element_type=\"container\">\n\t\t\t\t<div class=\"elementor-element elementor-element-8a4cbba elementor-widget elementor-widget-image\" data-id=\"8a4cbba\" data-element_type=\"widget\" data-widget_type=\"image.default\">\n\t\t\t\t<div class=\"elementor-widget-container\">\n\t\t\t\t\t\t\t\t\t\t\t\t\t\t\t<img loading=\"lazy\" decoding=\"async\" width=\"683\" height=\"1024\" src=\"https:\/\/airedefiestacuba.com\/wp-content\/uploads\/2025\/01\/wedding-couple-balcony-capitol-havana-683x1024.jpg\" class=\"attachment-large size-large wp-image-11063\" alt=\"Amanda e Leo si guardano innamorati dal balcone del luogo dei preparativi con l&#039;iconica vista sul Capitolio dell&#039;Avana.\" srcset=\"https:\/\/airedefiestacuba.com\/wp-content\/uploads\/2025\/01\/wedding-couple-balcony-capitol-havana-683x1024.jpg 683w, https:\/\/airedefiestacuba.com\/wp-content\/uploads\/2025\/01\/wedding-couple-balcony-capitol-havana-200x300.jpg 200w, https:\/\/airedefiestacuba.com\/wp-content\/uploads\/2025\/01\/wedding-couple-balcony-capitol-havana-768x1151.jpg 768w, https:\/\/airedefiestacuba.com\/wp-content\/uploads\/2025\/01\/wedding-couple-balcony-capitol-havana-1025x1536.jpg 1025w, https:\/\/airedefiestacuba.com\/wp-content\/uploads\/2025\/01\/wedding-couple-balcony-capitol-havana-1367x2048.jpg 1367w, https:\/\/airedefiestacuba.com\/wp-content\/uploads\/2025\/01\/wedding-couple-balcony-capitol-havana-8x12.jpg 8w, https:\/\/airedefiestacuba.com\/wp-content\/uploads\/2025\/01\/wedding-couple-balcony-capitol-havana.jpg 1500w\" sizes=\"(max-width: 683px) 100vw, 683px\" \/>\t\t\t\t\t\t\t\t\t\t\t\t\t\t\t<\/div>\n\t\t\t\t<\/div>\n\t\t\t\t<\/div>\n\t\t\t\t\t<\/div>\n\t\t\t\t<\/div>\n\t\t<div class=\"elementor-element elementor-element-8bd78c9 e-flex e-con-boxed e-con e-parent\" data-id=\"8bd78c9\" data-element_type=\"container\">\n\t\t\t\t\t<div class=\"e-con-inner\">\n\t\t\t\t<div class=\"elementor-element elementor-element-cf79ccd elementor-widget elementor-widget-image\" data-id=\"cf79ccd\" data-element_type=\"widget\" data-widget_type=\"image.default\">\n\t\t\t\t<div class=\"elementor-widget-container\">\n\t\t\t\t\t\t\t\t\t\t\t\t\t\t\t<img loading=\"lazy\" decoding=\"async\" width=\"2248\" height=\"1500\" src=\"https:\/\/airedefiestacuba.com\/wp-content\/uploads\/2025\/01\/shoes-bouquet-wedding-la-guarida.jpg\" class=\"attachment-full size-full wp-image-11065\" alt=\"Primo piano delle scarpe tropicali di Amanda accanto al bouquet da sposa.\" srcset=\"https:\/\/airedefiestacuba.com\/wp-content\/uploads\/2025\/01\/shoes-bouquet-wedding-la-guarida.jpg 2248w, https:\/\/airedefiestacuba.com\/wp-content\/uploads\/2025\/01\/shoes-bouquet-wedding-la-guarida-300x200.jpg 300w, https:\/\/airedefiestacuba.com\/wp-content\/uploads\/2025\/01\/shoes-bouquet-wedding-la-guarida-1024x683.jpg 1024w, https:\/\/airedefiestacuba.com\/wp-content\/uploads\/2025\/01\/shoes-bouquet-wedding-la-guarida-768x512.jpg 768w, https:\/\/airedefiestacuba.com\/wp-content\/uploads\/2025\/01\/shoes-bouquet-wedding-la-guarida-1536x1025.jpg 1536w, https:\/\/airedefiestacuba.com\/wp-content\/uploads\/2025\/01\/shoes-bouquet-wedding-la-guarida-2048x1367.jpg 2048w, https:\/\/airedefiestacuba.com\/wp-content\/uploads\/2025\/01\/shoes-bouquet-wedding-la-guarida-18x12.jpg 18w\" sizes=\"(max-width: 2248px) 100vw, 2248px\" \/>\t\t\t\t\t\t\t\t\t\t\t\t\t\t\t<\/div>\n\t\t\t\t<\/div>\n\t\t\t\t\t<\/div>\n\t\t\t\t<\/div>\n\t\t<div class=\"elementor-element elementor-element-53f1edca e-flex e-con-boxed e-con e-parent\" data-id=\"53f1edca\" data-element_type=\"container\">\n\t\t\t\t\t<div class=\"e-con-inner\">\n\t\t\t\t\t<\/div>\n\t\t\t\t<\/div>\n\t\t<div class=\"elementor-element elementor-element-9eb3beb e-flex e-con-boxed e-con e-parent\" data-id=\"9eb3beb\" data-element_type=\"container\">\n\t\t\t\t\t<div class=\"e-con-inner\">\n\t\t\t\t<div class=\"elementor-element elementor-element-bcffdd6 elementor-widget elementor-widget-image\" data-id=\"bcffdd6\" data-element_type=\"widget\" data-widget_type=\"image.default\">\n\t\t\t\t<div class=\"elementor-widget-container\">\n\t\t\t\t\t\t\t\t\t\t\t\t\t\t\t<img loading=\"lazy\" decoding=\"async\" width=\"2250\" height=\"1500\" src=\"https:\/\/airedefiestacuba.com\/wp-content\/uploads\/2025\/01\/wedding-preparations-balcony-capitol-havana.jpg\" class=\"attachment-full size-full wp-image-11064\" alt=\"Amanda e Leo sul balcone del luogo dei preparativi con vista sul Capitolio, poco prima del loro matrimonio all&#039;Avana, Cuba.\" srcset=\"https:\/\/airedefiestacuba.com\/wp-content\/uploads\/2025\/01\/wedding-preparations-balcony-capitol-havana.jpg 2250w, https:\/\/airedefiestacuba.com\/wp-content\/uploads\/2025\/01\/wedding-preparations-balcony-capitol-havana-300x200.jpg 300w, https:\/\/airedefiestacuba.com\/wp-content\/uploads\/2025\/01\/wedding-preparations-balcony-capitol-havana-1024x683.jpg 1024w, https:\/\/airedefiestacuba.com\/wp-content\/uploads\/2025\/01\/wedding-preparations-balcony-capitol-havana-768x512.jpg 768w, https:\/\/airedefiestacuba.com\/wp-content\/uploads\/2025\/01\/wedding-preparations-balcony-capitol-havana-1536x1024.jpg 1536w, https:\/\/airedefiestacuba.com\/wp-content\/uploads\/2025\/01\/wedding-preparations-balcony-capitol-havana-2048x1365.jpg 2048w, https:\/\/airedefiestacuba.com\/wp-content\/uploads\/2025\/01\/wedding-preparations-balcony-capitol-havana-18x12.jpg 18w\" sizes=\"(max-width: 2250px) 100vw, 2250px\" \/>\t\t\t\t\t\t\t\t\t\t\t\t\t\t\t<\/div>\n\t\t\t\t<\/div>\n\t\t\t\t<div class=\"elementor-element elementor-element-23010e0 elementor-widget elementor-widget-image\" data-id=\"23010e0\" data-element_type=\"widget\" data-widget_type=\"image.default\">\n\t\t\t\t<div class=\"elementor-widget-container\">\n\t\t\t\t\t\t\t\t\t\t\t\t\t\t\t<img loading=\"lazy\" decoding=\"async\" width=\"2248\" height=\"1500\" src=\"https:\/\/airedefiestacuba.com\/wp-content\/uploads\/2025\/01\/amanda-classic-car-leo-lada-wedding-havana.jpg\" class=\"attachment-full size-full wp-image-11067\" alt=\"Amanda posa accanto all&#039;auto classica rosa e Leo con la Lada, riflettendo le loro personalit\u00e0 e momenti unici di questa sessione pre-matrimoniale.\" srcset=\"https:\/\/airedefiestacuba.com\/wp-content\/uploads\/2025\/01\/amanda-classic-car-leo-lada-wedding-havana.jpg 2248w, https:\/\/airedefiestacuba.com\/wp-content\/uploads\/2025\/01\/amanda-classic-car-leo-lada-wedding-havana-300x200.jpg 300w, https:\/\/airedefiestacuba.com\/wp-content\/uploads\/2025\/01\/amanda-classic-car-leo-lada-wedding-havana-1024x683.jpg 1024w, https:\/\/airedefiestacuba.com\/wp-content\/uploads\/2025\/01\/amanda-classic-car-leo-lada-wedding-havana-768x512.jpg 768w, https:\/\/airedefiestacuba.com\/wp-content\/uploads\/2025\/01\/amanda-classic-car-leo-lada-wedding-havana-1536x1025.jpg 1536w, https:\/\/airedefiestacuba.com\/wp-content\/uploads\/2025\/01\/amanda-classic-car-leo-lada-wedding-havana-2048x1367.jpg 2048w, https:\/\/airedefiestacuba.com\/wp-content\/uploads\/2025\/01\/amanda-classic-car-leo-lada-wedding-havana-18x12.jpg 18w\" sizes=\"(max-width: 2248px) 100vw, 2248px\" \/>\t\t\t\t\t\t\t\t\t\t\t\t\t\t\t<\/div>\n\t\t\t\t<\/div>\n\t\t\t\t\t<\/div>\n\t\t\t\t<\/div>\n\t\t<div class=\"elementor-element elementor-element-980cf68 e-flex e-con-boxed e-con e-parent\" data-id=\"980cf68\" data-element_type=\"container\">\n\t\t\t\t\t<div class=\"e-con-inner\">\n\t\t<div class=\"elementor-element elementor-element-59d4538 e-con-full e-flex e-con e-child\" data-id=\"59d4538\" data-element_type=\"container\">\n\t\t\t\t<div class=\"elementor-element elementor-element-25c6f1f elementor-widget elementor-widget-image\" data-id=\"25c6f1f\" data-element_type=\"widget\" data-widget_type=\"image.default\">\n\t\t\t\t<div class=\"elementor-widget-container\">\n\t\t\t\t\t\t\t\t\t\t\t\t\t\t\t<img loading=\"lazy\" decoding=\"async\" width=\"683\" height=\"1024\" src=\"https:\/\/airedefiestacuba.com\/wp-content\/uploads\/2025\/01\/bride-groom-lada-car-havana-683x1024.jpg\" class=\"attachment-large size-large wp-image-11068\" alt=\"Amanda e Leo posano accanto a una Lada classica durante il loro percorso di matrimonio.\" srcset=\"https:\/\/airedefiestacuba.com\/wp-content\/uploads\/2025\/01\/bride-groom-lada-car-havana-683x1024.jpg 683w, https:\/\/airedefiestacuba.com\/wp-content\/uploads\/2025\/01\/bride-groom-lada-car-havana-200x300.jpg 200w, https:\/\/airedefiestacuba.com\/wp-content\/uploads\/2025\/01\/bride-groom-lada-car-havana-768x1151.jpg 768w, https:\/\/airedefiestacuba.com\/wp-content\/uploads\/2025\/01\/bride-groom-lada-car-havana-1025x1536.jpg 1025w, https:\/\/airedefiestacuba.com\/wp-content\/uploads\/2025\/01\/bride-groom-lada-car-havana-1367x2048.jpg 1367w, https:\/\/airedefiestacuba.com\/wp-content\/uploads\/2025\/01\/bride-groom-lada-car-havana-8x12.jpg 8w, https:\/\/airedefiestacuba.com\/wp-content\/uploads\/2025\/01\/bride-groom-lada-car-havana.jpg 1500w\" sizes=\"(max-width: 683px) 100vw, 683px\" \/>\t\t\t\t\t\t\t\t\t\t\t\t\t\t\t<\/div>\n\t\t\t\t<\/div>\n\t\t\t\t<\/div>\n\t\t<div class=\"elementor-element elementor-element-8bc696a e-con-full e-flex e-con e-child\" data-id=\"8bc696a\" data-element_type=\"container\">\n\t\t\t\t<div class=\"elementor-element elementor-element-8c59017 elementor-widget elementor-widget-image\" data-id=\"8c59017\" data-element_type=\"widget\" data-widget_type=\"image.default\">\n\t\t\t\t<div class=\"elementor-widget-container\">\n\t\t\t\t\t\t\t\t\t\t\t\t\t\t\t<img loading=\"lazy\" decoding=\"async\" width=\"683\" height=\"1024\" src=\"https:\/\/airedefiestacuba.com\/wp-content\/uploads\/2025\/01\/bride-groom-classic-car-havana-683x1024.jpg\" class=\"attachment-large size-large wp-image-11069\" alt=\"Amanda e Leo davanti all&#039;auto classica rosa al loro matrimonio a La Guarida, Avana.\" srcset=\"https:\/\/airedefiestacuba.com\/wp-content\/uploads\/2025\/01\/bride-groom-classic-car-havana-683x1024.jpg 683w, https:\/\/airedefiestacuba.com\/wp-content\/uploads\/2025\/01\/bride-groom-classic-car-havana-200x300.jpg 200w, https:\/\/airedefiestacuba.com\/wp-content\/uploads\/2025\/01\/bride-groom-classic-car-havana-768x1151.jpg 768w, https:\/\/airedefiestacuba.com\/wp-content\/uploads\/2025\/01\/bride-groom-classic-car-havana-1025x1536.jpg 1025w, https:\/\/airedefiestacuba.com\/wp-content\/uploads\/2025\/01\/bride-groom-classic-car-havana-1367x2048.jpg 1367w, https:\/\/airedefiestacuba.com\/wp-content\/uploads\/2025\/01\/bride-groom-classic-car-havana-8x12.jpg 8w, https:\/\/airedefiestacuba.com\/wp-content\/uploads\/2025\/01\/bride-groom-classic-car-havana.jpg 1500w\" sizes=\"(max-width: 683px) 100vw, 683px\" \/>\t\t\t\t\t\t\t\t\t\t\t\t\t\t\t<\/div>\n\t\t\t\t<\/div>\n\t\t\t\t<\/div>\n\t\t\t\t\t<\/div>\n\t\t\t\t<\/div>\n\t\t<div class=\"elementor-element elementor-element-c30b6f4 e-flex e-con-boxed e-con e-parent\" data-id=\"c30b6f4\" data-element_type=\"container\">\n\t\t\t\t\t<div class=\"e-con-inner\">\n\t\t\t\t\t<\/div>\n\t\t\t\t<\/div>\n\t\t<div class=\"elementor-element elementor-element-2f73290 e-flex e-con-boxed e-con e-parent\" data-id=\"2f73290\" data-element_type=\"container\">\n\t\t\t\t\t<div class=\"e-con-inner\">\n\t\t\t\t<div class=\"elementor-element elementor-element-611fbfa elementor-widget elementor-widget-image\" data-id=\"611fbfa\" data-element_type=\"widget\" data-widget_type=\"image.default\">\n\t\t\t\t<div class=\"elementor-widget-container\">\n\t\t\t\t\t\t\t\t\t\t\t\t\t\t\t<img loading=\"lazy\" decoding=\"async\" width=\"2250\" height=\"1500\" src=\"https:\/\/airedefiestacuba.com\/wp-content\/uploads\/2025\/01\/black-white-wedding-cathedral-havana.jpg\" class=\"attachment-full size-full wp-image-11070\" alt=\"Amanda e Leo in una fotografia in bianco e nero di fronte alla Cattedrale dell&#039;Avana, parte del loro matrimonio a Cuba.\" srcset=\"https:\/\/airedefiestacuba.com\/wp-content\/uploads\/2025\/01\/black-white-wedding-cathedral-havana.jpg 2250w, https:\/\/airedefiestacuba.com\/wp-content\/uploads\/2025\/01\/black-white-wedding-cathedral-havana-300x200.jpg 300w, https:\/\/airedefiestacuba.com\/wp-content\/uploads\/2025\/01\/black-white-wedding-cathedral-havana-1024x683.jpg 1024w, https:\/\/airedefiestacuba.com\/wp-content\/uploads\/2025\/01\/black-white-wedding-cathedral-havana-768x512.jpg 768w, https:\/\/airedefiestacuba.com\/wp-content\/uploads\/2025\/01\/black-white-wedding-cathedral-havana-1536x1024.jpg 1536w, https:\/\/airedefiestacuba.com\/wp-content\/uploads\/2025\/01\/black-white-wedding-cathedral-havana-2048x1365.jpg 2048w, https:\/\/airedefiestacuba.com\/wp-content\/uploads\/2025\/01\/black-white-wedding-cathedral-havana-18x12.jpg 18w\" sizes=\"(max-width: 2250px) 100vw, 2250px\" \/>\t\t\t\t\t\t\t\t\t\t\t\t\t\t\t<\/div>\n\t\t\t\t<\/div>\n\t\t\t\t\t<\/div>\n\t\t\t\t<\/div>\n\t\t<div class=\"elementor-element elementor-element-7666e59 e-flex e-con-boxed e-con e-parent\" data-id=\"7666e59\" data-element_type=\"container\">\n\t\t\t\t\t<div class=\"e-con-inner\">\n\t\t\t\t<div class=\"elementor-element elementor-element-da29d42 elementor-widget elementor-widget-image\" data-id=\"da29d42\" data-element_type=\"widget\" data-widget_type=\"image.default\">\n\t\t\t\t<div class=\"elementor-widget-container\">\n\t\t\t\t\t\t\t\t\t\t\t\t\t\t\t<img loading=\"lazy\" decoding=\"async\" width=\"2250\" height=\"1500\" src=\"https:\/\/airedefiestacuba.com\/wp-content\/uploads\/2025\/01\/wedding-couple-cathedral-la-havana.jpg\" class=\"attachment-full size-full wp-image-11071\" alt=\"Amanda e Leo posano davanti alla Cattedrale dell&#039;Avana durante la loro sessione pre-matrimoniale a Cuba.\" srcset=\"https:\/\/airedefiestacuba.com\/wp-content\/uploads\/2025\/01\/wedding-couple-cathedral-la-havana.jpg 2250w, https:\/\/airedefiestacuba.com\/wp-content\/uploads\/2025\/01\/wedding-couple-cathedral-la-havana-300x200.jpg 300w, https:\/\/airedefiestacuba.com\/wp-content\/uploads\/2025\/01\/wedding-couple-cathedral-la-havana-1024x683.jpg 1024w, https:\/\/airedefiestacuba.com\/wp-content\/uploads\/2025\/01\/wedding-couple-cathedral-la-havana-768x512.jpg 768w, https:\/\/airedefiestacuba.com\/wp-content\/uploads\/2025\/01\/wedding-couple-cathedral-la-havana-1536x1024.jpg 1536w, https:\/\/airedefiestacuba.com\/wp-content\/uploads\/2025\/01\/wedding-couple-cathedral-la-havana-2048x1365.jpg 2048w, https:\/\/airedefiestacuba.com\/wp-content\/uploads\/2025\/01\/wedding-couple-cathedral-la-havana-18x12.jpg 18w\" sizes=\"(max-width: 2250px) 100vw, 2250px\" \/>\t\t\t\t\t\t\t\t\t\t\t\t\t\t\t<\/div>\n\t\t\t\t<\/div>\n\t\t\t\t\t<\/div>\n\t\t\t\t<\/div>\n\t\t<div class=\"elementor-element elementor-element-ab6c853 e-flex e-con-boxed e-con e-parent\" data-id=\"ab6c853\" data-element_type=\"container\">\n\t\t\t\t\t<div class=\"e-con-inner\">\n\t\t<div class=\"elementor-element elementor-element-f0bcf41 e-con-full e-flex e-con e-child\" data-id=\"f0bcf41\" data-element_type=\"container\">\n\t\t\t\t<div class=\"elementor-element elementor-element-6a363c0 elementor-widget elementor-widget-image\" data-id=\"6a363c0\" data-element_type=\"widget\" data-widget_type=\"image.default\">\n\t\t\t\t<div class=\"elementor-widget-container\">\n\t\t\t\t\t\t\t\t\t\t\t\t\t\t\t<img loading=\"lazy\" decoding=\"async\" width=\"683\" height=\"1024\" src=\"https:\/\/airedefiestacuba.com\/wp-content\/uploads\/2025\/01\/wedding-sloppy-joes-la-havana-683x1024.jpg\" class=\"attachment-large size-large wp-image-11072\" alt=\"Amanda e Leo da Sloppy Joe&#039;s, godendosi un brindisi durante la loro sessione pre-matrimoniale a L&#039;Avana Vecchia.\" srcset=\"https:\/\/airedefiestacuba.com\/wp-content\/uploads\/2025\/01\/wedding-sloppy-joes-la-havana-683x1024.jpg 683w, https:\/\/airedefiestacuba.com\/wp-content\/uploads\/2025\/01\/wedding-sloppy-joes-la-havana-200x300.jpg 200w, https:\/\/airedefiestacuba.com\/wp-content\/uploads\/2025\/01\/wedding-sloppy-joes-la-havana-768x1151.jpg 768w, https:\/\/airedefiestacuba.com\/wp-content\/uploads\/2025\/01\/wedding-sloppy-joes-la-havana-1025x1536.jpg 1025w, https:\/\/airedefiestacuba.com\/wp-content\/uploads\/2025\/01\/wedding-sloppy-joes-la-havana-1367x2048.jpg 1367w, https:\/\/airedefiestacuba.com\/wp-content\/uploads\/2025\/01\/wedding-sloppy-joes-la-havana-8x12.jpg 8w, https:\/\/airedefiestacuba.com\/wp-content\/uploads\/2025\/01\/wedding-sloppy-joes-la-havana.jpg 1500w\" sizes=\"(max-width: 683px) 100vw, 683px\" \/>\t\t\t\t\t\t\t\t\t\t\t\t\t\t\t<\/div>\n\t\t\t\t<\/div>\n\t\t\t\t<\/div>\n\t\t<div class=\"elementor-element elementor-element-87d0934 e-con-full e-flex e-con e-child\" data-id=\"87d0934\" data-element_type=\"container\">\n\t\t\t\t<div class=\"elementor-element elementor-element-26e7eef elementor-widget elementor-widget-image\" data-id=\"26e7eef\" data-element_type=\"widget\" data-widget_type=\"image.default\">\n\t\t\t\t<div class=\"elementor-widget-container\">\n\t\t\t\t\t\t\t\t\t\t\t\t\t\t\t<img loading=\"lazy\" decoding=\"async\" width=\"683\" height=\"1024\" src=\"https:\/\/airedefiestacuba.com\/wp-content\/uploads\/2025\/01\/couple-dancing-sloppy-joes-havana-wedding-683x1024.jpg\" class=\"attachment-large size-large wp-image-9397\" alt=\"Amanda e Leo ballano nell\u2019iconico bar Sloppy. Una testimonianza di clienti soddisfatti dell\u2019organizzazione del loro matrimonio a Cuba\" srcset=\"https:\/\/airedefiestacuba.com\/wp-content\/uploads\/2025\/01\/couple-dancing-sloppy-joes-havana-wedding-683x1024.jpg 683w, https:\/\/airedefiestacuba.com\/wp-content\/uploads\/2025\/01\/couple-dancing-sloppy-joes-havana-wedding-200x300.jpg 200w, https:\/\/airedefiestacuba.com\/wp-content\/uploads\/2025\/01\/couple-dancing-sloppy-joes-havana-wedding-768x1151.jpg 768w, https:\/\/airedefiestacuba.com\/wp-content\/uploads\/2025\/01\/couple-dancing-sloppy-joes-havana-wedding-1025x1536.jpg 1025w, https:\/\/airedefiestacuba.com\/wp-content\/uploads\/2025\/01\/couple-dancing-sloppy-joes-havana-wedding-1367x2048.jpg 1367w, https:\/\/airedefiestacuba.com\/wp-content\/uploads\/2025\/01\/couple-dancing-sloppy-joes-havana-wedding-8x12.jpg 8w, https:\/\/airedefiestacuba.com\/wp-content\/uploads\/2025\/01\/couple-dancing-sloppy-joes-havana-wedding.jpg 1500w\" sizes=\"(max-width: 683px) 100vw, 683px\" \/>\t\t\t\t\t\t\t\t\t\t\t\t\t\t\t<\/div>\n\t\t\t\t<\/div>\n\t\t\t\t<\/div>\n\t\t\t\t\t<\/div>\n\t\t\t\t<\/div>\n\t\t<div class=\"elementor-element elementor-element-72e6b88 e-flex e-con-boxed e-con e-parent\" data-id=\"72e6b88\" data-element_type=\"container\">\n\t\t\t\t\t<div class=\"e-con-inner\">\n\t\t<div class=\"elementor-element elementor-element-65b1855 e-con-full e-flex e-con e-child\" data-id=\"65b1855\" data-element_type=\"container\">\n\t\t\t\t<div class=\"elementor-element elementor-element-330a792 elementor-widget elementor-widget-image\" data-id=\"330a792\" data-element_type=\"widget\" data-widget_type=\"image.default\">\n\t\t\t\t<div class=\"elementor-widget-container\">\n\t\t\t\t\t\t\t\t\t\t\t\t\t\t\t<img loading=\"lazy\" decoding=\"async\" width=\"683\" height=\"1024\" src=\"https:\/\/airedefiestacuba.com\/wp-content\/uploads\/2025\/01\/wedding-icon-decor-la-guarida-683x1024.jpg\" class=\"attachment-large size-large wp-image-11090\" alt=\"Icona di La Guarida, con la decorazione tropicale del matrimonio sullo sfondo a L&#039;Avana.\" srcset=\"https:\/\/airedefiestacuba.com\/wp-content\/uploads\/2025\/01\/wedding-icon-decor-la-guarida-683x1024.jpg 683w, https:\/\/airedefiestacuba.com\/wp-content\/uploads\/2025\/01\/wedding-icon-decor-la-guarida-200x300.jpg 200w, https:\/\/airedefiestacuba.com\/wp-content\/uploads\/2025\/01\/wedding-icon-decor-la-guarida-768x1151.jpg 768w, https:\/\/airedefiestacuba.com\/wp-content\/uploads\/2025\/01\/wedding-icon-decor-la-guarida-1025x1536.jpg 1025w, https:\/\/airedefiestacuba.com\/wp-content\/uploads\/2025\/01\/wedding-icon-decor-la-guarida-1367x2048.jpg 1367w, https:\/\/airedefiestacuba.com\/wp-content\/uploads\/2025\/01\/wedding-icon-decor-la-guarida-8x12.jpg 8w, https:\/\/airedefiestacuba.com\/wp-content\/uploads\/2025\/01\/wedding-icon-decor-la-guarida.jpg 1500w\" sizes=\"(max-width: 683px) 100vw, 683px\" \/>\t\t\t\t\t\t\t\t\t\t\t\t\t\t\t<\/div>\n\t\t\t\t<\/div>\n\t\t\t\t<\/div>\n\t\t<div class=\"elementor-element elementor-element-c2a0508 e-con-full e-flex e-con e-child\" data-id=\"c2a0508\" data-element_type=\"container\">\n\t\t\t\t<div class=\"elementor-element elementor-element-79b42a0 textImage elementor-widget elementor-widget-text-editor\" data-id=\"79b42a0\" data-element_type=\"widget\" data-widget_type=\"text-editor.default\">\n\t\t\t\t<div class=\"elementor-widget-container\">\n\t\t\t\t\t\t\t\t\t<h3 class=\"p1\">L'iconica statua de La Guarida incorniciata dalla decorazione tropicale del matrimonio.<\/h3><p class=\"p1\">Questo primo piano mette in risalto la famosa statua de La Guarida, un simbolo inconfondibile del luogo, circondata dalla lussureggiante decorazione floreale del matrimonio.<\/p>\t\t\t\t\t\t\t\t<\/div>\n\t\t\t\t<\/div>\n\t\t\t\t<\/div>\n\t\t\t\t\t<\/div>\n\t\t\t\t<\/div>\n\t\t<div class=\"elementor-element elementor-element-b89cc76 e-flex e-con-boxed e-con e-parent\" data-id=\"b89cc76\" data-element_type=\"container\">\n\t\t\t\t\t<div class=\"e-con-inner\">\n\t\t<div class=\"elementor-element elementor-element-12b7b92 e-con-full e-flex e-con e-child\" data-id=\"12b7b92\" data-element_type=\"container\">\n\t\t\t\t<div class=\"elementor-element elementor-element-8393753 elementor-widget elementor-widget-image\" data-id=\"8393753\" data-element_type=\"widget\" data-widget_type=\"image.default\">\n\t\t\t\t<div class=\"elementor-widget-container\">\n\t\t\t\t\t\t\t\t\t\t\t\t\t\t\t<img loading=\"lazy\" decoding=\"async\" width=\"678\" height=\"1024\" src=\"https:\/\/airedefiestacuba.com\/wp-content\/uploads\/2025\/01\/wedding-groom-entrance-la-guarida-678x1024.jpeg\" class=\"attachment-large size-large wp-image-11095\" alt=\"Lo sposo entra nella sala della cerimonia a La Guarida mentre gli ospiti aspettano emozionati al matrimonio di destinazione a L&#039;Avana.\" srcset=\"https:\/\/airedefiestacuba.com\/wp-content\/uploads\/2025\/01\/wedding-groom-entrance-la-guarida-678x1024.jpeg 678w, https:\/\/airedefiestacuba.com\/wp-content\/uploads\/2025\/01\/wedding-groom-entrance-la-guarida-199x300.jpeg 199w, https:\/\/airedefiestacuba.com\/wp-content\/uploads\/2025\/01\/wedding-groom-entrance-la-guarida-8x12.jpeg 8w, https:\/\/airedefiestacuba.com\/wp-content\/uploads\/2025\/01\/wedding-groom-entrance-la-guarida.jpeg 721w\" sizes=\"(max-width: 678px) 100vw, 678px\" \/>\t\t\t\t\t\t\t\t\t\t\t\t\t\t\t<\/div>\n\t\t\t\t<\/div>\n\t\t\t\t<\/div>\n\t\t<div class=\"elementor-element elementor-element-e4a3ca9 e-con-full e-flex e-con e-child\" data-id=\"e4a3ca9\" data-element_type=\"container\">\n\t\t\t\t<div class=\"elementor-element elementor-element-0ee2d67 elementor-widget elementor-widget-image\" data-id=\"0ee2d67\" data-element_type=\"widget\" data-widget_type=\"image.default\">\n\t\t\t\t<div class=\"elementor-widget-container\">\n\t\t\t\t\t\t\t\t\t\t\t\t\t\t\t<img loading=\"lazy\" decoding=\"async\" width=\"683\" height=\"1024\" src=\"https:\/\/airedefiestacuba.com\/wp-content\/uploads\/2025\/01\/wedding-bride-staircase-la-guarida-havana-683x1024.jpg\" class=\"attachment-large size-large wp-image-11093\" alt=\"Amanda scende per la scala decorata con fiori tropicali al suo matrimonio a La Guarida, L&#039;Avana.\" srcset=\"https:\/\/airedefiestacuba.com\/wp-content\/uploads\/2025\/01\/wedding-bride-staircase-la-guarida-havana-683x1024.jpg 683w, https:\/\/airedefiestacuba.com\/wp-content\/uploads\/2025\/01\/wedding-bride-staircase-la-guarida-havana-200x300.jpg 200w, https:\/\/airedefiestacuba.com\/wp-content\/uploads\/2025\/01\/wedding-bride-staircase-la-guarida-havana-768x1152.jpg 768w, https:\/\/airedefiestacuba.com\/wp-content\/uploads\/2025\/01\/wedding-bride-staircase-la-guarida-havana-1024x1536.jpg 1024w, https:\/\/airedefiestacuba.com\/wp-content\/uploads\/2025\/01\/wedding-bride-staircase-la-guarida-havana-1365x2048.jpg 1365w, https:\/\/airedefiestacuba.com\/wp-content\/uploads\/2025\/01\/wedding-bride-staircase-la-guarida-havana-8x12.jpg 8w, https:\/\/airedefiestacuba.com\/wp-content\/uploads\/2025\/01\/wedding-bride-staircase-la-guarida-havana.jpg 1500w\" sizes=\"(max-width: 683px) 100vw, 683px\" \/>\t\t\t\t\t\t\t\t\t\t\t\t\t\t\t<\/div>\n\t\t\t\t<\/div>\n\t\t\t\t<\/div>\n\t\t\t\t\t<\/div>\n\t\t\t\t<\/div>\n\t\t<div class=\"elementor-element elementor-element-771b386 e-flex e-con-boxed e-con e-parent\" data-id=\"771b386\" data-element_type=\"container\">\n\t\t\t\t\t<div class=\"e-con-inner\">\n\t\t\t\t<div class=\"elementor-element elementor-element-8db57f7 elementor-widget elementor-widget-image\" data-id=\"8db57f7\" data-element_type=\"widget\" data-widget_type=\"image.default\">\n\t\t\t\t<div class=\"elementor-widget-container\">\n\t\t\t\t\t\t\t\t\t\t\t\t\t\t\t<img loading=\"lazy\" decoding=\"async\" width=\"2250\" height=\"1500\" src=\"https:\/\/airedefiestacuba.com\/wp-content\/uploads\/2025\/01\/wedding-bride-downstairs-la-guarida.jpg\" class=\"attachment-full size-full wp-image-11096\" alt=\"Amanda scende da sola per l&#039;iconica scala di La Guarida, decorata con fiori tropicali.\" srcset=\"https:\/\/airedefiestacuba.com\/wp-content\/uploads\/2025\/01\/wedding-bride-downstairs-la-guarida.jpg 2250w, https:\/\/airedefiestacuba.com\/wp-content\/uploads\/2025\/01\/wedding-bride-downstairs-la-guarida-300x200.jpg 300w, https:\/\/airedefiestacuba.com\/wp-content\/uploads\/2025\/01\/wedding-bride-downstairs-la-guarida-1024x683.jpg 1024w, https:\/\/airedefiestacuba.com\/wp-content\/uploads\/2025\/01\/wedding-bride-downstairs-la-guarida-768x512.jpg 768w, https:\/\/airedefiestacuba.com\/wp-content\/uploads\/2025\/01\/wedding-bride-downstairs-la-guarida-1536x1024.jpg 1536w, https:\/\/airedefiestacuba.com\/wp-content\/uploads\/2025\/01\/wedding-bride-downstairs-la-guarida-2048x1365.jpg 2048w, https:\/\/airedefiestacuba.com\/wp-content\/uploads\/2025\/01\/wedding-bride-downstairs-la-guarida-18x12.jpg 18w\" sizes=\"(max-width: 2250px) 100vw, 2250px\" \/>\t\t\t\t\t\t\t\t\t\t\t\t\t\t\t<\/div>\n\t\t\t\t<\/div>\n\t\t\t\t\t<\/div>\n\t\t\t\t<\/div>\n\t\t<div class=\"elementor-element elementor-element-15993492 e-flex e-con-boxed e-con e-parent\" data-id=\"15993492\" data-element_type=\"container\">\n\t\t\t\t\t<div class=\"e-con-inner\">\n\t\t\t\t<div class=\"elementor-element elementor-element-5fce82b3 textImageHorizontal elementor-widget elementor-widget-text-editor\" data-id=\"5fce82b3\" data-element_type=\"widget\" data-widget_type=\"text-editor.default\">\n\t\t\t\t<div class=\"elementor-widget-container\">\n\t\t\t\t\t\t\t\t\t<h3 class=\"p1\"><b>L'entrata spettacolare degli sposi al loro matrimonio presso La Guarida.<\/b><\/h3><p class=\"p3\">All'arrivo a La Guarida, Amanda e Leo furono guidati in spazi diversi per rendere il loro ingresso un momento indimenticabile. Mentre Leo entrava dalla strada, gli invitati assumevano che Amanda avrebbe fatto lo stesso. Tuttavia, la sorpresa \u00e8 stata vederla scendere da sola per l'imponente scala, decorata con fiori e fogliame tropicale. Con un'aria di drammaticit\u00e0 ed emozione, questo istante \u00e8 diventato uno dei pi\u00f9 memorabili della loro cerimonia di rinnovamento dei voti.<\/p>\t\t\t\t\t\t\t\t<\/div>\n\t\t\t\t<\/div>\n\t\t\t\t\t<\/div>\n\t\t\t\t<\/div>\n\t\t<div class=\"elementor-element elementor-element-bbb12de e-flex e-con-boxed e-con e-parent\" data-id=\"bbb12de\" data-element_type=\"container\">\n\t\t\t\t\t<div class=\"e-con-inner\">\n\t\t\t\t<div class=\"elementor-element elementor-element-eccf331 elementor-widget elementor-widget-image\" data-id=\"eccf331\" data-element_type=\"widget\" data-widget_type=\"image.default\">\n\t\t\t\t<div class=\"elementor-widget-container\">\n\t\t\t\t\t\t\t\t\t\t\t\t\t\t\t<img loading=\"lazy\" decoding=\"async\" width=\"2250\" height=\"1500\" src=\"https:\/\/airedefiestacuba.com\/wp-content\/uploads\/2025\/01\/wedding-ceremony-officiant-speaking-la-guarida.jpg\" class=\"attachment-full size-full wp-image-11097\" alt=\"Maestro di cerimonie che legge parole speciali alla coppia durante il loro matrimonio a La Guarida, L&#039;Avana.\" srcset=\"https:\/\/airedefiestacuba.com\/wp-content\/uploads\/2025\/01\/wedding-ceremony-officiant-speaking-la-guarida.jpg 2250w, https:\/\/airedefiestacuba.com\/wp-content\/uploads\/2025\/01\/wedding-ceremony-officiant-speaking-la-guarida-300x200.jpg 300w, https:\/\/airedefiestacuba.com\/wp-content\/uploads\/2025\/01\/wedding-ceremony-officiant-speaking-la-guarida-1024x683.jpg 1024w, https:\/\/airedefiestacuba.com\/wp-content\/uploads\/2025\/01\/wedding-ceremony-officiant-speaking-la-guarida-768x512.jpg 768w, https:\/\/airedefiestacuba.com\/wp-content\/uploads\/2025\/01\/wedding-ceremony-officiant-speaking-la-guarida-1536x1024.jpg 1536w, https:\/\/airedefiestacuba.com\/wp-content\/uploads\/2025\/01\/wedding-ceremony-officiant-speaking-la-guarida-2048x1365.jpg 2048w, https:\/\/airedefiestacuba.com\/wp-content\/uploads\/2025\/01\/wedding-ceremony-officiant-speaking-la-guarida-18x12.jpg 18w\" sizes=\"(max-width: 2250px) 100vw, 2250px\" \/>\t\t\t\t\t\t\t\t\t\t\t\t\t\t\t<\/div>\n\t\t\t\t<\/div>\n\t\t\t\t\t<\/div>\n\t\t\t\t<\/div>\n\t\t<div class=\"elementor-element elementor-element-476966c e-flex e-con-boxed e-con e-parent\" data-id=\"476966c\" data-element_type=\"container\">\n\t\t\t\t\t<div class=\"e-con-inner\">\n\t\t<div class=\"elementor-element elementor-element-b9f8565 e-con-full e-flex e-con e-child\" data-id=\"b9f8565\" data-element_type=\"container\">\n\t\t\t\t<div class=\"elementor-element elementor-element-7d5a3b4 elementor-widget elementor-widget-image\" data-id=\"7d5a3b4\" data-element_type=\"widget\" data-widget_type=\"image.default\">\n\t\t\t\t<div class=\"elementor-widget-container\">\n\t\t\t\t\t\t\t\t\t\t\t\t\t\t\t<img loading=\"lazy\" decoding=\"async\" width=\"683\" height=\"1024\" src=\"https:\/\/airedefiestacuba.com\/wp-content\/uploads\/2025\/01\/bride-close-up-wedding-ceremony-la-guarida-683x1024.jpg\" class=\"attachment-large size-large wp-image-11101\" alt=\"Primo piano di Amanda durante la cerimonia di matrimonio a La Guarida, a L&#039;Avana, che mette in evidenza la sua emozione.\" srcset=\"https:\/\/airedefiestacuba.com\/wp-content\/uploads\/2025\/01\/bride-close-up-wedding-ceremony-la-guarida-683x1024.jpg 683w, https:\/\/airedefiestacuba.com\/wp-content\/uploads\/2025\/01\/bride-close-up-wedding-ceremony-la-guarida-200x300.jpg 200w, https:\/\/airedefiestacuba.com\/wp-content\/uploads\/2025\/01\/bride-close-up-wedding-ceremony-la-guarida-768x1152.jpg 768w, https:\/\/airedefiestacuba.com\/wp-content\/uploads\/2025\/01\/bride-close-up-wedding-ceremony-la-guarida-1024x1536.jpg 1024w, https:\/\/airedefiestacuba.com\/wp-content\/uploads\/2025\/01\/bride-close-up-wedding-ceremony-la-guarida-1365x2048.jpg 1365w, https:\/\/airedefiestacuba.com\/wp-content\/uploads\/2025\/01\/bride-close-up-wedding-ceremony-la-guarida-8x12.jpg 8w, https:\/\/airedefiestacuba.com\/wp-content\/uploads\/2025\/01\/bride-close-up-wedding-ceremony-la-guarida.jpg 1500w\" sizes=\"(max-width: 683px) 100vw, 683px\" \/>\t\t\t\t\t\t\t\t\t\t\t\t\t\t\t<\/div>\n\t\t\t\t<\/div>\n\t\t\t\t<\/div>\n\t\t<div class=\"elementor-element elementor-element-894c2e4 e-con-full e-flex e-con e-child\" data-id=\"894c2e4\" data-element_type=\"container\">\n\t\t\t\t<div class=\"elementor-element elementor-element-ab46984 elementor-widget elementor-widget-image\" data-id=\"ab46984\" data-element_type=\"widget\" data-widget_type=\"image.default\">\n\t\t\t\t<div class=\"elementor-widget-container\">\n\t\t\t\t\t\t\t\t\t\t\t\t\t\t\t<img loading=\"lazy\" decoding=\"async\" width=\"683\" height=\"1024\" src=\"https:\/\/airedefiestacuba.com\/wp-content\/uploads\/2025\/01\/friend-reading-wedding-ceremony-la-guarida-683x1024.jpg\" class=\"attachment-large size-large wp-image-11102\" alt=\"Amica della coppia che legge un racconto divertente durante la cerimonia di matrimonio a La Guarida, a L&#039;Avana.\" srcset=\"https:\/\/airedefiestacuba.com\/wp-content\/uploads\/2025\/01\/friend-reading-wedding-ceremony-la-guarida-683x1024.jpg 683w, https:\/\/airedefiestacuba.com\/wp-content\/uploads\/2025\/01\/friend-reading-wedding-ceremony-la-guarida-200x300.jpg 200w, https:\/\/airedefiestacuba.com\/wp-content\/uploads\/2025\/01\/friend-reading-wedding-ceremony-la-guarida-768x1152.jpg 768w, https:\/\/airedefiestacuba.com\/wp-content\/uploads\/2025\/01\/friend-reading-wedding-ceremony-la-guarida-1024x1536.jpg 1024w, https:\/\/airedefiestacuba.com\/wp-content\/uploads\/2025\/01\/friend-reading-wedding-ceremony-la-guarida-1365x2048.jpg 1365w, https:\/\/airedefiestacuba.com\/wp-content\/uploads\/2025\/01\/friend-reading-wedding-ceremony-la-guarida-8x12.jpg 8w, https:\/\/airedefiestacuba.com\/wp-content\/uploads\/2025\/01\/friend-reading-wedding-ceremony-la-guarida.jpg 1500w\" sizes=\"(max-width: 683px) 100vw, 683px\" \/>\t\t\t\t\t\t\t\t\t\t\t\t\t\t\t<\/div>\n\t\t\t\t<\/div>\n\t\t\t\t<\/div>\n\t\t\t\t\t<\/div>\n\t\t\t\t<\/div>\n\t\t<div class=\"elementor-element elementor-element-12ef97ea e-flex e-con-boxed e-con e-parent\" data-id=\"12ef97ea\" data-element_type=\"container\">\n\t\t\t\t\t<div class=\"e-con-inner\">\n\t\t\t\t<div class=\"elementor-element elementor-element-120ec54 elementor-widget elementor-widget-image\" data-id=\"120ec54\" data-element_type=\"widget\" data-widget_type=\"image.default\">\n\t\t\t\t<div class=\"elementor-widget-container\">\n\t\t\t\t\t\t\t\t\t\t\t\t\t\t\t<img loading=\"lazy\" decoding=\"async\" width=\"2250\" height=\"1500\" src=\"https:\/\/airedefiestacuba.com\/wp-content\/uploads\/2025\/01\/wedding-bracelets-detail-la-guarida.jpg\" class=\"attachment-full size-full wp-image-11103\" alt=\"Dettaglio dei bracciali incisi che simboleggiano l&#039;amore e l&#039;impegno degli sposi durante il loro matrimonio a La Guarida.\" srcset=\"https:\/\/airedefiestacuba.com\/wp-content\/uploads\/2025\/01\/wedding-bracelets-detail-la-guarida.jpg 2250w, https:\/\/airedefiestacuba.com\/wp-content\/uploads\/2025\/01\/wedding-bracelets-detail-la-guarida-300x200.jpg 300w, https:\/\/airedefiestacuba.com\/wp-content\/uploads\/2025\/01\/wedding-bracelets-detail-la-guarida-1024x683.jpg 1024w, https:\/\/airedefiestacuba.com\/wp-content\/uploads\/2025\/01\/wedding-bracelets-detail-la-guarida-768x512.jpg 768w, https:\/\/airedefiestacuba.com\/wp-content\/uploads\/2025\/01\/wedding-bracelets-detail-la-guarida-1536x1024.jpg 1536w, https:\/\/airedefiestacuba.com\/wp-content\/uploads\/2025\/01\/wedding-bracelets-detail-la-guarida-2048x1365.jpg 2048w, https:\/\/airedefiestacuba.com\/wp-content\/uploads\/2025\/01\/wedding-bracelets-detail-la-guarida-18x12.jpg 18w\" sizes=\"(max-width: 2250px) 100vw, 2250px\" \/>\t\t\t\t\t\t\t\t\t\t\t\t\t\t\t<\/div>\n\t\t\t\t<\/div>\n\t\t\t\t<div class=\"elementor-element elementor-element-73aef9dc textImageHorizontal elementor-widget elementor-widget-text-editor\" data-id=\"73aef9dc\" data-element_type=\"widget\" data-widget_type=\"text-editor.default\">\n\t\t\t\t<div class=\"elementor-widget-container\">\n\t\t\t\t\t\t\t\t\t<h3 class=\"p1\">Un bellissimo dettaglio di questo matrimonio a La Guarida: i bracciali incisi.<\/h3><p class=\"p1\"><span class=\"s2\">Invece degli anelli tradizionali, Amanda e Leo hanno scelto un gesto profondamente simbolico durante il loro <\/span><span class=\"s1\">matrimonio a La Guarida<\/span><span class=\"s2\">: lo scambio di bracciali incisi. Questi bracciali scelti con cura rappresentavano il loro impegno e l'unione rinnovata dopo dieci anni insieme.<\/span><\/p>\t\t\t\t\t\t\t\t<\/div>\n\t\t\t\t<\/div>\n\t\t\t\t\t<\/div>\n\t\t\t\t<\/div>\n\t\t<div class=\"elementor-element elementor-element-ac42cfa e-flex e-con-boxed e-con e-parent\" data-id=\"ac42cfa\" data-element_type=\"container\">\n\t\t\t\t\t<div class=\"e-con-inner\">\n\t\t\t\t<div class=\"elementor-element elementor-element-4ff2233 elementor-widget elementor-widget-image\" data-id=\"4ff2233\" data-element_type=\"widget\" data-widget_type=\"image.default\">\n\t\t\t\t<div class=\"elementor-widget-container\">\n\t\t\t\t\t\t\t\t\t\t\t\t\t\t\t<img loading=\"lazy\" decoding=\"async\" width=\"2250\" height=\"1500\" src=\"https:\/\/airedefiestacuba.com\/wp-content\/uploads\/2025\/01\/wedding-bracelets-exchange-la-guarida.jpg\" class=\"attachment-full size-full wp-image-11104\" alt=\"Lo scambio di bracciali incisi durante la cerimonia di matrimonio a La Guarida, che simboleggia l&#039;amore e l&#039;impegno.\" srcset=\"https:\/\/airedefiestacuba.com\/wp-content\/uploads\/2025\/01\/wedding-bracelets-exchange-la-guarida.jpg 2250w, https:\/\/airedefiestacuba.com\/wp-content\/uploads\/2025\/01\/wedding-bracelets-exchange-la-guarida-300x200.jpg 300w, https:\/\/airedefiestacuba.com\/wp-content\/uploads\/2025\/01\/wedding-bracelets-exchange-la-guarida-1024x683.jpg 1024w, https:\/\/airedefiestacuba.com\/wp-content\/uploads\/2025\/01\/wedding-bracelets-exchange-la-guarida-768x512.jpg 768w, https:\/\/airedefiestacuba.com\/wp-content\/uploads\/2025\/01\/wedding-bracelets-exchange-la-guarida-1536x1024.jpg 1536w, https:\/\/airedefiestacuba.com\/wp-content\/uploads\/2025\/01\/wedding-bracelets-exchange-la-guarida-2048x1365.jpg 2048w, https:\/\/airedefiestacuba.com\/wp-content\/uploads\/2025\/01\/wedding-bracelets-exchange-la-guarida-18x12.jpg 18w\" sizes=\"(max-width: 2250px) 100vw, 2250px\" \/>\t\t\t\t\t\t\t\t\t\t\t\t\t\t\t<\/div>\n\t\t\t\t<\/div>\n\t\t\t\t\t<\/div>\n\t\t\t\t<\/div>\n\t\t<div class=\"elementor-element elementor-element-195406f e-flex e-con-boxed e-con e-parent\" data-id=\"195406f\" data-element_type=\"container\">\n\t\t\t\t\t<div class=\"e-con-inner\">\n\t\t<div class=\"elementor-element elementor-element-274d150 e-con-full e-flex e-con e-child\" data-id=\"274d150\" data-element_type=\"container\">\n\t\t\t\t<div class=\"elementor-element elementor-element-d435cc7 elementor-widget elementor-widget-image\" data-id=\"d435cc7\" data-element_type=\"widget\" data-widget_type=\"image.default\">\n\t\t\t\t<div class=\"elementor-widget-container\">\n\t\t\t\t\t\t\t\t\t\t\t\t\t\t\t<img loading=\"lazy\" decoding=\"async\" width=\"683\" height=\"1024\" src=\"https:\/\/airedefiestacuba.com\/wp-content\/uploads\/2025\/01\/wedding-kiss-couple-la-guarida-683x1024.jpg\" class=\"attachment-large size-large wp-image-11105\" alt=\"Il bacio degli sposi che sigilla il loro amore durante la cerimonia di matrimonio a La Guarida, con decorazioni tropicali sullo sfondo.\" srcset=\"https:\/\/airedefiestacuba.com\/wp-content\/uploads\/2025\/01\/wedding-kiss-couple-la-guarida-683x1024.jpg 683w, https:\/\/airedefiestacuba.com\/wp-content\/uploads\/2025\/01\/wedding-kiss-couple-la-guarida-200x300.jpg 200w, https:\/\/airedefiestacuba.com\/wp-content\/uploads\/2025\/01\/wedding-kiss-couple-la-guarida-768x1152.jpg 768w, https:\/\/airedefiestacuba.com\/wp-content\/uploads\/2025\/01\/wedding-kiss-couple-la-guarida-1024x1536.jpg 1024w, https:\/\/airedefiestacuba.com\/wp-content\/uploads\/2025\/01\/wedding-kiss-couple-la-guarida-1365x2048.jpg 1365w, https:\/\/airedefiestacuba.com\/wp-content\/uploads\/2025\/01\/wedding-kiss-couple-la-guarida-8x12.jpg 8w, https:\/\/airedefiestacuba.com\/wp-content\/uploads\/2025\/01\/wedding-kiss-couple-la-guarida.jpg 1500w\" sizes=\"(max-width: 683px) 100vw, 683px\" \/>\t\t\t\t\t\t\t\t\t\t\t\t\t\t\t<\/div>\n\t\t\t\t<\/div>\n\t\t\t\t<\/div>\n\t\t<div class=\"elementor-element elementor-element-342b9f6 e-con-full e-flex e-con e-child\" data-id=\"342b9f6\" data-element_type=\"container\">\n\t\t\t\t<div class=\"elementor-element elementor-element-a23a8de elementor-widget elementor-widget-image\" data-id=\"a23a8de\" data-element_type=\"widget\" data-widget_type=\"image.default\">\n\t\t\t\t<div class=\"elementor-widget-container\">\n\t\t\t\t\t\t\t\t\t\t\t\t\t\t\t<img loading=\"lazy\" decoding=\"async\" width=\"645\" height=\"1024\" src=\"https:\/\/airedefiestacuba.com\/wp-content\/uploads\/2025\/01\/bride-groom-laughing-wedding-ceremony-havana-645x1024.jpg\" class=\"attachment-large size-large wp-image-15633\" alt=\"Amanda e Leo ridono insieme durante un momento speciale nella cerimonia del loro matrimonio a La Guarida, L&#039;Avana.\" srcset=\"https:\/\/airedefiestacuba.com\/wp-content\/uploads\/2025\/01\/bride-groom-laughing-wedding-ceremony-havana-645x1024.jpg 645w, https:\/\/airedefiestacuba.com\/wp-content\/uploads\/2025\/01\/bride-groom-laughing-wedding-ceremony-havana-189x300.jpg 189w, https:\/\/airedefiestacuba.com\/wp-content\/uploads\/2025\/01\/bride-groom-laughing-wedding-ceremony-havana-768x1220.jpg 768w, https:\/\/airedefiestacuba.com\/wp-content\/uploads\/2025\/01\/bride-groom-laughing-wedding-ceremony-havana-8x12.jpg 8w, https:\/\/airedefiestacuba.com\/wp-content\/uploads\/2025\/01\/bride-groom-laughing-wedding-ceremony-havana.jpg 948w\" sizes=\"(max-width: 645px) 100vw, 645px\" \/>\t\t\t\t\t\t\t\t\t\t\t\t\t\t\t<\/div>\n\t\t\t\t<\/div>\n\t\t\t\t<\/div>\n\t\t\t\t\t<\/div>\n\t\t\t\t<\/div>\n\t\t<div class=\"elementor-element elementor-element-a8b6ed1 e-flex e-con-boxed e-con e-parent\" data-id=\"a8b6ed1\" data-element_type=\"container\">\n\t\t\t\t\t<div class=\"e-con-inner\">\n\t\t\t\t<div class=\"elementor-element elementor-element-f886b5b elementor-widget elementor-widget-image\" data-id=\"f886b5b\" data-element_type=\"widget\" data-widget_type=\"image.default\">\n\t\t\t\t<div class=\"elementor-widget-container\">\n\t\t\t\t\t\t\t\t\t\t\t\t\t\t\t<img loading=\"lazy\" decoding=\"async\" width=\"2250\" height=\"1500\" src=\"https:\/\/airedefiestacuba.com\/wp-content\/uploads\/2025\/01\/wedding-group-photo-la-guarida.jpg\" class=\"attachment-full size-full wp-image-11107\" alt=\"Un gruppo di ospiti in posa sulla scala de La Guarida, circondati da fiori tropicali, dopo il matrimonio.\" srcset=\"https:\/\/airedefiestacuba.com\/wp-content\/uploads\/2025\/01\/wedding-group-photo-la-guarida.jpg 2250w, https:\/\/airedefiestacuba.com\/wp-content\/uploads\/2025\/01\/wedding-group-photo-la-guarida-300x200.jpg 300w, https:\/\/airedefiestacuba.com\/wp-content\/uploads\/2025\/01\/wedding-group-photo-la-guarida-1024x683.jpg 1024w, https:\/\/airedefiestacuba.com\/wp-content\/uploads\/2025\/01\/wedding-group-photo-la-guarida-768x512.jpg 768w, https:\/\/airedefiestacuba.com\/wp-content\/uploads\/2025\/01\/wedding-group-photo-la-guarida-1536x1024.jpg 1536w, https:\/\/airedefiestacuba.com\/wp-content\/uploads\/2025\/01\/wedding-group-photo-la-guarida-2048x1365.jpg 2048w, https:\/\/airedefiestacuba.com\/wp-content\/uploads\/2025\/01\/wedding-group-photo-la-guarida-18x12.jpg 18w\" sizes=\"(max-width: 2250px) 100vw, 2250px\" \/>\t\t\t\t\t\t\t\t\t\t\t\t\t\t\t<\/div>\n\t\t\t\t<\/div>\n\t\t\t\t\t<\/div>\n\t\t\t\t<\/div>\n\t\t<div class=\"elementor-element elementor-element-78d62a0d e-flex e-con-boxed e-con e-parent\" data-id=\"78d62a0d\" data-element_type=\"container\">\n\t\t\t\t\t<div class=\"e-con-inner\">\n\t\t<div class=\"elementor-element elementor-element-5cbec948 e-con-full e-flex e-con e-child\" data-id=\"5cbec948\" data-element_type=\"container\">\n\t\t\t\t<div class=\"elementor-element elementor-element-2b9faed8 elementor-widget elementor-widget-image\" data-id=\"2b9faed8\" data-element_type=\"widget\" data-widget_type=\"image.default\">\n\t\t\t\t<div class=\"elementor-widget-container\">\n\t\t\t\t\t\t\t\t\t\t\t\t\t\t\t<img decoding=\"async\" width=\"683\" height=\"1024\" src=\"https:\/\/airedefiestacuba.com\/wp-content\/uploads\/2025\/01\/wedding-couple-stairs-la-guarida-683x1024.jpg\" class=\"attachment-large size-large wp-image-11109\" alt=\"Blog di matrimoni reali: Amanda e Leo hanno vissuto il loro matrimonio all\u2019Avana, proprio dove lo avevano sempre sognato \u2014 la meravigliosa scalinata de La Guarida.\" srcset=\"https:\/\/airedefiestacuba.com\/wp-content\/uploads\/2025\/01\/wedding-couple-stairs-la-guarida-683x1024.jpg 683w, https:\/\/airedefiestacuba.com\/wp-content\/uploads\/2025\/01\/wedding-couple-stairs-la-guarida-200x300.jpg 200w, https:\/\/airedefiestacuba.com\/wp-content\/uploads\/2025\/01\/wedding-couple-stairs-la-guarida-768x1151.jpg 768w, https:\/\/airedefiestacuba.com\/wp-content\/uploads\/2025\/01\/wedding-couple-stairs-la-guarida-1025x1536.jpg 1025w, https:\/\/airedefiestacuba.com\/wp-content\/uploads\/2025\/01\/wedding-couple-stairs-la-guarida-1367x2048.jpg 1367w, https:\/\/airedefiestacuba.com\/wp-content\/uploads\/2025\/01\/wedding-couple-stairs-la-guarida-8x12.jpg 8w, https:\/\/airedefiestacuba.com\/wp-content\/uploads\/2025\/01\/wedding-couple-stairs-la-guarida.jpg 1500w\" sizes=\"(max-width: 683px) 100vw, 683px\" \/>\t\t\t\t\t\t\t\t\t\t\t\t\t\t\t<\/div>\n\t\t\t\t<\/div>\n\t\t\t\t<\/div>\n\t\t<div class=\"elementor-element elementor-element-40c7917a e-con-full e-flex e-con e-child\" data-id=\"40c7917a\" data-element_type=\"container\">\n\t\t\t\t<div class=\"elementor-element elementor-element-33ec6733 textImage elementor-widget elementor-widget-text-editor\" data-id=\"33ec6733\" data-element_type=\"widget\" data-widget_type=\"text-editor.default\">\n\t\t\t\t<div class=\"elementor-widget-container\">\n\t\t\t\t\t\t\t\t\t<h3>Foto mozzafiato di questo matrimonio a La Guarida<\/h3><p>Dopo la cerimonia, mentre gli invitati si godevano la terrazza, Amanda e Leo hanno colto l'occasione per fare una mini sessione sulla famosa scala. Circondati da fiori tropicali, queste foto hanno catturato la bellezza di questo matrimonio a La Guarida.<\/p>\t\t\t\t\t\t\t\t<\/div>\n\t\t\t\t<\/div>\n\t\t\t\t<\/div>\n\t\t\t\t\t<\/div>\n\t\t\t\t<\/div>\n\t\t<div class=\"elementor-element elementor-element-1410a64 e-flex e-con-boxed e-con e-parent\" data-id=\"1410a64\" data-element_type=\"container\">\n\t\t\t\t\t<div class=\"e-con-inner\">\n\t\t\t\t<div class=\"elementor-element elementor-element-564ef96 elementor-widget elementor-widget-image\" data-id=\"564ef96\" data-element_type=\"widget\" data-widget_type=\"image.default\">\n\t\t\t\t<div class=\"elementor-widget-container\">\n\t\t\t\t\t\t\t\t\t\t\t\t\t\t\t<img loading=\"lazy\" decoding=\"async\" width=\"1862\" height=\"1241\" src=\"https:\/\/airedefiestacuba.com\/wp-content\/uploads\/2025\/01\/wedding-hall-overview-couple-posing-stairs-havana.jpg\" class=\"attachment-full size-full wp-image-14498\" alt=\"Vista aerea della sala di La Guarida durante il matrimonio di Amanda e Leo, con la coppia in posa sulla famosa scala decorata con fiori.\" srcset=\"https:\/\/airedefiestacuba.com\/wp-content\/uploads\/2025\/01\/wedding-hall-overview-couple-posing-stairs-havana.jpg 1862w, https:\/\/airedefiestacuba.com\/wp-content\/uploads\/2025\/01\/wedding-hall-overview-couple-posing-stairs-havana-300x200.jpg 300w, https:\/\/airedefiestacuba.com\/wp-content\/uploads\/2025\/01\/wedding-hall-overview-couple-posing-stairs-havana-1024x682.jpg 1024w, https:\/\/airedefiestacuba.com\/wp-content\/uploads\/2025\/01\/wedding-hall-overview-couple-posing-stairs-havana-768x512.jpg 768w, https:\/\/airedefiestacuba.com\/wp-content\/uploads\/2025\/01\/wedding-hall-overview-couple-posing-stairs-havana-1536x1024.jpg 1536w, https:\/\/airedefiestacuba.com\/wp-content\/uploads\/2025\/01\/wedding-hall-overview-couple-posing-stairs-havana-18x12.jpg 18w\" sizes=\"(max-width: 1862px) 100vw, 1862px\" \/>\t\t\t\t\t\t\t\t\t\t\t\t\t\t\t<\/div>\n\t\t\t\t<\/div>\n\t\t\t\t\t<\/div>\n\t\t\t\t<\/div>\n\t\t<div class=\"elementor-element elementor-element-560e15a e-flex e-con-boxed e-con e-parent\" data-id=\"560e15a\" data-element_type=\"container\">\n\t\t\t\t\t<div class=\"e-con-inner\">\n\t\t\t\t<div class=\"elementor-element elementor-element-f078f98 elementor-widget elementor-widget-image\" data-id=\"f078f98\" data-element_type=\"widget\" data-widget_type=\"image.default\">\n\t\t\t\t<div class=\"elementor-widget-container\">\n\t\t\t\t\t\t\t\t\t\t\t\t\t\t\t<img loading=\"lazy\" decoding=\"async\" width=\"2250\" height=\"1500\" src=\"https:\/\/airedefiestacuba.com\/wp-content\/uploads\/2025\/01\/table-wedding-decoration-havana-la-guarida.jpg\" class=\"attachment-full size-full wp-image-11112\" alt=\"Primo piano della raffinata composizione floreale sul tavolo degli sposi, decorata con fiori tropicali e fogliame, con vista sullo skyline dell&#039;Avana\" srcset=\"https:\/\/airedefiestacuba.com\/wp-content\/uploads\/2025\/01\/table-wedding-decoration-havana-la-guarida.jpg 2250w, https:\/\/airedefiestacuba.com\/wp-content\/uploads\/2025\/01\/table-wedding-decoration-havana-la-guarida-300x200.jpg 300w, https:\/\/airedefiestacuba.com\/wp-content\/uploads\/2025\/01\/table-wedding-decoration-havana-la-guarida-1024x683.jpg 1024w, https:\/\/airedefiestacuba.com\/wp-content\/uploads\/2025\/01\/table-wedding-decoration-havana-la-guarida-768x512.jpg 768w, https:\/\/airedefiestacuba.com\/wp-content\/uploads\/2025\/01\/table-wedding-decoration-havana-la-guarida-1536x1024.jpg 1536w, https:\/\/airedefiestacuba.com\/wp-content\/uploads\/2025\/01\/table-wedding-decoration-havana-la-guarida-2048x1365.jpg 2048w, https:\/\/airedefiestacuba.com\/wp-content\/uploads\/2025\/01\/table-wedding-decoration-havana-la-guarida-18x12.jpg 18w\" sizes=\"(max-width: 2250px) 100vw, 2250px\" \/>\t\t\t\t\t\t\t\t\t\t\t\t\t\t\t<\/div>\n\t\t\t\t<\/div>\n\t\t\t\t\t<\/div>\n\t\t\t\t<\/div>\n\t\t<div class=\"elementor-element elementor-element-219f682 e-flex e-con-boxed e-con e-parent\" data-id=\"219f682\" data-element_type=\"container\">\n\t\t\t\t\t<div class=\"e-con-inner\">\n\t\t\t\t<div class=\"elementor-element elementor-element-f129e98 elementor-widget elementor-widget-image\" data-id=\"f129e98\" data-element_type=\"widget\" data-widget_type=\"image.default\">\n\t\t\t\t<div class=\"elementor-widget-container\">\n\t\t\t\t\t\t\t\t\t\t\t\t\t\t\t<img loading=\"lazy\" decoding=\"async\" width=\"2250\" height=\"1500\" src=\"https:\/\/airedefiestacuba.com\/wp-content\/uploads\/2025\/01\/wedding-details-novios-table-decor.jpg\" class=\"attachment-full size-full wp-image-11113\" alt=\"Primo piano dei dettagli floreali sul tavolo degli sposi per il matrimonio a La Guarida, che mette in evidenza il design tropicale e l&#039;elegante decorazione del matrimonio.\" srcset=\"https:\/\/airedefiestacuba.com\/wp-content\/uploads\/2025\/01\/wedding-details-novios-table-decor.jpg 2250w, https:\/\/airedefiestacuba.com\/wp-content\/uploads\/2025\/01\/wedding-details-novios-table-decor-300x200.jpg 300w, https:\/\/airedefiestacuba.com\/wp-content\/uploads\/2025\/01\/wedding-details-novios-table-decor-1024x683.jpg 1024w, https:\/\/airedefiestacuba.com\/wp-content\/uploads\/2025\/01\/wedding-details-novios-table-decor-768x512.jpg 768w, https:\/\/airedefiestacuba.com\/wp-content\/uploads\/2025\/01\/wedding-details-novios-table-decor-1536x1024.jpg 1536w, https:\/\/airedefiestacuba.com\/wp-content\/uploads\/2025\/01\/wedding-details-novios-table-decor-2048x1365.jpg 2048w, https:\/\/airedefiestacuba.com\/wp-content\/uploads\/2025\/01\/wedding-details-novios-table-decor-18x12.jpg 18w\" sizes=\"(max-width: 2250px) 100vw, 2250px\" \/>\t\t\t\t\t\t\t\t\t\t\t\t\t\t\t<\/div>\n\t\t\t\t<\/div>\n\t\t\t\t\t<\/div>\n\t\t\t\t<\/div>\n\t\t<div class=\"elementor-element elementor-element-879c280 e-flex e-con-boxed e-con e-parent\" data-id=\"879c280\" data-element_type=\"container\">\n\t\t\t\t\t<div class=\"e-con-inner\">\n\t\t\t\t<div class=\"elementor-element elementor-element-c8a1990 elementor-widget elementor-widget-image\" data-id=\"c8a1990\" data-element_type=\"widget\" data-widget_type=\"image.default\">\n\t\t\t\t<div class=\"elementor-widget-container\">\n\t\t\t\t\t\t\t\t\t\t\t\t\t\t\t<img loading=\"lazy\" decoding=\"async\" width=\"2250\" height=\"1500\" src=\"https:\/\/airedefiestacuba.com\/wp-content\/uploads\/2025\/01\/wedding-table-guarida-decor-havana.jpg\" class=\"attachment-full size-full wp-image-11110\" alt=\"Vista panoramica del tavolo degli ospiti decorato per un matrimonio a La Guarida, che mette in evidenza i dettagli tropicali e l&#039;elegante decorazione nuziale a Cuba.\" srcset=\"https:\/\/airedefiestacuba.com\/wp-content\/uploads\/2025\/01\/wedding-table-guarida-decor-havana.jpg 2250w, https:\/\/airedefiestacuba.com\/wp-content\/uploads\/2025\/01\/wedding-table-guarida-decor-havana-300x200.jpg 300w, https:\/\/airedefiestacuba.com\/wp-content\/uploads\/2025\/01\/wedding-table-guarida-decor-havana-1024x683.jpg 1024w, https:\/\/airedefiestacuba.com\/wp-content\/uploads\/2025\/01\/wedding-table-guarida-decor-havana-768x512.jpg 768w, https:\/\/airedefiestacuba.com\/wp-content\/uploads\/2025\/01\/wedding-table-guarida-decor-havana-1536x1024.jpg 1536w, https:\/\/airedefiestacuba.com\/wp-content\/uploads\/2025\/01\/wedding-table-guarida-decor-havana-2048x1365.jpg 2048w, https:\/\/airedefiestacuba.com\/wp-content\/uploads\/2025\/01\/wedding-table-guarida-decor-havana-18x12.jpg 18w\" sizes=\"(max-width: 2250px) 100vw, 2250px\" \/>\t\t\t\t\t\t\t\t\t\t\t\t\t\t\t<\/div>\n\t\t\t\t<\/div>\n\t\t\t\t\t<\/div>\n\t\t\t\t<\/div>\n\t\t<div class=\"elementor-element elementor-element-85cc55a e-flex e-con-boxed e-con e-parent\" data-id=\"85cc55a\" data-element_type=\"container\">\n\t\t\t\t\t<div class=\"e-con-inner\">\n\t\t\t\t<div class=\"elementor-element elementor-element-f4b76cf elementor-widget elementor-widget-image\" data-id=\"f4b76cf\" data-element_type=\"widget\" data-widget_type=\"image.default\">\n\t\t\t\t<div class=\"elementor-widget-container\">\n\t\t\t\t\t\t\t\t\t\t\t\t\t\t\t<img loading=\"lazy\" decoding=\"async\" width=\"2250\" height=\"1500\" src=\"https:\/\/airedefiestacuba.com\/wp-content\/uploads\/2025\/01\/wedding-table-decor-centerpiece-havana.jpg\" class=\"attachment-full size-full wp-image-11111\" alt=\"Dettaglio del tavolo degli ospiti decorato con elementi tropicali che mettono in risalto lo stile dell&#039;evento.\" srcset=\"https:\/\/airedefiestacuba.com\/wp-content\/uploads\/2025\/01\/wedding-table-decor-centerpiece-havana.jpg 2250w, https:\/\/airedefiestacuba.com\/wp-content\/uploads\/2025\/01\/wedding-table-decor-centerpiece-havana-300x200.jpg 300w, https:\/\/airedefiestacuba.com\/wp-content\/uploads\/2025\/01\/wedding-table-decor-centerpiece-havana-1024x683.jpg 1024w, https:\/\/airedefiestacuba.com\/wp-content\/uploads\/2025\/01\/wedding-table-decor-centerpiece-havana-768x512.jpg 768w, https:\/\/airedefiestacuba.com\/wp-content\/uploads\/2025\/01\/wedding-table-decor-centerpiece-havana-1536x1024.jpg 1536w, https:\/\/airedefiestacuba.com\/wp-content\/uploads\/2025\/01\/wedding-table-decor-centerpiece-havana-2048x1365.jpg 2048w, https:\/\/airedefiestacuba.com\/wp-content\/uploads\/2025\/01\/wedding-table-decor-centerpiece-havana-18x12.jpg 18w\" sizes=\"(max-width: 2250px) 100vw, 2250px\" \/>\t\t\t\t\t\t\t\t\t\t\t\t\t\t\t<\/div>\n\t\t\t\t<\/div>\n\t\t\t\t\t<\/div>\n\t\t\t\t<\/div>\n\t\t<div class=\"elementor-element elementor-element-ae388f6 e-flex e-con-boxed e-con e-parent\" data-id=\"ae388f6\" data-element_type=\"container\">\n\t\t\t\t\t<div class=\"e-con-inner\">\n\t\t<div class=\"elementor-element elementor-element-0b81789 e-con-full e-flex e-con e-child\" data-id=\"0b81789\" data-element_type=\"container\">\n\t\t\t\t<div class=\"elementor-element elementor-element-03389c5 elementor-widget elementor-widget-image\" data-id=\"03389c5\" data-element_type=\"widget\" data-widget_type=\"image.default\">\n\t\t\t\t<div class=\"elementor-widget-container\">\n\t\t\t\t\t\t\t\t\t\t\t\t\t\t\t<img loading=\"lazy\" decoding=\"async\" width=\"683\" height=\"1024\" src=\"https:\/\/airedefiestacuba.com\/wp-content\/uploads\/2025\/01\/table-decor-wedding-guarida-cuba-683x1024.jpg\" class=\"attachment-large size-large wp-image-11114\" alt=\"Candele e fiori tropicali nella decorazione della cena.\" srcset=\"https:\/\/airedefiestacuba.com\/wp-content\/uploads\/2025\/01\/table-decor-wedding-guarida-cuba-683x1024.jpg 683w, https:\/\/airedefiestacuba.com\/wp-content\/uploads\/2025\/01\/table-decor-wedding-guarida-cuba-200x300.jpg 200w, https:\/\/airedefiestacuba.com\/wp-content\/uploads\/2025\/01\/table-decor-wedding-guarida-cuba-768x1152.jpg 768w, https:\/\/airedefiestacuba.com\/wp-content\/uploads\/2025\/01\/table-decor-wedding-guarida-cuba-1024x1536.jpg 1024w, https:\/\/airedefiestacuba.com\/wp-content\/uploads\/2025\/01\/table-decor-wedding-guarida-cuba-1365x2048.jpg 1365w, https:\/\/airedefiestacuba.com\/wp-content\/uploads\/2025\/01\/table-decor-wedding-guarida-cuba-8x12.jpg 8w, https:\/\/airedefiestacuba.com\/wp-content\/uploads\/2025\/01\/table-decor-wedding-guarida-cuba.jpg 1500w\" sizes=\"(max-width: 683px) 100vw, 683px\" \/>\t\t\t\t\t\t\t\t\t\t\t\t\t\t\t<\/div>\n\t\t\t\t<\/div>\n\t\t\t\t<\/div>\n\t\t<div class=\"elementor-element elementor-element-4699975 e-con-full e-flex e-con e-child\" data-id=\"4699975\" data-element_type=\"container\">\n\t\t\t\t<div class=\"elementor-element elementor-element-e65fe87 elementor-widget elementor-widget-image\" data-id=\"e65fe87\" data-element_type=\"widget\" data-widget_type=\"image.default\">\n\t\t\t\t<div class=\"elementor-widget-container\">\n\t\t\t\t\t\t\t\t\t\t\t\t\t\t\t<img loading=\"lazy\" decoding=\"async\" width=\"683\" height=\"1024\" src=\"https:\/\/airedefiestacuba.com\/wp-content\/uploads\/2025\/01\/wedding-decor-detail-la-guarida-havana-683x1024.jpg\" class=\"attachment-large size-large wp-image-11115\" alt=\"Dettaglio della decorazione floreale, con fiori tropicali che esaltano l&#039;eleganza e lo stile unico dell&#039;evento.\" srcset=\"https:\/\/airedefiestacuba.com\/wp-content\/uploads\/2025\/01\/wedding-decor-detail-la-guarida-havana-683x1024.jpg 683w, https:\/\/airedefiestacuba.com\/wp-content\/uploads\/2025\/01\/wedding-decor-detail-la-guarida-havana-200x300.jpg 200w, https:\/\/airedefiestacuba.com\/wp-content\/uploads\/2025\/01\/wedding-decor-detail-la-guarida-havana-768x1152.jpg 768w, https:\/\/airedefiestacuba.com\/wp-content\/uploads\/2025\/01\/wedding-decor-detail-la-guarida-havana-1024x1536.jpg 1024w, https:\/\/airedefiestacuba.com\/wp-content\/uploads\/2025\/01\/wedding-decor-detail-la-guarida-havana-1365x2048.jpg 1365w, https:\/\/airedefiestacuba.com\/wp-content\/uploads\/2025\/01\/wedding-decor-detail-la-guarida-havana-8x12.jpg 8w, https:\/\/airedefiestacuba.com\/wp-content\/uploads\/2025\/01\/wedding-decor-detail-la-guarida-havana.jpg 1500w\" sizes=\"(max-width: 683px) 100vw, 683px\" \/>\t\t\t\t\t\t\t\t\t\t\t\t\t\t\t<\/div>\n\t\t\t\t<\/div>\n\t\t\t\t<\/div>\n\t\t\t\t\t<\/div>\n\t\t\t\t<\/div>\n\t\t<div class=\"elementor-element elementor-element-6c6a85af e-flex e-con-boxed e-con e-parent\" data-id=\"6c6a85af\" data-element_type=\"container\">\n\t\t\t\t\t<div class=\"e-con-inner\">\n\t\t<div class=\"elementor-element elementor-element-28ea4f89 e-con-full e-flex e-con e-child\" data-id=\"28ea4f89\" data-element_type=\"container\">\n\t\t\t\t<div class=\"elementor-element elementor-element-26b45b0e elementor-widget elementor-widget-image\" data-id=\"26b45b0e\" data-element_type=\"widget\" data-widget_type=\"image.default\">\n\t\t\t\t<div class=\"elementor-widget-container\">\n\t\t\t\t\t\t\t\t\t\t\t\t\t\t\t<img loading=\"lazy\" decoding=\"async\" width=\"683\" height=\"1024\" src=\"https:\/\/airedefiestacuba.com\/wp-content\/uploads\/2025\/01\/briden-groom-wedding-table-guarida-havana-683x1024.jpg\" class=\"attachment-large size-large wp-image-11117\" alt=\"Gli sposi al tavolo presidenziale a La Guarida, circondati da fiori tropicali, con lo skyline dell&#039;Avana sullo sfondo, che mette in risalto i tetti.\" srcset=\"https:\/\/airedefiestacuba.com\/wp-content\/uploads\/2025\/01\/briden-groom-wedding-table-guarida-havana-683x1024.jpg 683w, https:\/\/airedefiestacuba.com\/wp-content\/uploads\/2025\/01\/briden-groom-wedding-table-guarida-havana-200x300.jpg 200w, https:\/\/airedefiestacuba.com\/wp-content\/uploads\/2025\/01\/briden-groom-wedding-table-guarida-havana-768x1151.jpg 768w, https:\/\/airedefiestacuba.com\/wp-content\/uploads\/2025\/01\/briden-groom-wedding-table-guarida-havana-1025x1536.jpg 1025w, https:\/\/airedefiestacuba.com\/wp-content\/uploads\/2025\/01\/briden-groom-wedding-table-guarida-havana-1367x2048.jpg 1367w, https:\/\/airedefiestacuba.com\/wp-content\/uploads\/2025\/01\/briden-groom-wedding-table-guarida-havana-8x12.jpg 8w, https:\/\/airedefiestacuba.com\/wp-content\/uploads\/2025\/01\/briden-groom-wedding-table-guarida-havana.jpg 1500w\" sizes=\"(max-width: 683px) 100vw, 683px\" \/>\t\t\t\t\t\t\t\t\t\t\t\t\t\t\t<\/div>\n\t\t\t\t<\/div>\n\t\t\t\t<\/div>\n\t\t<div class=\"elementor-element elementor-element-5a0891d8 e-con-full e-flex e-con e-child\" data-id=\"5a0891d8\" data-element_type=\"container\">\n\t\t\t\t<div class=\"elementor-element elementor-element-253c264e textImage elementor-widget elementor-widget-text-editor\" data-id=\"253c264e\" data-element_type=\"widget\" data-widget_type=\"text-editor.default\">\n\t\t\t\t<div class=\"elementor-widget-container\">\n\t\t\t\t\t\t\t\t\t<h3 class=\"p1\"><b>Il tavolo presidenziale del matrimonio, con lo skyline dell'Avana come sfondo sull'iconica terrazza de La Guarida.<\/b><\/h3><p class=\"p2\">Il tavolo degli sposi, circondato da fiori tropicali, \u00e8 diventato il fulcro del ricevimento. Dietro di loro, lo skyline dell'Avana, con i suoi caratteristici tetti, esaltava la bellezza di questo spazio emblematico.<\/p>\t\t\t\t\t\t\t\t<\/div>\n\t\t\t\t<\/div>\n\t\t\t\t<\/div>\n\t\t\t\t\t<\/div>\n\t\t\t\t<\/div>\n\t\t<div class=\"elementor-element elementor-element-41953eb e-flex e-con-boxed e-con e-parent\" data-id=\"41953eb\" data-element_type=\"container\">\n\t\t\t\t\t<div class=\"e-con-inner\">\n\t\t\t\t<div class=\"elementor-element elementor-element-c1960da elementor-widget elementor-widget-image\" data-id=\"c1960da\" data-element_type=\"widget\" data-widget_type=\"image.default\">\n\t\t\t\t<div class=\"elementor-widget-container\">\n\t\t\t\t\t\t\t\t\t\t\t\t\t\t\t<img loading=\"lazy\" decoding=\"async\" width=\"2250\" height=\"1500\" src=\"https:\/\/airedefiestacuba.com\/wp-content\/uploads\/2025\/01\/wedding-guests-terrace-table-la-guarida.jpg\" class=\"attachment-full size-full wp-image-11118\" alt=\"Ospiti che si godono il tavolo decorato in stile tropicale sulla terrazza di La Guarida durante il matrimonio di Amanda e Leo.\" srcset=\"https:\/\/airedefiestacuba.com\/wp-content\/uploads\/2025\/01\/wedding-guests-terrace-table-la-guarida.jpg 2250w, https:\/\/airedefiestacuba.com\/wp-content\/uploads\/2025\/01\/wedding-guests-terrace-table-la-guarida-300x200.jpg 300w, https:\/\/airedefiestacuba.com\/wp-content\/uploads\/2025\/01\/wedding-guests-terrace-table-la-guarida-1024x683.jpg 1024w, https:\/\/airedefiestacuba.com\/wp-content\/uploads\/2025\/01\/wedding-guests-terrace-table-la-guarida-768x512.jpg 768w, https:\/\/airedefiestacuba.com\/wp-content\/uploads\/2025\/01\/wedding-guests-terrace-table-la-guarida-1536x1024.jpg 1536w, https:\/\/airedefiestacuba.com\/wp-content\/uploads\/2025\/01\/wedding-guests-terrace-table-la-guarida-2048x1365.jpg 2048w, https:\/\/airedefiestacuba.com\/wp-content\/uploads\/2025\/01\/wedding-guests-terrace-table-la-guarida-18x12.jpg 18w\" sizes=\"(max-width: 2250px) 100vw, 2250px\" \/>\t\t\t\t\t\t\t\t\t\t\t\t\t\t\t<\/div>\n\t\t\t\t<\/div>\n\t\t\t\t\t<\/div>\n\t\t\t\t<\/div>\n\t\t<div class=\"elementor-element elementor-element-c9a98af e-flex e-con-boxed e-con e-parent\" data-id=\"c9a98af\" data-element_type=\"container\">\n\t\t\t\t\t<div class=\"e-con-inner\">\n\t\t\t\t<div class=\"elementor-element elementor-element-5ea96e7 elementor-widget elementor-widget-image\" data-id=\"5ea96e7\" data-element_type=\"widget\" data-widget_type=\"image.default\">\n\t\t\t\t<div class=\"elementor-widget-container\">\n\t\t\t\t\t\t\t\t\t\t\t\t\t\t\t<img loading=\"lazy\" decoding=\"async\" width=\"2248\" height=\"1500\" src=\"https:\/\/airedefiestacuba.com\/wp-content\/uploads\/2025\/01\/wedding-guests-dancing-la-guarida-terrace.jpg\" class=\"attachment-full size-full wp-image-11123\" alt=\"Ospiti che si divertono e ballano sulla terrazza di La Guarida durante la celebrazione del matrimonio.\" srcset=\"https:\/\/airedefiestacuba.com\/wp-content\/uploads\/2025\/01\/wedding-guests-dancing-la-guarida-terrace.jpg 2248w, https:\/\/airedefiestacuba.com\/wp-content\/uploads\/2025\/01\/wedding-guests-dancing-la-guarida-terrace-300x200.jpg 300w, https:\/\/airedefiestacuba.com\/wp-content\/uploads\/2025\/01\/wedding-guests-dancing-la-guarida-terrace-1024x683.jpg 1024w, https:\/\/airedefiestacuba.com\/wp-content\/uploads\/2025\/01\/wedding-guests-dancing-la-guarida-terrace-768x512.jpg 768w, https:\/\/airedefiestacuba.com\/wp-content\/uploads\/2025\/01\/wedding-guests-dancing-la-guarida-terrace-1536x1025.jpg 1536w, https:\/\/airedefiestacuba.com\/wp-content\/uploads\/2025\/01\/wedding-guests-dancing-la-guarida-terrace-2048x1367.jpg 2048w, https:\/\/airedefiestacuba.com\/wp-content\/uploads\/2025\/01\/wedding-guests-dancing-la-guarida-terrace-18x12.jpg 18w\" sizes=\"(max-width: 2248px) 100vw, 2248px\" \/>\t\t\t\t\t\t\t\t\t\t\t\t\t\t\t<\/div>\n\t\t\t\t<\/div>\n\t\t\t\t\t<\/div>\n\t\t\t\t<\/div>\n\t\t<div class=\"elementor-element elementor-element-faa62bf e-flex e-con-boxed e-con e-parent\" data-id=\"faa62bf\" data-element_type=\"container\">\n\t\t\t\t\t<div class=\"e-con-inner\">\n\t\t\t\t<div class=\"elementor-element elementor-element-81bf78f elementor-widget elementor-widget-image\" data-id=\"81bf78f\" data-element_type=\"widget\" data-widget_type=\"image.default\">\n\t\t\t\t<div class=\"elementor-widget-container\">\n\t\t\t\t\t\t\t\t\t\t\t\t\t\t\t<img loading=\"lazy\" decoding=\"async\" width=\"2250\" height=\"1500\" src=\"https:\/\/airedefiestacuba.com\/wp-content\/uploads\/2025\/01\/wedding-dinner-terrace-la-guarida.jpg\" class=\"attachment-full size-full wp-image-11122\" alt=\"Atmosfera della terrazza decorata per la cena di nozze con illuminazione calda e fiori tropicali.\" srcset=\"https:\/\/airedefiestacuba.com\/wp-content\/uploads\/2025\/01\/wedding-dinner-terrace-la-guarida.jpg 2250w, https:\/\/airedefiestacuba.com\/wp-content\/uploads\/2025\/01\/wedding-dinner-terrace-la-guarida-300x200.jpg 300w, https:\/\/airedefiestacuba.com\/wp-content\/uploads\/2025\/01\/wedding-dinner-terrace-la-guarida-1024x683.jpg 1024w, https:\/\/airedefiestacuba.com\/wp-content\/uploads\/2025\/01\/wedding-dinner-terrace-la-guarida-768x512.jpg 768w, https:\/\/airedefiestacuba.com\/wp-content\/uploads\/2025\/01\/wedding-dinner-terrace-la-guarida-1536x1024.jpg 1536w, https:\/\/airedefiestacuba.com\/wp-content\/uploads\/2025\/01\/wedding-dinner-terrace-la-guarida-2048x1365.jpg 2048w, https:\/\/airedefiestacuba.com\/wp-content\/uploads\/2025\/01\/wedding-dinner-terrace-la-guarida-18x12.jpg 18w\" sizes=\"(max-width: 2250px) 100vw, 2250px\" \/>\t\t\t\t\t\t\t\t\t\t\t\t\t\t\t<\/div>\n\t\t\t\t<\/div>\n\t\t\t\t\t<\/div>\n\t\t\t\t<\/div>\n\t\t<div class=\"elementor-element elementor-element-778bc69 e-flex e-con-boxed e-con e-parent\" data-id=\"778bc69\" data-element_type=\"container\">\n\t\t\t\t\t<div class=\"e-con-inner\">\n\t\t<div class=\"elementor-element elementor-element-aa9f85c e-con-full e-flex e-con e-child\" data-id=\"aa9f85c\" data-element_type=\"container\">\n\t\t\t\t<div class=\"elementor-element elementor-element-7d8938d elementor-widget elementor-widget-image\" data-id=\"7d8938d\" data-element_type=\"widget\" data-widget_type=\"image.default\">\n\t\t\t\t<div class=\"elementor-widget-container\">\n\t\t\t\t\t\t\t\t\t\t\t\t\t\t\t<img loading=\"lazy\" decoding=\"async\" width=\"683\" height=\"1024\" src=\"https:\/\/airedefiestacuba.com\/wp-content\/uploads\/2025\/01\/couple-first-dance-wedding-la-guarida-683x1024.jpg\" class=\"attachment-large size-large wp-image-11126\" alt=\"Gli sposi che ballano il loro primo ballo, circondati dai loro cari.\" srcset=\"https:\/\/airedefiestacuba.com\/wp-content\/uploads\/2025\/01\/couple-first-dance-wedding-la-guarida-683x1024.jpg 683w, https:\/\/airedefiestacuba.com\/wp-content\/uploads\/2025\/01\/couple-first-dance-wedding-la-guarida-200x300.jpg 200w, https:\/\/airedefiestacuba.com\/wp-content\/uploads\/2025\/01\/couple-first-dance-wedding-la-guarida-768x1152.jpg 768w, https:\/\/airedefiestacuba.com\/wp-content\/uploads\/2025\/01\/couple-first-dance-wedding-la-guarida-1024x1536.jpg 1024w, https:\/\/airedefiestacuba.com\/wp-content\/uploads\/2025\/01\/couple-first-dance-wedding-la-guarida-1365x2048.jpg 1365w, https:\/\/airedefiestacuba.com\/wp-content\/uploads\/2025\/01\/couple-first-dance-wedding-la-guarida-8x12.jpg 8w, https:\/\/airedefiestacuba.com\/wp-content\/uploads\/2025\/01\/couple-first-dance-wedding-la-guarida.jpg 1500w\" sizes=\"(max-width: 683px) 100vw, 683px\" \/>\t\t\t\t\t\t\t\t\t\t\t\t\t\t\t<\/div>\n\t\t\t\t<\/div>\n\t\t\t\t<\/div>\n\t\t<div class=\"elementor-element elementor-element-eaa07b7 e-con-full e-flex e-con e-child\" data-id=\"eaa07b7\" data-element_type=\"container\">\n\t\t\t\t<div class=\"elementor-element elementor-element-0430346 elementor-widget elementor-widget-image\" data-id=\"0430346\" data-element_type=\"widget\" data-widget_type=\"image.default\">\n\t\t\t\t<div class=\"elementor-widget-container\">\n\t\t\t\t\t\t\t\t\t\t\t\t\t\t\t<img loading=\"lazy\" decoding=\"async\" width=\"683\" height=\"1024\" src=\"https:\/\/airedefiestacuba.com\/wp-content\/uploads\/2025\/01\/bride-groom-speeches-la-guarida-wedding-683x1024.jpg\" class=\"attachment-large size-large wp-image-11127\" alt=\"Amanda e Leo che fanno discorsi emozionanti e molto divertenti.\" srcset=\"https:\/\/airedefiestacuba.com\/wp-content\/uploads\/2025\/01\/bride-groom-speeches-la-guarida-wedding-683x1024.jpg 683w, https:\/\/airedefiestacuba.com\/wp-content\/uploads\/2025\/01\/bride-groom-speeches-la-guarida-wedding-200x300.jpg 200w, https:\/\/airedefiestacuba.com\/wp-content\/uploads\/2025\/01\/bride-groom-speeches-la-guarida-wedding-768x1151.jpg 768w, https:\/\/airedefiestacuba.com\/wp-content\/uploads\/2025\/01\/bride-groom-speeches-la-guarida-wedding-1025x1536.jpg 1025w, https:\/\/airedefiestacuba.com\/wp-content\/uploads\/2025\/01\/bride-groom-speeches-la-guarida-wedding-1367x2048.jpg 1367w, https:\/\/airedefiestacuba.com\/wp-content\/uploads\/2025\/01\/bride-groom-speeches-la-guarida-wedding-8x12.jpg 8w, https:\/\/airedefiestacuba.com\/wp-content\/uploads\/2025\/01\/bride-groom-speeches-la-guarida-wedding.jpg 1500w\" sizes=\"(max-width: 683px) 100vw, 683px\" \/>\t\t\t\t\t\t\t\t\t\t\t\t\t\t\t<\/div>\n\t\t\t\t<\/div>\n\t\t\t\t<\/div>\n\t\t\t\t\t<\/div>\n\t\t\t\t<\/div>\n\t\t<div class=\"elementor-element elementor-element-3fdfe92 e-flex e-con-boxed e-con e-parent\" data-id=\"3fdfe92\" data-element_type=\"container\">\n\t\t\t\t\t<div class=\"e-con-inner\">\n\t\t\t\t<div class=\"elementor-element elementor-element-ce22240 elementor-widget elementor-widget-image\" data-id=\"ce22240\" data-element_type=\"widget\" data-widget_type=\"image.default\">\n\t\t\t\t<div class=\"elementor-widget-container\">\n\t\t\t\t\t\t\t\t\t\t\t\t\t\t\t<img loading=\"lazy\" decoding=\"async\" width=\"2250\" height=\"1500\" src=\"https:\/\/airedefiestacuba.com\/wp-content\/uploads\/2025\/01\/wedding-friends-dancing-la-guarida.jpg\" class=\"attachment-full size-full wp-image-11124\" alt=\"Famiglia e amici che si divertono e ballano sulla terrazza di La Guarida durante la celebrazione del matrimonio.\" srcset=\"https:\/\/airedefiestacuba.com\/wp-content\/uploads\/2025\/01\/wedding-friends-dancing-la-guarida.jpg 2250w, https:\/\/airedefiestacuba.com\/wp-content\/uploads\/2025\/01\/wedding-friends-dancing-la-guarida-300x200.jpg 300w, https:\/\/airedefiestacuba.com\/wp-content\/uploads\/2025\/01\/wedding-friends-dancing-la-guarida-1024x683.jpg 1024w, https:\/\/airedefiestacuba.com\/wp-content\/uploads\/2025\/01\/wedding-friends-dancing-la-guarida-768x512.jpg 768w, https:\/\/airedefiestacuba.com\/wp-content\/uploads\/2025\/01\/wedding-friends-dancing-la-guarida-1536x1024.jpg 1536w, https:\/\/airedefiestacuba.com\/wp-content\/uploads\/2025\/01\/wedding-friends-dancing-la-guarida-2048x1365.jpg 2048w, https:\/\/airedefiestacuba.com\/wp-content\/uploads\/2025\/01\/wedding-friends-dancing-la-guarida-18x12.jpg 18w\" sizes=\"(max-width: 2250px) 100vw, 2250px\" \/>\t\t\t\t\t\t\t\t\t\t\t\t\t\t\t<\/div>\n\t\t\t\t<\/div>\n\t\t\t\t\t<\/div>\n\t\t\t\t<\/div>\n\t\t<div class=\"elementor-element elementor-element-a74c4c6 e-flex e-con-boxed e-con e-parent\" data-id=\"a74c4c6\" data-element_type=\"container\">\n\t\t\t\t\t<div class=\"e-con-inner\">\n\t\t\t\t<div class=\"elementor-element elementor-element-10ecd6c elementor-widget elementor-widget-image\" data-id=\"10ecd6c\" data-element_type=\"widget\" data-widget_type=\"image.default\">\n\t\t\t\t<div class=\"elementor-widget-container\">\n\t\t\t\t\t\t\t\t\t\t\t\t\t\t\t<img loading=\"lazy\" decoding=\"async\" width=\"2250\" height=\"1500\" src=\"https:\/\/airedefiestacuba.com\/wp-content\/uploads\/2025\/01\/amanda-dancing-family-wedding-la-guarida.jpg\" class=\"attachment-full size-full wp-image-11125\" alt=\"Amanda che balla con un familiare durante la festa.\" srcset=\"https:\/\/airedefiestacuba.com\/wp-content\/uploads\/2025\/01\/amanda-dancing-family-wedding-la-guarida.jpg 2250w, https:\/\/airedefiestacuba.com\/wp-content\/uploads\/2025\/01\/amanda-dancing-family-wedding-la-guarida-300x200.jpg 300w, https:\/\/airedefiestacuba.com\/wp-content\/uploads\/2025\/01\/amanda-dancing-family-wedding-la-guarida-1024x683.jpg 1024w, https:\/\/airedefiestacuba.com\/wp-content\/uploads\/2025\/01\/amanda-dancing-family-wedding-la-guarida-768x512.jpg 768w, https:\/\/airedefiestacuba.com\/wp-content\/uploads\/2025\/01\/amanda-dancing-family-wedding-la-guarida-1536x1024.jpg 1536w, https:\/\/airedefiestacuba.com\/wp-content\/uploads\/2025\/01\/amanda-dancing-family-wedding-la-guarida-2048x1365.jpg 2048w, https:\/\/airedefiestacuba.com\/wp-content\/uploads\/2025\/01\/amanda-dancing-family-wedding-la-guarida-18x12.jpg 18w\" sizes=\"(max-width: 2250px) 100vw, 2250px\" \/>\t\t\t\t\t\t\t\t\t\t\t\t\t\t\t<\/div>\n\t\t\t\t<\/div>\n\t\t\t\t\t<\/div>\n\t\t\t\t<\/div>\n\t\t<div class=\"elementor-element elementor-element-fe11145 e-flex e-con-boxed e-con e-parent\" data-id=\"fe11145\" data-element_type=\"container\">\n\t\t\t\t\t<div class=\"e-con-inner\">\n\t\t<div class=\"elementor-element elementor-element-c65afcd e-con-full e-flex e-con e-child\" data-id=\"c65afcd\" data-element_type=\"container\">\n\t\t\t\t<div class=\"elementor-element elementor-element-307330a elementor-widget elementor-widget-image\" data-id=\"307330a\" data-element_type=\"widget\" data-widget_type=\"image.default\">\n\t\t\t\t<div class=\"elementor-widget-container\">\n\t\t\t\t\t\t\t\t\t\t\t\t\t\t\t<img loading=\"lazy\" decoding=\"async\" width=\"683\" height=\"1024\" src=\"https:\/\/airedefiestacuba.com\/wp-content\/uploads\/2025\/01\/amanda-looks-at-leo-cutting-cake-la-guarida-wedding-683x1024.jpg\" class=\"attachment-large size-large wp-image-11128\" alt=\"Amanda guarda Leo con tenerezza mentre tagliano insieme la torta nuziale.\" srcset=\"https:\/\/airedefiestacuba.com\/wp-content\/uploads\/2025\/01\/amanda-looks-at-leo-cutting-cake-la-guarida-wedding-683x1024.jpg 683w, https:\/\/airedefiestacuba.com\/wp-content\/uploads\/2025\/01\/amanda-looks-at-leo-cutting-cake-la-guarida-wedding-200x300.jpg 200w, https:\/\/airedefiestacuba.com\/wp-content\/uploads\/2025\/01\/amanda-looks-at-leo-cutting-cake-la-guarida-wedding-768x1151.jpg 768w, https:\/\/airedefiestacuba.com\/wp-content\/uploads\/2025\/01\/amanda-looks-at-leo-cutting-cake-la-guarida-wedding-1025x1536.jpg 1025w, https:\/\/airedefiestacuba.com\/wp-content\/uploads\/2025\/01\/amanda-looks-at-leo-cutting-cake-la-guarida-wedding-1367x2048.jpg 1367w, https:\/\/airedefiestacuba.com\/wp-content\/uploads\/2025\/01\/amanda-looks-at-leo-cutting-cake-la-guarida-wedding-8x12.jpg 8w, https:\/\/airedefiestacuba.com\/wp-content\/uploads\/2025\/01\/amanda-looks-at-leo-cutting-cake-la-guarida-wedding.jpg 1500w\" sizes=\"(max-width: 683px) 100vw, 683px\" \/>\t\t\t\t\t\t\t\t\t\t\t\t\t\t\t<\/div>\n\t\t\t\t<\/div>\n\t\t\t\t<\/div>\n\t\t<div class=\"elementor-element elementor-element-db74c0d e-con-full e-flex e-con e-child\" data-id=\"db74c0d\" data-element_type=\"container\">\n\t\t\t\t<div class=\"elementor-element elementor-element-3fe0d88 elementor-widget elementor-widget-image\" data-id=\"3fe0d88\" data-element_type=\"widget\" data-widget_type=\"image.default\">\n\t\t\t\t<div class=\"elementor-widget-container\">\n\t\t\t\t\t\t\t\t\t\t\t\t\t\t\t<img loading=\"lazy\" decoding=\"async\" width=\"683\" height=\"1024\" src=\"https:\/\/airedefiestacuba.com\/wp-content\/uploads\/2025\/01\/cutting-cake-la-guarida-wedding-683x1024.jpg\" class=\"attachment-large size-large wp-image-11129\" alt=\"Amanda and Leo cut the wedding cake at La Guarida, surrounded by tropical decorations and the excitement of their guests.\" srcset=\"https:\/\/airedefiestacuba.com\/wp-content\/uploads\/2025\/01\/cutting-cake-la-guarida-wedding-683x1024.jpg 683w, https:\/\/airedefiestacuba.com\/wp-content\/uploads\/2025\/01\/cutting-cake-la-guarida-wedding-200x300.jpg 200w, https:\/\/airedefiestacuba.com\/wp-content\/uploads\/2025\/01\/cutting-cake-la-guarida-wedding-768x1151.jpg 768w, https:\/\/airedefiestacuba.com\/wp-content\/uploads\/2025\/01\/cutting-cake-la-guarida-wedding-1025x1536.jpg 1025w, https:\/\/airedefiestacuba.com\/wp-content\/uploads\/2025\/01\/cutting-cake-la-guarida-wedding-1367x2048.jpg 1367w, https:\/\/airedefiestacuba.com\/wp-content\/uploads\/2025\/01\/cutting-cake-la-guarida-wedding-8x12.jpg 8w, https:\/\/airedefiestacuba.com\/wp-content\/uploads\/2025\/01\/cutting-cake-la-guarida-wedding.jpg 1500w\" sizes=\"(max-width: 683px) 100vw, 683px\" \/>\t\t\t\t\t\t\t\t\t\t\t\t\t\t\t<\/div>\n\t\t\t\t<\/div>\n\t\t\t\t<\/div>\n\t\t\t\t\t<\/div>\n\t\t\t\t<\/div>\n\t\t<div class=\"elementor-element elementor-element-7b2de71 e-flex e-con-boxed e-con e-parent\" data-id=\"7b2de71\" data-element_type=\"container\">\n\t\t\t\t\t<div class=\"e-con-inner\">\n\t\t\t\t<div class=\"elementor-element elementor-element-699e9db elementor-widget elementor-widget-image\" data-id=\"699e9db\" data-element_type=\"widget\" data-widget_type=\"image.default\">\n\t\t\t\t<div class=\"elementor-widget-container\">\n\t\t\t\t\t\t\t\t\t\t\t\t\t\t\t<img loading=\"lazy\" decoding=\"async\" width=\"2248\" height=\"1500\" src=\"https:\/\/airedefiestacuba.com\/wp-content\/uploads\/2025\/01\/guest-catches-bouquet-la-guarida-wedding.jpg\" class=\"attachment-full size-full wp-image-11134\" alt=\"Un&#039;invitata emozionata prende il bouquet lanciato da Amanda durante il matrimonio a La Guarida.\" srcset=\"https:\/\/airedefiestacuba.com\/wp-content\/uploads\/2025\/01\/guest-catches-bouquet-la-guarida-wedding.jpg 2248w, https:\/\/airedefiestacuba.com\/wp-content\/uploads\/2025\/01\/guest-catches-bouquet-la-guarida-wedding-300x200.jpg 300w, https:\/\/airedefiestacuba.com\/wp-content\/uploads\/2025\/01\/guest-catches-bouquet-la-guarida-wedding-1024x683.jpg 1024w, https:\/\/airedefiestacuba.com\/wp-content\/uploads\/2025\/01\/guest-catches-bouquet-la-guarida-wedding-768x512.jpg 768w, https:\/\/airedefiestacuba.com\/wp-content\/uploads\/2025\/01\/guest-catches-bouquet-la-guarida-wedding-1536x1025.jpg 1536w, https:\/\/airedefiestacuba.com\/wp-content\/uploads\/2025\/01\/guest-catches-bouquet-la-guarida-wedding-2048x1367.jpg 2048w, https:\/\/airedefiestacuba.com\/wp-content\/uploads\/2025\/01\/guest-catches-bouquet-la-guarida-wedding-18x12.jpg 18w\" sizes=\"(max-width: 2248px) 100vw, 2248px\" \/>\t\t\t\t\t\t\t\t\t\t\t\t\t\t\t<\/div>\n\t\t\t\t<\/div>\n\t\t\t\t\t<\/div>\n\t\t\t\t<\/div>\n\t\t<div class=\"elementor-element elementor-element-4d72bce6 e-flex e-con-boxed e-con e-parent\" data-id=\"4d72bce6\" data-element_type=\"container\">\n\t\t\t\t\t<div class=\"e-con-inner\">\n\t\t<div class=\"elementor-element elementor-element-2a7d92f0 e-con-full e-flex e-con e-child\" data-id=\"2a7d92f0\" data-element_type=\"container\">\n\t\t\t\t<div class=\"elementor-element elementor-element-18e4f3ba elementor-tablet-align-left elementor-widget elementor-widget-embedpres_elementor\" data-id=\"18e4f3ba\" data-element_type=\"widget\" data-widget_type=\"embedpres_elementor.default\">\n\t\t\t\t<div class=\"elementor-widget-container\">\n\t\t\t\t\t\n\t\t<div class=\"embedpress-elements-wrapper\" id=\"ep-elements-id-18e4f3ba\">\n\n\t\t\t\t\t\t\t<div id=\"ep-elementor-content-18e4f3ba\"\n\t\t\t\t\tclass=\"ep-elementor-content\t\t\t\t\t\t\t\t\t\t  ep-content-protection-disabled\t\t\t\t\tsource-default\">\n\n\t\t\t\t\t<div id=\"18e4f3ba\"\n\t\t\t\t\t\tclass=\"ep-embed-content-wrapper\t\t\t\t\t\t\t\t\t\t\t\t\t\t\t\t\t\tep-google-photos-\"\n\t\t\t\t\t\t\t\t\t\t\t\t\t\t\t\t\t\t\t\t\t\t\t\t>\n\n\t\t\t\t\t\t<div id=\"ep-elementor-content-18e4f3ba\"\n\t\t\t\t\t\t\tclass=\"ep-elementor-content\t\t\t\t\t\t\t\t\t\t\t\t\t\t  ep-content-protection-disabled\t\t\t\t\t\t\tsource-default\">\n\n\t\t\t\t\t\t\t<div >\n\t\t\t\t\t\t\t\t<div id=\"18e4f3ba\"\n\t\t\t\t\t\t\t\t\tclass=\"ep-embed-content-wraper\"\n\t\t\t\t\t\t\t\t\t\t\t\t\t\t\t\t\t\t>\n\n\t\t\t\t\t\t\t\t\t<div class=\"ose- ose-uid-130bd3c657ab728823dee7e75f5277d1 ose-embedpress-responsive\" style=\"width:540px; height:800px; max-height:800px; max-width:100%; display:inline-block;\" data-embed-type=\"InstagramFeed\"><iframe allowfullscreen=\"true\" width=\"540px\" allowtransparency=\"true\" frameborder=\"0\" height=\"800\" data-instgrm-payload-id=\"instagram-media-payload-0\" scrolling=\"no\" style=\"background-color: white; border-radius: 3px; border: 1px solid rgb(219, 219, 219); box-shadow: none; display: block; margin: 0px 0px 12px; min-width: 326px; padding: 0px;\" class=\"instagram-media instagram-media-rendered\" src=\"https:\/\/www.instagram.com\/reel\/C9769whRf1r\/embed\">Fetching content<\/iframe><\/div>\t\t\t\t\t\t\t\t<\/div>\n\n\t\t\t\t\t\t\t\t\n\t\t\t\t\t\t\t<\/div>\n\t\t\t\t\t\t<\/div>\n\t\t\t\t\t<\/div>\n\t\t\t\t<\/div>\n\n\t\t\t\n\t\t<\/div>\n\n\n\t\t\n\t\t\t\t<\/div>\n\t\t\t\t<\/div>\n\t\t\t\t<\/div>\n\t\t<div class=\"elementor-element elementor-element-43e2d9e6 e-con-full e-flex e-con e-child\" data-id=\"43e2d9e6\" data-element_type=\"container\">\n\t\t\t\t<div class=\"elementor-element elementor-element-5524bc60 textImage elementor-widget elementor-widget-text-editor\" data-id=\"5524bc60\" data-element_type=\"widget\" data-widget_type=\"text-editor.default\">\n\t\t\t\t<div class=\"elementor-widget-container\">\n\t\t\t\t\t\t\t\t\t<h3>Vivi di pi\u00f9 questo matrimonio a La Guarida<\/h3><p class=\"p1\"><span class=\"s1\">Goditi questo reel che abbiamo pubblicato su Instagram dei momenti pi\u00f9 memorabili di <span class=\"s3\">rinnovo dei voti a La Guarida<\/span> di Amanda e Leo.<\/span><\/p><p class=\"p1\"><span class=\"s1\">Dalla decorazione ai dettagli pi\u00f9 emozionanti che hanno reso questo matrimonio qualcosa di unico.<\/span><\/p>\t\t\t\t\t\t\t\t<\/div>\n\t\t\t\t<\/div>\n\t\t\t\t<\/div>\n\t\t\t\t\t<\/div>\n\t\t\t\t<\/div>\n\t\t<div class=\"elementor-element elementor-element-853f480 e-flex e-con-boxed e-con e-parent\" data-id=\"853f480\" data-element_type=\"container\">\n\t\t\t\t\t<div class=\"e-con-inner\">\n\t\t<div class=\"elementor-element elementor-element-a354026 e-con-full e-flex e-con e-child\" data-id=\"a354026\" data-element_type=\"container\">\n\t\t\t\t<div class=\"elementor-element elementor-element-7ba2f88 textImage elementor-widget elementor-widget-text-editor\" data-id=\"7ba2f88\" data-element_type=\"widget\" data-widget_type=\"text-editor.default\">\n\t\t\t\t<div class=\"elementor-widget-container\">\n\t\t\t\t\t\t\t\t\t<h3>Articolo consigliato del blog: <a href=\"https:\/\/airedefiestacuba.com\/it\/il-luogo-dei-preparativi-della-sposa\/\">Il luogo dei preparativi<\/a><\/h3>\t\t\t\t\t\t\t\t<\/div>\n\t\t\t\t<\/div>\n\t\t\t\t<\/div>\n\t\t\t\t\t<\/div>\n\t\t\t\t<\/div>\n\t\t<div class=\"elementor-element elementor-element-7f17cee1 e-flex e-con-boxed e-con e-parent\" data-id=\"7f17cee1\" data-element_type=\"container\">\n\t\t\t\t\t<div class=\"e-con-inner\">\n\t\t\t\t<div class=\"elementor-element elementor-element-afe1c32 elementor-widget elementor-widget-text-editor\" data-id=\"afe1c32\" data-element_type=\"widget\" data-widget_type=\"text-editor.default\">\n\t\t\t\t<div class=\"elementor-widget-container\">\n\t\t\t\t\t\t\t\t\t<p class=\"texto-image\" style=\"text-align: center;\"><strong>CONDIVIDI QUESTO MOMENTO<\/strong><\/p>\t\t\t\t\t\t\t\t<\/div>\n\t\t\t\t<\/div>\n\t\t\t\t\t<\/div>\n\t\t\t\t<\/div>\n\t\t\t\t<\/div>","protected":false},"excerpt":{"rendered":"<p>Il matrimonio a L'Avana di questa coppia \u00e8 stata una rinnovazione delle promesse a La Guarida. Tutta la decorazione \u00e8 stata ispirata dalle scarpe della sposa!<\/p>","protected":false},"author":14,"featured_media":11109,"comment_status":"open","ping_status":"open","sticky":false,"template":"","format":"image","meta":{"site-sidebar-layout":"default","site-content-layout":"","ast-site-content-layout":"default","site-content-style":"boxed","site-sidebar-style":"default","ast-global-header-display":"","ast-banner-title-visibility":"disabled","ast-main-header-display":"","ast-hfb-above-header-display":"","ast-hfb-below-header-display":"","ast-hfb-mobile-header-display":"","site-post-title":"","ast-breadcrumbs-content":"","ast-featured-img":"","footer-sml-layout":"","theme-transparent-header-meta":"","adv-header-id-meta":"","stick-header-meta":"","header-above-stick-meta":"","header-main-stick-meta":"","header-below-stick-meta":"","astra-migrate-meta-layouts":"set","ast-page-background-enabled":"default","ast-page-background-meta":{"desktop":{"background-color":"var(--ast-global-color-4)","background-image":"","background-repeat":"repeat","background-position":"center center","background-size":"auto","background-attachment":"scroll","background-type":"","background-media":"","overlay-type":"","overlay-color":"","overlay-opacity":"","overlay-gradient":""},"tablet":{"background-color":"","background-image":"","background-repeat":"repeat","background-position":"center center","background-size":"auto","background-attachment":"scroll","background-type":"","background-media":"","overlay-type":"","overlay-color":"","overlay-opacity":"","overlay-gradient":""},"mobile":{"background-color":"","background-image":"","background-repeat":"repeat","background-position":"center center","background-size":"auto","background-attachment":"scroll","background-type":"","background-media":"","overlay-type":"","overlay-color":"","overlay-opacity":"","overlay-gradient":""}},"ast-content-background-meta":{"desktop":{"background-color":"var(--ast-global-color-5)","background-image":"","background-repeat":"repeat","background-position":"center center","background-size":"auto","background-attachment":"scroll","background-type":"","background-media":"","overlay-type":"","overlay-color":"","overlay-opacity":"","overlay-gradient":""},"tablet":{"background-color":"var(--ast-global-color-5)","background-image":"","background-repeat":"repeat","background-position":"center center","background-size":"auto","background-attachment":"scroll","background-type":"","background-media":"","overlay-type":"","overlay-color":"","overlay-opacity":"","overlay-gradient":""},"mobile":{"background-color":"var(--ast-global-color-5)","background-image":"","background-repeat":"repeat","background-position":"center center","background-size":"auto","background-attachment":"scroll","background-type":"","background-media":"","overlay-type":"","overlay-color":"","overlay-opacity":"","overlay-gradient":""}},"footnotes":""},"categories":[17,221,258],"tags":[],"class_list":["post-11061","post","type-post","status-publish","format-image","has-post-thumbnail","hentry","category-bodas","category-fijas-en-el-home","category-bodas-en-la-habana","post_format-post-format-image"],"yoast_head":"<!-- This site is optimized with the Yoast SEO Premium plugin v24.1 (Yoast SEO v26.7) - https:\/\/yoast.com\/wordpress\/plugins\/seo\/ -->\n<title>Boda en La Guarida: Amanda y Leo<\/title>\n<meta name=\"description\" content=\"Boda en La Guarida: renovaci\u00f3n de votos en La Habana con un estilo tropical por los diez a\u00f1os de amor de Amanda y Leo.\" \/>\n<meta name=\"robots\" content=\"index, follow, max-snippet:-1, max-image-preview:large, max-video-preview:-1\" \/>\n<link rel=\"canonical\" href=\"https:\/\/airedefiestacuba.com\/it\/boda-en-la-guarida-amanda-leo\/\" \/>\n<meta property=\"og:locale\" content=\"it_IT\" \/>\n<meta property=\"og:type\" content=\"article\" \/>\n<meta property=\"og:title\" content=\"Boda en La Guarida: Decoraci\u00f3n tropical para Amanda y Leo\" \/>\n<meta property=\"og:description\" content=\"Boda en La Guarida: renovaci\u00f3n de votos en La Habana con un estilo tropical por los diez a\u00f1os de amor de Amanda y Leo.\" \/>\n<meta property=\"og:url\" content=\"https:\/\/airedefiestacuba.com\/it\/boda-en-la-guarida-amanda-leo\/\" \/>\n<meta property=\"og:site_name\" content=\"Bodas en Cuba | Organizadores Expertos con +10 A\u00f1os de \u00c9xito\" \/>\n<meta property=\"article:published_time\" content=\"2025-01-09T08:05:49+00:00\" \/>\n<meta property=\"article:modified_time\" content=\"2025-06-21T20:24:21+00:00\" \/>\n<meta property=\"og:image\" content=\"https:\/\/airedefiestacuba.com\/wp-content\/uploads\/2025\/01\/wedding-couple-stairs-la-guarida.jpg\" \/>\n\t<meta property=\"og:image:width\" content=\"1500\" \/>\n\t<meta property=\"og:image:height\" content=\"2248\" \/>\n\t<meta property=\"og:image:type\" content=\"image\/jpeg\" \/>\n<meta name=\"author\" content=\"andreratzi\" \/>\n<meta name=\"twitter:card\" content=\"summary_large_image\" \/>\n<meta name=\"twitter:label1\" content=\"Scritto da\" \/>\n\t<meta name=\"twitter:data1\" content=\"andreratzi\" \/>\n\t<meta name=\"twitter:label2\" content=\"Tempo di lettura stimato\" \/>\n\t<meta name=\"twitter:data2\" content=\"16 minuti\" \/>\n<script type=\"application\/ld+json\" class=\"yoast-schema-graph\">{\"@context\":\"https:\/\/schema.org\",\"@graph\":[{\"@type\":\"Article\",\"@id\":\"https:\/\/airedefiestacuba.com\/boda-en-la-guarida-amanda-leo\/#article\",\"isPartOf\":{\"@id\":\"https:\/\/airedefiestacuba.com\/boda-en-la-guarida-amanda-leo\/\"},\"author\":{\"name\":\"andreratzi\",\"@id\":\"https:\/\/airedefiestacuba.com\/#\/schema\/person\/1afae072f8e05c12b7fe4a1c0d0495d9\"},\"headline\":\"Boda en La Guarida: Decoraci\u00f3n tropical para Amanda y Leo\",\"datePublished\":\"2025-01-09T08:05:49+00:00\",\"dateModified\":\"2025-06-21T20:24:21+00:00\",\"mainEntityOfPage\":{\"@id\":\"https:\/\/airedefiestacuba.com\/boda-en-la-guarida-amanda-leo\/\"},\"wordCount\":10230,\"commentCount\":0,\"publisher\":{\"@id\":\"https:\/\/airedefiestacuba.com\/#organization\"},\"image\":{\"@id\":\"https:\/\/airedefiestacuba.com\/boda-en-la-guarida-amanda-leo\/#primaryimage\"},\"thumbnailUrl\":\"https:\/\/airedefiestacuba.com\/wp-content\/uploads\/2025\/01\/wedding-couple-stairs-la-guarida.jpg\",\"articleSection\":[\"Bodas\",\"Fijas en el Home\",\"Habana\"],\"inLanguage\":\"it-IT\",\"potentialAction\":[{\"@type\":\"CommentAction\",\"name\":\"Comment\",\"target\":[\"https:\/\/airedefiestacuba.com\/boda-en-la-guarida-amanda-leo\/#respond\"]}]},{\"@type\":\"WebPage\",\"@id\":\"https:\/\/airedefiestacuba.com\/boda-en-la-guarida-amanda-leo\/\",\"url\":\"https:\/\/airedefiestacuba.com\/boda-en-la-guarida-amanda-leo\/\",\"name\":\"Boda en La Guarida: Amanda y Leo\",\"isPartOf\":{\"@id\":\"https:\/\/airedefiestacuba.com\/#website\"},\"primaryImageOfPage\":{\"@id\":\"https:\/\/airedefiestacuba.com\/boda-en-la-guarida-amanda-leo\/#primaryimage\"},\"image\":{\"@id\":\"https:\/\/airedefiestacuba.com\/boda-en-la-guarida-amanda-leo\/#primaryimage\"},\"thumbnailUrl\":\"https:\/\/airedefiestacuba.com\/wp-content\/uploads\/2025\/01\/wedding-couple-stairs-la-guarida.jpg\",\"datePublished\":\"2025-01-09T08:05:49+00:00\",\"dateModified\":\"2025-06-21T20:24:21+00:00\",\"description\":\"Boda en La Guarida: renovaci\u00f3n de votos en La Habana con un estilo tropical por los diez a\u00f1os de amor de Amanda y Leo.\",\"breadcrumb\":{\"@id\":\"https:\/\/airedefiestacuba.com\/boda-en-la-guarida-amanda-leo\/#breadcrumb\"},\"inLanguage\":\"it-IT\",\"potentialAction\":[{\"@type\":\"ReadAction\",\"target\":[\"https:\/\/airedefiestacuba.com\/boda-en-la-guarida-amanda-leo\/\"]}]},{\"@type\":\"ImageObject\",\"inLanguage\":\"it-IT\",\"@id\":\"https:\/\/airedefiestacuba.com\/boda-en-la-guarida-amanda-leo\/#primaryimage\",\"url\":\"https:\/\/airedefiestacuba.com\/wp-content\/uploads\/2025\/01\/wedding-couple-stairs-la-guarida.jpg\",\"contentUrl\":\"https:\/\/airedefiestacuba.com\/wp-content\/uploads\/2025\/01\/wedding-couple-stairs-la-guarida.jpg\",\"width\":1500,\"height\":2248,\"caption\":\"Blog de bodas reales: Un momento memorable, los novios en la escalera de La Guarida, capturando la esencia rom\u00e1ntica y tropical de su boda.\"},{\"@type\":\"BreadcrumbList\",\"@id\":\"https:\/\/airedefiestacuba.com\/boda-en-la-guarida-amanda-leo\/#breadcrumb\",\"itemListElement\":[{\"@type\":\"ListItem\",\"position\":1,\"name\":\"Home\",\"item\":\"https:\/\/airedefiestacuba.com\/\"},{\"@type\":\"ListItem\",\"position\":2,\"name\":\"Boda en La Guarida: Decoraci\u00f3n tropical para Amanda y Leo\"}]},{\"@type\":\"WebSite\",\"@id\":\"https:\/\/airedefiestacuba.com\/#website\",\"url\":\"https:\/\/airedefiestacuba.com\/\",\"name\":\"Bodas en Cuba | Organizadores Expertos con +10 A\u00f1os de \u00c9xito\",\"description\":\"Expertos en bodas de destino en Cuba. Convertimos tu visi\u00f3n en una celebraci\u00f3n perfecta. Garantizamos que tu \u00fanico trabajo sea decir &quot;S\u00ed, quiero&quot;.\",\"publisher\":{\"@id\":\"https:\/\/airedefiestacuba.com\/#organization\"},\"potentialAction\":[{\"@type\":\"SearchAction\",\"target\":{\"@type\":\"EntryPoint\",\"urlTemplate\":\"https:\/\/airedefiestacuba.com\/?s={search_term_string}\"},\"query-input\":{\"@type\":\"PropertyValueSpecification\",\"valueRequired\":true,\"valueName\":\"search_term_string\"}}],\"inLanguage\":\"it-IT\"},{\"@type\":\"Organization\",\"@id\":\"https:\/\/airedefiestacuba.com\/#organization\",\"name\":\"Bodas en Cuba | Organizadores Expertos con +10 A\u00f1os de \u00c9xito\",\"url\":\"https:\/\/airedefiestacuba.com\/\",\"logo\":{\"@type\":\"ImageObject\",\"inLanguage\":\"it-IT\",\"@id\":\"https:\/\/airedefiestacuba.com\/#\/schema\/logo\/image\/\",\"url\":\"https:\/\/airedefiestacuba.com\/wp-content\/uploads\/2022\/03\/3Asset-3.png\",\"contentUrl\":\"https:\/\/airedefiestacuba.com\/wp-content\/uploads\/2022\/03\/3Asset-3.png\",\"width\":1460,\"height\":777,\"caption\":\"Bodas en Cuba | Organizadores Expertos con +10 A\u00f1os de \u00c9xito\"},\"image\":{\"@id\":\"https:\/\/airedefiestacuba.com\/#\/schema\/logo\/image\/\"}},{\"@type\":\"Person\",\"@id\":\"https:\/\/airedefiestacuba.com\/#\/schema\/person\/1afae072f8e05c12b7fe4a1c0d0495d9\",\"name\":\"andreratzi\",\"image\":{\"@type\":\"ImageObject\",\"inLanguage\":\"it-IT\",\"@id\":\"https:\/\/airedefiestacuba.com\/#\/schema\/person\/image\/\",\"url\":\"https:\/\/secure.gravatar.com\/avatar\/ead36fd5570df23567e1d9c7bc534e12862c32ddbd3836273b497c4a11f28577?s=96&d=mm&r=g\",\"contentUrl\":\"https:\/\/secure.gravatar.com\/avatar\/ead36fd5570df23567e1d9c7bc534e12862c32ddbd3836273b497c4a11f28577?s=96&d=mm&r=g\",\"caption\":\"andreratzi\"}}]}<\/script>\n<!-- \/ Yoast SEO Premium plugin. -->","yoast_head_json":{"title":"Matrimonio a La Guarida: Amanda e Leo","description":"Matrimonio a La Guarida: rinnovo dei voti a L'Avana in stile tropicale per i dieci anni d'amore di Amanda e Leo","robots":{"index":"index","follow":"follow","max-snippet":"max-snippet:-1","max-image-preview":"max-image-preview:large","max-video-preview":"max-video-preview:-1"},"canonical":"https:\/\/airedefiestacuba.com\/it\/boda-en-la-guarida-amanda-leo\/","og_locale":"it_IT","og_type":"article","og_title":"Boda en La Guarida: Decoraci\u00f3n tropical para Amanda y Leo","og_description":"Boda en La Guarida: renovaci\u00f3n de votos en La Habana con un estilo tropical por los diez a\u00f1os de amor de Amanda y Leo.","og_url":"https:\/\/airedefiestacuba.com\/it\/boda-en-la-guarida-amanda-leo\/","og_site_name":"Bodas en Cuba | Organizadores Expertos con +10 A\u00f1os de \u00c9xito","article_published_time":"2025-01-09T08:05:49+00:00","article_modified_time":"2025-06-21T20:24:21+00:00","og_image":[{"width":1500,"height":2248,"url":"https:\/\/airedefiestacuba.com\/wp-content\/uploads\/2025\/01\/wedding-couple-stairs-la-guarida.jpg","type":"image\/jpeg"}],"author":"andreratzi","twitter_card":"summary_large_image","twitter_misc":{"Scritto da":"andreratzi","Tempo di lettura stimato":"16 minuti"},"schema":{"@context":"https:\/\/schema.org","@graph":[{"@type":"Article","@id":"https:\/\/airedefiestacuba.com\/boda-en-la-guarida-amanda-leo\/#article","isPartOf":{"@id":"https:\/\/airedefiestacuba.com\/boda-en-la-guarida-amanda-leo\/"},"author":{"name":"andreratzi","@id":"https:\/\/airedefiestacuba.com\/#\/schema\/person\/1afae072f8e05c12b7fe4a1c0d0495d9"},"headline":"Boda en La Guarida: Decoraci\u00f3n tropical para Amanda y Leo","datePublished":"2025-01-09T08:05:49+00:00","dateModified":"2025-06-21T20:24:21+00:00","mainEntityOfPage":{"@id":"https:\/\/airedefiestacuba.com\/boda-en-la-guarida-amanda-leo\/"},"wordCount":10230,"commentCount":0,"publisher":{"@id":"https:\/\/airedefiestacuba.com\/#organization"},"image":{"@id":"https:\/\/airedefiestacuba.com\/boda-en-la-guarida-amanda-leo\/#primaryimage"},"thumbnailUrl":"https:\/\/airedefiestacuba.com\/wp-content\/uploads\/2025\/01\/wedding-couple-stairs-la-guarida.jpg","articleSection":["Bodas","Fijas en el Home","Habana"],"inLanguage":"it-IT","potentialAction":[{"@type":"CommentAction","name":"Comment","target":["https:\/\/airedefiestacuba.com\/boda-en-la-guarida-amanda-leo\/#respond"]}]},{"@type":"WebPage","@id":"https:\/\/airedefiestacuba.com\/boda-en-la-guarida-amanda-leo\/","url":"https:\/\/airedefiestacuba.com\/boda-en-la-guarida-amanda-leo\/","name":"Matrimonio a La Guarida: Amanda e Leo","isPartOf":{"@id":"https:\/\/airedefiestacuba.com\/#website"},"primaryImageOfPage":{"@id":"https:\/\/airedefiestacuba.com\/boda-en-la-guarida-amanda-leo\/#primaryimage"},"image":{"@id":"https:\/\/airedefiestacuba.com\/boda-en-la-guarida-amanda-leo\/#primaryimage"},"thumbnailUrl":"https:\/\/airedefiestacuba.com\/wp-content\/uploads\/2025\/01\/wedding-couple-stairs-la-guarida.jpg","datePublished":"2025-01-09T08:05:49+00:00","dateModified":"2025-06-21T20:24:21+00:00","description":"Matrimonio a La Guarida: rinnovo dei voti a L'Avana in stile tropicale per i dieci anni d'amore di Amanda e Leo","breadcrumb":{"@id":"https:\/\/airedefiestacuba.com\/boda-en-la-guarida-amanda-leo\/#breadcrumb"},"inLanguage":"it-IT","potentialAction":[{"@type":"ReadAction","target":["https:\/\/airedefiestacuba.com\/boda-en-la-guarida-amanda-leo\/"]}]},{"@type":"ImageObject","inLanguage":"it-IT","@id":"https:\/\/airedefiestacuba.com\/boda-en-la-guarida-amanda-leo\/#primaryimage","url":"https:\/\/airedefiestacuba.com\/wp-content\/uploads\/2025\/01\/wedding-couple-stairs-la-guarida.jpg","contentUrl":"https:\/\/airedefiestacuba.com\/wp-content\/uploads\/2025\/01\/wedding-couple-stairs-la-guarida.jpg","width":1500,"height":2248,"caption":"Blog de bodas reales: Un momento memorable, los novios en la escalera de La Guarida, capturando la esencia rom\u00e1ntica y tropical de su boda."},{"@type":"BreadcrumbList","@id":"https:\/\/airedefiestacuba.com\/boda-en-la-guarida-amanda-leo\/#breadcrumb","itemListElement":[{"@type":"ListItem","position":1,"name":"Home","item":"https:\/\/airedefiestacuba.com\/"},{"@type":"ListItem","position":2,"name":"Boda en La Guarida: Decoraci\u00f3n tropical para Amanda y Leo"}]},{"@type":"WebSite","@id":"https:\/\/airedefiestacuba.com\/#website","url":"https:\/\/airedefiestacuba.com\/","name":"Matrimoni a Cuba | Wedding planner esperti con oltre 10 anni di successi","description":"Esperti in matrimoni di destinazione a Cuba. Trasformiamo la tua visione in una celebrazione perfetta. Garantiamo che il tuo unico compito sar\u00e0 dire \"S\u00ec, lo voglio\".","publisher":{"@id":"https:\/\/airedefiestacuba.com\/#organization"},"potentialAction":[{"@type":"SearchAction","target":{"@type":"EntryPoint","urlTemplate":"https:\/\/airedefiestacuba.com\/?s={search_term_string}"},"query-input":{"@type":"PropertyValueSpecification","valueRequired":true,"valueName":"search_term_string"}}],"inLanguage":"it-IT"},{"@type":"Organization","@id":"https:\/\/airedefiestacuba.com\/#organization","name":"Matrimoni a Cuba | Wedding planner esperti con oltre 10 anni di successi","url":"https:\/\/airedefiestacuba.com\/","logo":{"@type":"ImageObject","inLanguage":"it-IT","@id":"https:\/\/airedefiestacuba.com\/#\/schema\/logo\/image\/","url":"https:\/\/airedefiestacuba.com\/wp-content\/uploads\/2022\/03\/3Asset-3.png","contentUrl":"https:\/\/airedefiestacuba.com\/wp-content\/uploads\/2022\/03\/3Asset-3.png","width":1460,"height":777,"caption":"Bodas en Cuba | Organizadores Expertos con +10 A\u00f1os de \u00c9xito"},"image":{"@id":"https:\/\/airedefiestacuba.com\/#\/schema\/logo\/image\/"}},{"@type":"Person","@id":"https:\/\/airedefiestacuba.com\/#\/schema\/person\/1afae072f8e05c12b7fe4a1c0d0495d9","name":"andreratzi","image":{"@type":"ImageObject","inLanguage":"it-IT","@id":"https:\/\/airedefiestacuba.com\/#\/schema\/person\/image\/","url":"https:\/\/secure.gravatar.com\/avatar\/ead36fd5570df23567e1d9c7bc534e12862c32ddbd3836273b497c4a11f28577?s=96&d=mm&r=g","contentUrl":"https:\/\/secure.gravatar.com\/avatar\/ead36fd5570df23567e1d9c7bc534e12862c32ddbd3836273b497c4a11f28577?s=96&d=mm&r=g","caption":"andreratzi"}}]}},"_links":{"self":[{"href":"https:\/\/airedefiestacuba.com\/it\/wp-json\/wp\/v2\/posts\/11061","targetHints":{"allow":["GET"]}}],"collection":[{"href":"https:\/\/airedefiestacuba.com\/it\/wp-json\/wp\/v2\/posts"}],"about":[{"href":"https:\/\/airedefiestacuba.com\/it\/wp-json\/wp\/v2\/types\/post"}],"author":[{"embeddable":true,"href":"https:\/\/airedefiestacuba.com\/it\/wp-json\/wp\/v2\/users\/14"}],"replies":[{"embeddable":true,"href":"https:\/\/airedefiestacuba.com\/it\/wp-json\/wp\/v2\/comments?post=11061"}],"version-history":[{"count":45,"href":"https:\/\/airedefiestacuba.com\/it\/wp-json\/wp\/v2\/posts\/11061\/revisions"}],"predecessor-version":[{"id":25250,"href":"https:\/\/airedefiestacuba.com\/it\/wp-json\/wp\/v2\/posts\/11061\/revisions\/25250"}],"wp:featuredmedia":[{"embeddable":true,"href":"https:\/\/airedefiestacuba.com\/it\/wp-json\/wp\/v2\/media\/11109"}],"wp:attachment":[{"href":"https:\/\/airedefiestacuba.com\/it\/wp-json\/wp\/v2\/media?parent=11061"}],"wp:term":[{"taxonomy":"category","embeddable":true,"href":"https:\/\/airedefiestacuba.com\/it\/wp-json\/wp\/v2\/categories?post=11061"},{"taxonomy":"post_tag","embeddable":true,"href":"https:\/\/airedefiestacuba.com\/it\/wp-json\/wp\/v2\/tags?post=11061"}],"curies":[{"name":"wp","href":"https:\/\/api.w.org\/{rel}","templated":true}]}}