{"id":4049,"date":"2024-04-21T21:33:35","date_gmt":"2024-04-21T19:33:35","guid":{"rendered":"https:\/\/airedefiestacuba.com\/?p=4049"},"modified":"2025-08-28T04:54:40","modified_gmt":"2025-08-28T02:54:40","slug":"vanessa-y-david-boda-de-jardin","status":"publish","type":"post","link":"https:\/\/airedefiestacuba.com\/en\/vanessa-y-david-boda-de-jardin\/","title":{"rendered":"Vanessa and David, garden wedding with fairy lights"},"content":{"rendered":"<div id=\"ez-toc-container\" class=\"ez-toc-v2_0_80 ez-toc-wrap-left counter-hierarchy ez-toc-counter ez-toc-white ez-toc-container-direction\">\n<div class=\"ez-toc-title-container\">\n<p class=\"ez-toc-title\" style=\"cursor:inherit\">Table of Contents<\/p>\n<span class=\"ez-toc-title-toggle\"><a href=\"#\" class=\"ez-toc-pull-right ez-toc-btn ez-toc-btn-xs ez-toc-btn-default ez-toc-toggle\" aria-label=\"Toggle Table of Content\"><span class=\"ez-toc-js-icon-con\"><span class=\"\"><span class=\"eztoc-hide\" style=\"display:none;\">Toggle<\/span><span class=\"ez-toc-icon-toggle-span\"><svg style=\"fill: #999;color:#999\" xmlns=\"http:\/\/www.w3.org\/2000\/svg\" class=\"list-377408\" width=\"20px\" height=\"20px\" viewbox=\"0 0 24 24\" fill=\"none\"><path d=\"M6 6H4v2h2V6zm14 0H8v2h12V6zM4 11h2v2H4v-2zm16 0H8v2h12v-2zM4 16h2v2H4v-2zm16 0H8v2h12v-2z\" fill=\"currentColor\"><\/path><\/svg><svg style=\"fill: #999;color:#999\" class=\"arrow-unsorted-368013\" xmlns=\"http:\/\/www.w3.org\/2000\/svg\" width=\"10px\" height=\"10px\" viewbox=\"0 0 24 24\" version=\"1.2\" baseprofile=\"tiny\"><path d=\"M18.2 9.3l-6.2-6.3-6.2 6.3c-.2.2-.3.4-.3.7s.1.5.3.7c.2.2.4.3.7.3h11c.3 0 .5-.1.7-.3.2-.2.3-.5.3-.7s-.1-.5-.3-.7zM5.8 14.7l6.2 6.3 6.2-6.3c.2-.2.3-.5.3-.7s-.1-.5-.3-.7c-.2-.2-.4-.3-.7-.3h-11c-.3 0-.5.1-.7.3-.2.2-.3.5-.3.7s.1.5.3.7z\"\/><\/svg><\/span><\/span><\/span><\/a><\/span><\/div>\n<nav><ul class='ez-toc-list ez-toc-list-level-1 eztoc-toggle-hide-by-default' ><li class='ez-toc-page-1 ez-toc-heading-level-2'><a class=\"ez-toc-link ez-toc-heading-1\" href=\"https:\/\/airedefiestacuba.com\/en\/vanessa-y-david-boda-de-jardin\/#Un_Sueno_de_Cuento_de_Hadas_Boda_de_Jardin\" >A Fairytale Dream: Garden Wedding<\/a><\/li><li class='ez-toc-page-1 ez-toc-heading-level-2'><a class=\"ez-toc-link ez-toc-heading-2\" href=\"https:\/\/airedefiestacuba.com\/en\/vanessa-y-david-boda-de-jardin\/#El_Encanto_Floral_de_la_Ceremonia\" >The Floral Charm of the Ceremony\u00a0<\/a><\/li><li class='ez-toc-page-1 ez-toc-heading-level-2'><a class=\"ez-toc-link ez-toc-heading-3\" href=\"https:\/\/airedefiestacuba.com\/en\/vanessa-y-david-boda-de-jardin\/#Ambiente_Romantico_y_Acogedor\" >Romantic and Cozy Atmosphere\u00a0<\/a><\/li><li class='ez-toc-page-1 ez-toc-heading-level-2'><a class=\"ez-toc-link ez-toc-heading-4\" href=\"https:\/\/airedefiestacuba.com\/en\/vanessa-y-david-boda-de-jardin\/#Celebracion_Personalizada_y_Divertida\" >Personalized and Fun Celebration\u00a0<\/a><\/li><li class='ez-toc-page-1 ez-toc-heading-level-2'><a class=\"ez-toc-link ez-toc-heading-5\" href=\"https:\/\/airedefiestacuba.com\/en\/vanessa-y-david-boda-de-jardin\/#Creatividad_en_Cada_Rincon\" >Creativity in Every Corner\u00a0<\/a><\/li><li class='ez-toc-page-1 ez-toc-heading-level-2'><a class=\"ez-toc-link ez-toc-heading-6\" href=\"https:\/\/airedefiestacuba.com\/en\/vanessa-y-david-boda-de-jardin\/#Proveedores\" >Suppliers:<\/a><\/li><\/ul><\/nav><\/div>\n\t\t<div data-elementor-type=\"wp-post\" data-elementor-id=\"4049\" class=\"elementor elementor-4049\" data-elementor-post-type=\"post\">\n\t\t\t\t<div class=\"elementor-element elementor-element-264d39bb e-con-full e-flex e-con e-parent\" data-id=\"264d39bb\" data-element_type=\"container\">\n\t\t<div class=\"elementor-element elementor-element-2a85a4d8 e-con-full e-flex e-con e-child\" data-id=\"2a85a4d8\" data-element_type=\"container\">\n\t\t\t\t<div class=\"elementor-element elementor-element-847b863 elementor-widget-tablet__width-initial elementor-widget__width-initial elementor-widget elementor-widget-image\" data-id=\"847b863\" data-element_type=\"widget\" data-widget_type=\"image.default\">\n\t\t\t\t<div class=\"elementor-widget-container\">\n\t\t\t\t\t\t\t\t\t\t\t\t\t\t\t<img fetchpriority=\"high\" decoding=\"async\" width=\"1024\" height=\"425\" src=\"https:\/\/airedefiestacuba.com\/wp-content\/uploads\/2025\/06\/Asset-23@10x1-1024x425.png\" class=\"attachment-large size-large wp-image-24966\" alt=\"Aire de Fiesta logo, wedding planning in Cuba\" srcset=\"\" sizes=\"(max-width: 1024px) 100vw, 1024px\" data-srcset=\"\" \/>\t\t\t\t\t\t\t\t\t\t\t\t\t\t\t<\/div>\n\t\t\t\t<\/div>\n\t\t\t\t<div class=\"elementor-element elementor-element-40750bf4 elementor-hidden-desktop elementor-hidden-tablet elementor-widget elementor-widget-image\" data-id=\"40750bf4\" data-element_type=\"widget\" data-widget_type=\"image.default\">\n\t\t\t\t<div class=\"elementor-widget-container\">\n\t\t\t\t\t\t\t\t\t\t\t\t\t\t\t<img decoding=\"async\" width=\"683\" height=\"1024\" src=\"https:\/\/airedefiestacuba.com\/wp-content\/uploads\/2024\/04\/romantic-kiss-garden-wedding-vanessa-david-683x1024.jpg\" class=\"attachment-large size-large wp-image-4069\" alt=\"A newlywed couple kisses in front of the floral gazebo at the garden wedding\" srcset=\"https:\/\/airedefiestacuba.com\/wp-content\/uploads\/2024\/04\/romantic-kiss-garden-wedding-vanessa-david-683x1024.jpg 683w, https:\/\/airedefiestacuba.com\/wp-content\/uploads\/2024\/04\/romantic-kiss-garden-wedding-vanessa-david-200x300.jpg 200w, https:\/\/airedefiestacuba.com\/wp-content\/uploads\/2024\/04\/romantic-kiss-garden-wedding-vanessa-david-768x1152.jpg 768w, https:\/\/airedefiestacuba.com\/wp-content\/uploads\/2024\/04\/romantic-kiss-garden-wedding-vanessa-david-1024x1536.jpg 1024w, https:\/\/airedefiestacuba.com\/wp-content\/uploads\/2024\/04\/romantic-kiss-garden-wedding-vanessa-david-8x12.jpg 8w, https:\/\/airedefiestacuba.com\/wp-content\/uploads\/2024\/04\/romantic-kiss-garden-wedding-vanessa-david.jpg 1280w\" sizes=\"(max-width: 683px) 100vw, 683px\" \/>\t\t\t\t\t\t\t\t\t\t\t\t\t\t\t<\/div>\n\t\t\t\t<\/div>\n\t\t\t\t<div class=\"elementor-element elementor-element-71d4be21 sumary elementor-widget elementor-widget-text-editor\" data-id=\"71d4be21\" data-element_type=\"widget\" data-widget_type=\"text-editor.default\">\n\t\t\t\t<div class=\"elementor-widget-container\">\n\t\t\t\t\t\t\t\t\t<h4>Vanessa and David<\/h4>\n<h1>Garden wedding<\/h1>\n<p>Vanessa and David celebrated a charming <strong>Garden wedding<\/strong> with an elegant style. The ceremony stood out for its pastel tones and a floral path that enhanced the beauty of the garden, ensuring that the magic of the place was part of the celebration. The lighting with fairy lights and the design of the spaces contributed to a warm and welcoming atmosphere. The party area, with relaxed furniture and a personalized candy table, allowed for moments of gratitude, traditions, and fun with friends. <\/p>\t\t\t\t\t\t\t\t<\/div>\n\t\t\t\t<\/div>\n\t\t\t\t<div class=\"elementor-element elementor-element-7cd873a1 premium-modal-dismissible-yes elementor-widget elementor-widget-premium-addon-modal-box\" data-id=\"7cd873a1\" data-element_type=\"widget\" data-settings=\"{&quot;premium_modal_box_animation&quot;:&quot;fadeInDown&quot;}\" data-widget_type=\"premium-addon-modal-box.default\">\n\t\t\t\t<div class=\"elementor-widget-container\">\n\t\t\t\t\t\r\n\t\t<div class=\"premium-modal-box-container\" data-settings=\"{&quot;trigger&quot;:&quot;button&quot;,&quot;show_on_exit&quot;:false}\">\r\n\t\t\t<div class=\"premium-modal-trigger-container\">\r\n\t\t\t\t\t\t\t\t\t<button data-toggle=\"premium-modal\" data-target=\"#premium-modal-7cd873a1\" type=\"button\" class=\"premium-modal-trigger-btn premium-btn-sm premium-button-none\" data-text=\"Leer m\u00e1s\">\r\n\r\n\t\t\t\t\t\t\r\n\t\t\t\t\t\t<div class=\"premium-button-text-icon-wrapper\">\r\n\t\t\t\t\t\t\t<span>Read more<\/span>\r\n\t\t\t\t\t\t<\/div>\r\n\r\n\t\t\t\t\t\t\r\n\t\t\t\t\t\t\r\n\t\t\t\t\t\t\r\n\t\t\t\t\t<\/button>\r\n\t\t\t\t\t\t\t<\/div>\r\n\r\n\t\t\t<div id=\"premium-modal-7cd873a1\" class=\"premium-modal-box-modal\"\r\n\t\t\trole=\"dialog\"\r\n\t\t\tstyle=\"display: none\"\r\n\t\t\t>\r\n\t\t\t\t<div class=\"premium-modal-box-modal-dialog\" data-delay-animation=\"\" data-modal-animation=\"fadeInDown animated-fast\">\r\n\t\t\t\t\t\t\t\t\t\t\t<div class=\"premium-modal-box-modal-header\">\r\n\t\t\t\t\t\t\t\t\t\t\t\t\t\t\t<h3 class=\"premium-modal-box-modal-title\">\r\n\t\t\t\t\t\t\t\t\t\t\t\t<img decoding=\"async\" src=\"\" alt=\"\">\r\n\t\t\tCaja en blanco \t\t\t\t\t\t\t\t<\/h3>\r\n\t\t\t\t\t\t\t\t\t\t\t\t\t\t\t\t\t\t\t\t\t\t<div class=\"premium-modal-box-close-button-container\">\r\n\t\t\t\t\t\t\t\t\t<button type=\"button\" class=\"premium-modal-box-modal-close\" data-dismiss=\"premium-modal\">\u00d7<\/button>\r\n\t\t\t\t\t\t\t\t<\/div>\r\n\t\t\t\t\t\t\t\t\t\t\t\t\t<\/div>\r\n\t\t\t\t\t\t\t\t\t\t<div class=\"premium-modal-box-modal-body\">\r\n\t\t\t\t\t\t<h2 class=\"mb-2 last:mb-0\"><span class=\"ez-toc-section\" id=\"Un_Sueno_de_Cuento_de_Hadas_Boda_de_Jardin\"><\/span>A Fairytale Dream: Garden Wedding<span class=\"ez-toc-section-end\"><\/span><\/h2><p>Celebrating a garden wedding with an elegant style can be the perfect choice for a couple who loves the happy endings of fairy tales. For Vanessa and David, the decision was clear: they wanted to set a romantic tone for the entire celebration.<\/p><h2 class=\"mb-2 last:mb-0\"><span class=\"ez-toc-section\" id=\"El_Encanto_Floral_de_la_Ceremonia\"><\/span>The Floral Charm of the Ceremony\u00a0<strong><br \/><\/strong><span class=\"ez-toc-section-end\"><\/span><\/h2><p>The ceremony was a visual feast, with pastel tones and a bountiful array of flowers adorning the aisle, enhancing the natural beauty of the garden setting. The venue's inherent allure, combined with these enchanting elements, set the stage for a truly magical experience.<\/p><h2><span class=\"ez-toc-section\" id=\"Ambiente_Romantico_y_Acogedor\"><\/span>Romantic and Cozy Atmosphere\u00a0<strong><br \/><\/strong><span class=\"ez-toc-section-end\"><\/span><\/h2><p>The design of the spaces and the lighting with fairy lights covering the entire dinner area was another success of this garden wedding in Havana. The combination of nature with the warm atmosphere created a romantic ambiance that is hard to find elsewhere.<\/p><h2 class=\"mb-2 last:mb-0\"><span class=\"ez-toc-section\" id=\"Celebracion_Personalizada_y_Divertida\"><\/span>Personalized and Fun Celebration\u00a0<strong><br \/><\/strong><span class=\"ez-toc-section-end\"><\/span><\/h2><p>The party area, with more relaxed furniture, also made space for a candy table featuring several of the couple's favorites. The evening was filled with words of gratitude, wedding traditions, photos with friends, and music. Another advantage, undoubtedly, of a garden wedding, personalized down to the smallest details.<\/p><h2 class=\"mb-2 last:mb-0\"><span class=\"ez-toc-section\" id=\"Creatividad_en_Cada_Rincon\"><\/span>Creativity in Every Corner\u00a0<strong><br \/><\/strong><span class=\"ez-toc-section-end\"><\/span><\/h2><p>And we've saved the detail we love the most for last: this beautiful wedding took place in our House, the event space where we can transform every corner and let our creativity soar.<\/p>\t\t\t\t\t<\/div>\r\n\t\t\t\t\t\t\t\t\t\t\t<div class=\"premium-modal-box-modal-footer\">\r\n\t\t\t\t\t\t\t<button type=\"button\" class=\"premium-modal-box-modal-lower-close\" data-dismiss=\"premium-modal\">\r\n\t\t\t\t\t\t\t\tClose\t\t\t\t\t\t\t<\/button>\r\n\t\t\t\t\t\t<\/div>\r\n\t\t\t\t\t\t\t\t\t<\/div>\r\n\t\t\t<\/div>\r\n\t\t<\/div>\r\n\r\n\t\t\t\t\t\t<\/div>\n\t\t\t\t<\/div>\n\t\t\t\t<\/div>\n\t\t<div class=\"elementor-element elementor-element-6157cc0 e-con-full e-flex e-con e-child\" data-id=\"6157cc0\" data-element_type=\"container\">\n\t\t\t\t<div class=\"elementor-element elementor-element-7dda6fe6 elementor-hidden-mobile elementor-widget elementor-widget-image\" data-id=\"7dda6fe6\" data-element_type=\"widget\" data-widget_type=\"image.default\">\n\t\t\t\t<div class=\"elementor-widget-container\">\n\t\t\t\t\t\t\t\t\t\t\t\t\t\t\t<img decoding=\"async\" width=\"683\" height=\"1024\" src=\"https:\/\/airedefiestacuba.com\/wp-content\/uploads\/2024\/04\/romantic-kiss-garden-wedding-vanessa-david-683x1024.jpg\" class=\"attachment-large size-large wp-image-4069\" alt=\"A newlywed couple kisses in front of the floral gazebo at the garden wedding\" srcset=\"https:\/\/airedefiestacuba.com\/wp-content\/uploads\/2024\/04\/romantic-kiss-garden-wedding-vanessa-david-683x1024.jpg 683w, https:\/\/airedefiestacuba.com\/wp-content\/uploads\/2024\/04\/romantic-kiss-garden-wedding-vanessa-david-200x300.jpg 200w, https:\/\/airedefiestacuba.com\/wp-content\/uploads\/2024\/04\/romantic-kiss-garden-wedding-vanessa-david-768x1152.jpg 768w, https:\/\/airedefiestacuba.com\/wp-content\/uploads\/2024\/04\/romantic-kiss-garden-wedding-vanessa-david-1024x1536.jpg 1024w, https:\/\/airedefiestacuba.com\/wp-content\/uploads\/2024\/04\/romantic-kiss-garden-wedding-vanessa-david-8x12.jpg 8w, https:\/\/airedefiestacuba.com\/wp-content\/uploads\/2024\/04\/romantic-kiss-garden-wedding-vanessa-david.jpg 1280w\" sizes=\"(max-width: 683px) 100vw, 683px\" \/>\t\t\t\t\t\t\t\t\t\t\t\t\t\t\t<\/div>\n\t\t\t\t<\/div>\n\t\t\t\t<\/div>\n\t\t\t\t<\/div>\n\t\t<div class=\"elementor-element elementor-element-72b4e4cf e-flex e-con-boxed e-con e-parent\" data-id=\"72b4e4cf\" data-element_type=\"container\">\n\t\t\t\t\t<div class=\"e-con-inner\">\n\t\t<div class=\"elementor-element elementor-element-6c627c3f e-con-full e-flex e-con e-child\" data-id=\"6c627c3f\" data-element_type=\"container\">\n\t\t\t\t<\/div>\n\t\t<div class=\"elementor-element elementor-element-7438836 e-con-full e-flex e-con e-child\" data-id=\"7438836\" data-element_type=\"container\">\n\t\t\t\t<div class=\"elementor-element elementor-element-374ea778 elementor-widget__width-initial provider elementor-widget elementor-widget-text-editor\" data-id=\"374ea778\" data-element_type=\"widget\" data-widget_type=\"text-editor.default\">\n\t\t\t\t<div class=\"elementor-widget-container\">\n\t\t\t\t\t\t\t\t\t<h2 class=\"proveedores-titulo\"><span class=\"ez-toc-section\" id=\"Proveedores\"><\/span>Suppliers:<span class=\"ez-toc-section-end\"><\/span><\/h2><h3>Coordination, Decoration, and Floristry:<\/h3><p>Aire de Fiesta<\/p><h3>Photography:<\/h3><p><a href=\"https:\/\/www.instagram.com\/pop_estudio?igsh=djJ1cG41b3NmdXVl\">Pop Estudio<\/a><\/p><h3>Wedding cake:<\/h3><p><a href=\"https:\/\/www.instagram.com\/firiscake?igsh=Zm9mYmc2eGphamYz\">Firi\u00b4s Cake<\/a><\/p>\t\t\t\t\t\t\t\t<\/div>\n\t\t\t\t<\/div>\n\t\t\t\t<\/div>\n\t\t\t\t\t<\/div>\n\t\t\t\t<\/div>\n\t\t<div class=\"elementor-element elementor-element-2c82213 e-flex e-con-boxed e-con e-parent\" data-id=\"2c82213\" data-element_type=\"container\">\n\t\t\t\t\t<div class=\"e-con-inner\">\n\t\t\t\t<div class=\"elementor-element elementor-element-290f493 elementor-widget elementor-widget-image\" data-id=\"290f493\" data-element_type=\"widget\" data-widget_type=\"image.default\">\n\t\t\t\t<div class=\"elementor-widget-container\">\n\t\t\t\t\t\t\t\t\t\t\t\t\t\t\t<img decoding=\"async\" width=\"1024\" height=\"757\" src=\"https:\/\/airedefiestacuba.com\/wp-content\/uploads\/2024\/04\/3D6F13A7-6BC8-4B43-BF7D-A0C1D7F0A9F9_1_201_a-1024x757.jpeg\" class=\"attachment-large size-large wp-image-28180\" alt=\"\" srcset=\"https:\/\/airedefiestacuba.com\/wp-content\/uploads\/2024\/04\/3D6F13A7-6BC8-4B43-BF7D-A0C1D7F0A9F9_1_201_a-1024x757.jpeg 1024w, https:\/\/airedefiestacuba.com\/wp-content\/uploads\/2024\/04\/3D6F13A7-6BC8-4B43-BF7D-A0C1D7F0A9F9_1_201_a-300x222.jpeg 300w, https:\/\/airedefiestacuba.com\/wp-content\/uploads\/2024\/04\/3D6F13A7-6BC8-4B43-BF7D-A0C1D7F0A9F9_1_201_a-768x568.jpeg 768w, https:\/\/airedefiestacuba.com\/wp-content\/uploads\/2024\/04\/3D6F13A7-6BC8-4B43-BF7D-A0C1D7F0A9F9_1_201_a-1536x1136.jpeg 1536w, https:\/\/airedefiestacuba.com\/wp-content\/uploads\/2024\/04\/3D6F13A7-6BC8-4B43-BF7D-A0C1D7F0A9F9_1_201_a-2048x1514.jpeg 2048w, https:\/\/airedefiestacuba.com\/wp-content\/uploads\/2024\/04\/3D6F13A7-6BC8-4B43-BF7D-A0C1D7F0A9F9_1_201_a-16x12.jpeg 16w\" sizes=\"(max-width: 1024px) 100vw, 1024px\" \/>\t\t\t\t\t\t\t\t\t\t\t\t\t\t\t<\/div>\n\t\t\t\t<\/div>\n\t\t\t\t\t<\/div>\n\t\t\t\t<\/div>\n\t\t<div class=\"elementor-element elementor-element-6c9c93d e-flex e-con-boxed e-con e-parent\" data-id=\"6c9c93d\" data-element_type=\"container\">\n\t\t\t\t\t<div class=\"e-con-inner\">\n\t\t\t\t<div class=\"elementor-element elementor-element-ecee5f9 elementor-widget elementor-widget-image\" data-id=\"ecee5f9\" data-element_type=\"widget\" data-widget_type=\"image.default\">\n\t\t\t\t<div class=\"elementor-widget-container\">\n\t\t\t\t\t\t\t\t\t\t\t\t\t\t\t<img loading=\"lazy\" decoding=\"async\" width=\"1024\" height=\"672\" src=\"https:\/\/airedefiestacuba.com\/wp-content\/uploads\/2024\/04\/7B4DB7F4-D6C4-4237-B3F3-26FC843AF1D0_1_201_a-1024x672.jpeg\" class=\"attachment-large size-large wp-image-28178\" alt=\"\" srcset=\"https:\/\/airedefiestacuba.com\/wp-content\/uploads\/2024\/04\/7B4DB7F4-D6C4-4237-B3F3-26FC843AF1D0_1_201_a-1024x672.jpeg 1024w, https:\/\/airedefiestacuba.com\/wp-content\/uploads\/2024\/04\/7B4DB7F4-D6C4-4237-B3F3-26FC843AF1D0_1_201_a-300x197.jpeg 300w, https:\/\/airedefiestacuba.com\/wp-content\/uploads\/2024\/04\/7B4DB7F4-D6C4-4237-B3F3-26FC843AF1D0_1_201_a-768x504.jpeg 768w, https:\/\/airedefiestacuba.com\/wp-content\/uploads\/2024\/04\/7B4DB7F4-D6C4-4237-B3F3-26FC843AF1D0_1_201_a-1536x1007.jpeg 1536w, https:\/\/airedefiestacuba.com\/wp-content\/uploads\/2024\/04\/7B4DB7F4-D6C4-4237-B3F3-26FC843AF1D0_1_201_a-2048x1343.jpeg 2048w, https:\/\/airedefiestacuba.com\/wp-content\/uploads\/2024\/04\/7B4DB7F4-D6C4-4237-B3F3-26FC843AF1D0_1_201_a-18x12.jpeg 18w\" sizes=\"(max-width: 1024px) 100vw, 1024px\" \/>\t\t\t\t\t\t\t\t\t\t\t\t\t\t\t<\/div>\n\t\t\t\t<\/div>\n\t\t\t\t\t<\/div>\n\t\t\t\t<\/div>\n\t\t<div class=\"elementor-element elementor-element-35e96e77 e-flex e-con-boxed e-con e-parent\" data-id=\"35e96e77\" data-element_type=\"container\">\n\t\t\t\t\t<div class=\"e-con-inner\">\n\t\t<div class=\"elementor-element elementor-element-4d1d095a e-con-full e-flex e-con e-child\" data-id=\"4d1d095a\" data-element_type=\"container\">\n\t\t\t\t<div class=\"elementor-element elementor-element-53be210d elementor-widget elementor-widget-image\" data-id=\"53be210d\" data-element_type=\"widget\" data-widget_type=\"image.default\">\n\t\t\t\t<div class=\"elementor-widget-container\">\n\t\t\t\t\t\t\t\t\t\t\t\t\t\t\t<img loading=\"lazy\" decoding=\"async\" width=\"683\" height=\"1024\" src=\"https:\/\/airedefiestacuba.com\/wp-content\/uploads\/2024\/04\/IMG_7556-683x1024.jpg\" class=\"attachment-large size-large wp-image-28182\" alt=\"\" srcset=\"https:\/\/airedefiestacuba.com\/wp-content\/uploads\/2024\/04\/IMG_7556-683x1024.jpg 683w, https:\/\/airedefiestacuba.com\/wp-content\/uploads\/2024\/04\/IMG_7556-200x300.jpg 200w, https:\/\/airedefiestacuba.com\/wp-content\/uploads\/2024\/04\/IMG_7556-768x1151.jpg 768w, https:\/\/airedefiestacuba.com\/wp-content\/uploads\/2024\/04\/IMG_7556-1025x1536.jpg 1025w, https:\/\/airedefiestacuba.com\/wp-content\/uploads\/2024\/04\/IMG_7556-8x12.jpg 8w, https:\/\/airedefiestacuba.com\/wp-content\/uploads\/2024\/04\/IMG_7556.jpg 1086w\" sizes=\"(max-width: 683px) 100vw, 683px\" \/>\t\t\t\t\t\t\t\t\t\t\t\t\t\t\t<\/div>\n\t\t\t\t<\/div>\n\t\t\t\t<\/div>\n\t\t<div class=\"elementor-element elementor-element-53b3a5d3 e-con-full e-flex e-con e-child\" data-id=\"53b3a5d3\" data-element_type=\"container\">\n\t\t\t\t<div class=\"elementor-element elementor-element-131368b9 elementor-widget elementor-widget-image\" data-id=\"131368b9\" data-element_type=\"widget\" data-widget_type=\"image.default\">\n\t\t\t\t<div class=\"elementor-widget-container\">\n\t\t\t\t\t\t\t\t\t\t\t\t\t\t\t<img loading=\"lazy\" decoding=\"async\" width=\"683\" height=\"1024\" src=\"https:\/\/airedefiestacuba.com\/wp-content\/uploads\/2024\/04\/bride-getting-ready-garden-wedding-vanessa-683x1024.jpg\" class=\"attachment-large size-large wp-image-4053\" alt=\"Vanessa smiles while holding her white bouquet during the preparations for the garden wedding.\" srcset=\"https:\/\/airedefiestacuba.com\/wp-content\/uploads\/2024\/04\/bride-getting-ready-garden-wedding-vanessa-683x1024.jpg 683w, https:\/\/airedefiestacuba.com\/wp-content\/uploads\/2024\/04\/bride-getting-ready-garden-wedding-vanessa-200x300.jpg 200w, https:\/\/airedefiestacuba.com\/wp-content\/uploads\/2024\/04\/bride-getting-ready-garden-wedding-vanessa-768x1152.jpg 768w, https:\/\/airedefiestacuba.com\/wp-content\/uploads\/2024\/04\/bride-getting-ready-garden-wedding-vanessa-1024x1536.jpg 1024w, https:\/\/airedefiestacuba.com\/wp-content\/uploads\/2024\/04\/bride-getting-ready-garden-wedding-vanessa-8x12.jpg 8w, https:\/\/airedefiestacuba.com\/wp-content\/uploads\/2024\/04\/bride-getting-ready-garden-wedding-vanessa.jpg 1280w\" sizes=\"(max-width: 683px) 100vw, 683px\" \/>\t\t\t\t\t\t\t\t\t\t\t\t\t\t\t<\/div>\n\t\t\t\t<\/div>\n\t\t\t\t<\/div>\n\t\t\t\t\t<\/div>\n\t\t\t\t<\/div>\n\t\t<div class=\"elementor-element elementor-element-5ab9e90 e-flex e-con-boxed e-con e-parent\" data-id=\"5ab9e90\" data-element_type=\"container\">\n\t\t\t\t\t<div class=\"e-con-inner\">\n\t\t<div class=\"elementor-element elementor-element-382a01d e-con-full e-flex e-con e-child\" data-id=\"382a01d\" data-element_type=\"container\">\n\t\t\t\t<div class=\"elementor-element elementor-element-611954c elementor-widget elementor-widget-image\" data-id=\"611954c\" data-element_type=\"widget\" data-widget_type=\"image.default\">\n\t\t\t\t<div class=\"elementor-widget-container\">\n\t\t\t\t\t\t\t\t\t\t\t\t\t\t\t<img loading=\"lazy\" decoding=\"async\" width=\"683\" height=\"1024\" src=\"https:\/\/airedefiestacuba.com\/wp-content\/uploads\/2024\/04\/IMG_7718-683x1024.jpg\" class=\"attachment-large size-large wp-image-28341\" alt=\"\" srcset=\"https:\/\/airedefiestacuba.com\/wp-content\/uploads\/2024\/04\/IMG_7718-683x1024.jpg 683w, https:\/\/airedefiestacuba.com\/wp-content\/uploads\/2024\/04\/IMG_7718-200x300.jpg 200w, https:\/\/airedefiestacuba.com\/wp-content\/uploads\/2024\/04\/IMG_7718-768x1152.jpg 768w, https:\/\/airedefiestacuba.com\/wp-content\/uploads\/2024\/04\/IMG_7718-8x12.jpg 8w, https:\/\/airedefiestacuba.com\/wp-content\/uploads\/2024\/04\/IMG_7718.jpg 898w\" sizes=\"(max-width: 683px) 100vw, 683px\" \/>\t\t\t\t\t\t\t\t\t\t\t\t\t\t\t<\/div>\n\t\t\t\t<\/div>\n\t\t\t\t<\/div>\n\t\t<div class=\"elementor-element elementor-element-984a78b e-con-full e-flex e-con e-child\" data-id=\"984a78b\" data-element_type=\"container\">\n\t\t\t\t<div class=\"elementor-element elementor-element-7fa1ca5 elementor-widget elementor-widget-image\" data-id=\"7fa1ca5\" data-element_type=\"widget\" data-widget_type=\"image.default\">\n\t\t\t\t<div class=\"elementor-widget-container\">\n\t\t\t\t\t\t\t\t\t\t\t\t\t\t\t<img loading=\"lazy\" decoding=\"async\" width=\"683\" height=\"1024\" src=\"https:\/\/airedefiestacuba.com\/wp-content\/uploads\/2024\/04\/IMG_7703-683x1024.jpg\" class=\"attachment-large size-large wp-image-28342\" alt=\"\" srcset=\"https:\/\/airedefiestacuba.com\/wp-content\/uploads\/2024\/04\/IMG_7703-683x1024.jpg 683w, https:\/\/airedefiestacuba.com\/wp-content\/uploads\/2024\/04\/IMG_7703-200x300.jpg 200w, https:\/\/airedefiestacuba.com\/wp-content\/uploads\/2024\/04\/IMG_7703-768x1152.jpg 768w, https:\/\/airedefiestacuba.com\/wp-content\/uploads\/2024\/04\/IMG_7703-8x12.jpg 8w, https:\/\/airedefiestacuba.com\/wp-content\/uploads\/2024\/04\/IMG_7703.jpg 873w\" sizes=\"(max-width: 683px) 100vw, 683px\" \/>\t\t\t\t\t\t\t\t\t\t\t\t\t\t\t<\/div>\n\t\t\t\t<\/div>\n\t\t\t\t<\/div>\n\t\t\t\t\t<\/div>\n\t\t\t\t<\/div>\n\t\t<div class=\"elementor-element elementor-element-ed30f45 e-flex e-con-boxed e-con e-parent\" data-id=\"ed30f45\" data-element_type=\"container\">\n\t\t\t\t\t<div class=\"e-con-inner\">\n\t\t\t\t<div class=\"elementor-element elementor-element-6fd20b2 elementor-widget elementor-widget-image\" data-id=\"6fd20b2\" data-element_type=\"widget\" data-widget_type=\"image.default\">\n\t\t\t\t<div class=\"elementor-widget-container\">\n\t\t\t\t\t\t\t\t\t\t\t\t\t\t\t<img loading=\"lazy\" decoding=\"async\" width=\"1451\" height=\"967\" src=\"https:\/\/airedefiestacuba.com\/wp-content\/uploads\/2024\/04\/IMG_7771.jpg\" class=\"attachment-full size-full wp-image-28343\" alt=\"\" srcset=\"https:\/\/airedefiestacuba.com\/wp-content\/uploads\/2024\/04\/IMG_7771.jpg 1451w, https:\/\/airedefiestacuba.com\/wp-content\/uploads\/2024\/04\/IMG_7771-300x200.jpg 300w, https:\/\/airedefiestacuba.com\/wp-content\/uploads\/2024\/04\/IMG_7771-1024x682.jpg 1024w, https:\/\/airedefiestacuba.com\/wp-content\/uploads\/2024\/04\/IMG_7771-768x512.jpg 768w, https:\/\/airedefiestacuba.com\/wp-content\/uploads\/2024\/04\/IMG_7771-18x12.jpg 18w\" sizes=\"(max-width: 1451px) 100vw, 1451px\" \/>\t\t\t\t\t\t\t\t\t\t\t\t\t\t\t<\/div>\n\t\t\t\t<\/div>\n\t\t\t\t\t<\/div>\n\t\t\t\t<\/div>\n\t\t<div class=\"elementor-element elementor-element-4ad7565 e-flex e-con-boxed e-con e-parent\" data-id=\"4ad7565\" data-element_type=\"container\">\n\t\t\t\t\t<div class=\"e-con-inner\">\n\t\t<div class=\"elementor-element elementor-element-20b57c1 e-con-full e-flex e-con e-child\" data-id=\"20b57c1\" data-element_type=\"container\">\n\t\t\t\t<div class=\"elementor-element elementor-element-ea2c166 elementor-widget elementor-widget-image\" data-id=\"ea2c166\" data-element_type=\"widget\" data-widget_type=\"image.default\">\n\t\t\t\t<div class=\"elementor-widget-container\">\n\t\t\t\t\t\t\t\t\t\t\t\t\t\t\t<img loading=\"lazy\" decoding=\"async\" width=\"682\" height=\"1024\" src=\"https:\/\/airedefiestacuba.com\/wp-content\/uploads\/2024\/04\/IMG_7866-682x1024.jpg\" class=\"attachment-large size-large wp-image-28347\" alt=\"\" srcset=\"https:\/\/airedefiestacuba.com\/wp-content\/uploads\/2024\/04\/IMG_7866-682x1024.jpg 682w, https:\/\/airedefiestacuba.com\/wp-content\/uploads\/2024\/04\/IMG_7866-200x300.jpg 200w, https:\/\/airedefiestacuba.com\/wp-content\/uploads\/2024\/04\/IMG_7866-768x1152.jpg 768w, https:\/\/airedefiestacuba.com\/wp-content\/uploads\/2024\/04\/IMG_7866-8x12.jpg 8w, https:\/\/airedefiestacuba.com\/wp-content\/uploads\/2024\/04\/IMG_7866.jpg 895w\" sizes=\"(max-width: 682px) 100vw, 682px\" \/>\t\t\t\t\t\t\t\t\t\t\t\t\t\t\t<\/div>\n\t\t\t\t<\/div>\n\t\t\t\t<\/div>\n\t\t<div class=\"elementor-element elementor-element-d1ffea1 e-con-full e-flex e-con e-child\" data-id=\"d1ffea1\" data-element_type=\"container\">\n\t\t\t\t<div class=\"elementor-element elementor-element-d60466c elementor-widget elementor-widget-image\" data-id=\"d60466c\" data-element_type=\"widget\" data-widget_type=\"image.default\">\n\t\t\t\t<div class=\"elementor-widget-container\">\n\t\t\t\t\t\t\t\t\t\t\t\t\t\t\t<img loading=\"lazy\" decoding=\"async\" width=\"683\" height=\"1024\" src=\"https:\/\/airedefiestacuba.com\/wp-content\/uploads\/2024\/04\/IMG_7868-683x1024.jpg\" class=\"attachment-large size-large wp-image-28348\" alt=\"\" srcset=\"https:\/\/airedefiestacuba.com\/wp-content\/uploads\/2024\/04\/IMG_7868-683x1024.jpg 683w, https:\/\/airedefiestacuba.com\/wp-content\/uploads\/2024\/04\/IMG_7868-200x300.jpg 200w, https:\/\/airedefiestacuba.com\/wp-content\/uploads\/2024\/04\/IMG_7868-768x1152.jpg 768w, https:\/\/airedefiestacuba.com\/wp-content\/uploads\/2024\/04\/IMG_7868-8x12.jpg 8w, https:\/\/airedefiestacuba.com\/wp-content\/uploads\/2024\/04\/IMG_7868.jpg 850w\" sizes=\"(max-width: 683px) 100vw, 683px\" \/>\t\t\t\t\t\t\t\t\t\t\t\t\t\t\t<\/div>\n\t\t\t\t<\/div>\n\t\t\t\t<\/div>\n\t\t\t\t\t<\/div>\n\t\t\t\t<\/div>\n\t\t<div class=\"elementor-element elementor-element-4124d58 e-flex e-con-boxed e-con e-parent\" data-id=\"4124d58\" data-element_type=\"container\">\n\t\t\t\t\t<div class=\"e-con-inner\">\n\t\t<div class=\"elementor-element elementor-element-8a7be0a e-con-full e-flex e-con e-child\" data-id=\"8a7be0a\" data-element_type=\"container\">\n\t\t\t\t<div class=\"elementor-element elementor-element-8a46b4d elementor-widget elementor-widget-image\" data-id=\"8a46b4d\" data-element_type=\"widget\" data-widget_type=\"image.default\">\n\t\t\t\t<div class=\"elementor-widget-container\">\n\t\t\t\t\t\t\t\t\t\t\t\t\t\t\t<img loading=\"lazy\" decoding=\"async\" width=\"683\" height=\"1024\" src=\"https:\/\/airedefiestacuba.com\/wp-content\/uploads\/2024\/04\/IMG_7910-683x1024.jpg\" class=\"attachment-large size-large wp-image-28349\" alt=\"\" srcset=\"https:\/\/airedefiestacuba.com\/wp-content\/uploads\/2024\/04\/IMG_7910-683x1024.jpg 683w, https:\/\/airedefiestacuba.com\/wp-content\/uploads\/2024\/04\/IMG_7910-200x300.jpg 200w, https:\/\/airedefiestacuba.com\/wp-content\/uploads\/2024\/04\/IMG_7910-768x1152.jpg 768w, https:\/\/airedefiestacuba.com\/wp-content\/uploads\/2024\/04\/IMG_7910-1024x1536.jpg 1024w, https:\/\/airedefiestacuba.com\/wp-content\/uploads\/2024\/04\/IMG_7910-8x12.jpg 8w, https:\/\/airedefiestacuba.com\/wp-content\/uploads\/2024\/04\/IMG_7910.jpg 1086w\" sizes=\"(max-width: 683px) 100vw, 683px\" \/>\t\t\t\t\t\t\t\t\t\t\t\t\t\t\t<\/div>\n\t\t\t\t<\/div>\n\t\t\t\t<\/div>\n\t\t<div class=\"elementor-element elementor-element-dd70f95 e-con-full e-flex e-con e-child\" data-id=\"dd70f95\" data-element_type=\"container\">\n\t\t\t\t<\/div>\n\t\t\t\t\t<\/div>\n\t\t\t\t<\/div>\n\t\t<div class=\"elementor-element elementor-element-6cb080b e-flex e-con-boxed e-con e-parent\" data-id=\"6cb080b\" data-element_type=\"container\">\n\t\t\t\t\t<div class=\"e-con-inner\">\n\t\t<div class=\"elementor-element elementor-element-29beffa e-con-full e-flex e-con e-child\" data-id=\"29beffa\" data-element_type=\"container\">\n\t\t\t\t<div class=\"elementor-element elementor-element-9a36924 elementor-widget elementor-widget-image\" data-id=\"9a36924\" data-element_type=\"widget\" data-widget_type=\"image.default\">\n\t\t\t\t<div class=\"elementor-widget-container\">\n\t\t\t\t\t\t\t\t\t\t\t\t\t\t\t<img loading=\"lazy\" decoding=\"async\" width=\"683\" height=\"1024\" src=\"https:\/\/airedefiestacuba.com\/wp-content\/uploads\/2024\/04\/IMG_7640-683x1024.jpg\" class=\"attachment-large size-large wp-image-28364\" alt=\"\" srcset=\"https:\/\/airedefiestacuba.com\/wp-content\/uploads\/2024\/04\/IMG_7640-683x1024.jpg 683w, https:\/\/airedefiestacuba.com\/wp-content\/uploads\/2024\/04\/IMG_7640-200x300.jpg 200w, https:\/\/airedefiestacuba.com\/wp-content\/uploads\/2024\/04\/IMG_7640-768x1152.jpg 768w, https:\/\/airedefiestacuba.com\/wp-content\/uploads\/2024\/04\/IMG_7640-1024x1536.jpg 1024w, https:\/\/airedefiestacuba.com\/wp-content\/uploads\/2024\/04\/IMG_7640-8x12.jpg 8w, https:\/\/airedefiestacuba.com\/wp-content\/uploads\/2024\/04\/IMG_7640.jpg 1275w\" sizes=\"(max-width: 683px) 100vw, 683px\" \/>\t\t\t\t\t\t\t\t\t\t\t\t\t\t\t<\/div>\n\t\t\t\t<\/div>\n\t\t\t\t<\/div>\n\t\t<div class=\"elementor-element elementor-element-d1c84d7 e-con-full e-flex e-con e-child\" data-id=\"d1c84d7\" data-element_type=\"container\">\n\t\t\t\t<div class=\"elementor-element elementor-element-7a9ced5 elementor-widget elementor-widget-image\" data-id=\"7a9ced5\" data-element_type=\"widget\" data-widget_type=\"image.default\">\n\t\t\t\t<div class=\"elementor-widget-container\">\n\t\t\t\t\t\t\t\t\t\t\t\t\t\t\t<img loading=\"lazy\" decoding=\"async\" width=\"682\" height=\"1024\" src=\"https:\/\/airedefiestacuba.com\/wp-content\/uploads\/2024\/04\/IMG_7652-682x1024.jpg\" class=\"attachment-large size-large wp-image-28365\" alt=\"\" srcset=\"https:\/\/airedefiestacuba.com\/wp-content\/uploads\/2024\/04\/IMG_7652-682x1024.jpg 682w, https:\/\/airedefiestacuba.com\/wp-content\/uploads\/2024\/04\/IMG_7652-200x300.jpg 200w, https:\/\/airedefiestacuba.com\/wp-content\/uploads\/2024\/04\/IMG_7652-768x1153.jpg 768w, https:\/\/airedefiestacuba.com\/wp-content\/uploads\/2024\/04\/IMG_7652-1023x1536.jpg 1023w, https:\/\/airedefiestacuba.com\/wp-content\/uploads\/2024\/04\/IMG_7652-8x12.jpg 8w, https:\/\/airedefiestacuba.com\/wp-content\/uploads\/2024\/04\/IMG_7652.jpg 1286w\" sizes=\"(max-width: 682px) 100vw, 682px\" \/>\t\t\t\t\t\t\t\t\t\t\t\t\t\t\t<\/div>\n\t\t\t\t<\/div>\n\t\t\t\t<\/div>\n\t\t\t\t\t<\/div>\n\t\t\t\t<\/div>\n\t\t<div class=\"elementor-element elementor-element-ace6cdd e-flex e-con-boxed e-con e-parent\" data-id=\"ace6cdd\" data-element_type=\"container\">\n\t\t\t\t\t<div class=\"e-con-inner\">\n\t\t<div class=\"elementor-element elementor-element-fcbbcb3 e-con-full e-flex e-con e-child\" data-id=\"fcbbcb3\" data-element_type=\"container\">\n\t\t\t\t<div class=\"elementor-element elementor-element-22e6aef elementor-widget elementor-widget-image\" data-id=\"22e6aef\" data-element_type=\"widget\" data-widget_type=\"image.default\">\n\t\t\t\t<div class=\"elementor-widget-container\">\n\t\t\t\t\t\t\t\t\t\t\t\t\t\t\t<img loading=\"lazy\" decoding=\"async\" width=\"682\" height=\"1024\" src=\"https:\/\/airedefiestacuba.com\/wp-content\/uploads\/2024\/04\/IMG_7966-682x1024.jpg\" class=\"attachment-large size-large wp-image-28351\" alt=\"\" srcset=\"https:\/\/airedefiestacuba.com\/wp-content\/uploads\/2024\/04\/IMG_7966-682x1024.jpg 682w, https:\/\/airedefiestacuba.com\/wp-content\/uploads\/2024\/04\/IMG_7966-200x300.jpg 200w, https:\/\/airedefiestacuba.com\/wp-content\/uploads\/2024\/04\/IMG_7966-768x1152.jpg 768w, https:\/\/airedefiestacuba.com\/wp-content\/uploads\/2024\/04\/IMG_7966-8x12.jpg 8w, https:\/\/airedefiestacuba.com\/wp-content\/uploads\/2024\/04\/IMG_7966.jpg 863w\" sizes=\"(max-width: 682px) 100vw, 682px\" \/>\t\t\t\t\t\t\t\t\t\t\t\t\t\t\t<\/div>\n\t\t\t\t<\/div>\n\t\t\t\t<\/div>\n\t\t<div class=\"elementor-element elementor-element-0620763 e-con-full e-flex e-con e-child\" data-id=\"0620763\" data-element_type=\"container\">\n\t\t\t\t<div class=\"elementor-element elementor-element-2140d66 elementor-widget elementor-widget-image\" data-id=\"2140d66\" data-element_type=\"widget\" data-widget_type=\"image.default\">\n\t\t\t\t<div class=\"elementor-widget-container\">\n\t\t\t\t\t\t\t\t\t\t\t\t\t\t\t<img loading=\"lazy\" decoding=\"async\" width=\"683\" height=\"1024\" src=\"https:\/\/airedefiestacuba.com\/wp-content\/uploads\/2024\/04\/bride-smiling-gazebo-garden-wedding-683x1024.jpg\" class=\"attachment-large size-large wp-image-4065\" alt=\"The bride holds her white flower bouquet under the gazebo decorated with foliage and roses at her garden wedding\" srcset=\"https:\/\/airedefiestacuba.com\/wp-content\/uploads\/2024\/04\/bride-smiling-gazebo-garden-wedding-683x1024.jpg 683w, https:\/\/airedefiestacuba.com\/wp-content\/uploads\/2024\/04\/bride-smiling-gazebo-garden-wedding-200x300.jpg 200w, https:\/\/airedefiestacuba.com\/wp-content\/uploads\/2024\/04\/bride-smiling-gazebo-garden-wedding-768x1152.jpg 768w, https:\/\/airedefiestacuba.com\/wp-content\/uploads\/2024\/04\/bride-smiling-gazebo-garden-wedding-1024x1536.jpg 1024w, https:\/\/airedefiestacuba.com\/wp-content\/uploads\/2024\/04\/bride-smiling-gazebo-garden-wedding-8x12.jpg 8w, https:\/\/airedefiestacuba.com\/wp-content\/uploads\/2024\/04\/bride-smiling-gazebo-garden-wedding.jpg 1280w\" sizes=\"(max-width: 683px) 100vw, 683px\" \/>\t\t\t\t\t\t\t\t\t\t\t\t\t\t\t<\/div>\n\t\t\t\t<\/div>\n\t\t\t\t<\/div>\n\t\t\t\t\t<\/div>\n\t\t\t\t<\/div>\n\t\t<div class=\"elementor-element elementor-element-f7600c9 e-flex e-con-boxed e-con e-parent\" data-id=\"f7600c9\" data-element_type=\"container\">\n\t\t\t\t\t<div class=\"e-con-inner\">\n\t\t<div class=\"elementor-element elementor-element-ac224c5 e-con-full e-flex e-con e-child\" data-id=\"ac224c5\" data-element_type=\"container\">\n\t\t\t\t<\/div>\n\t\t<div class=\"elementor-element elementor-element-f36830a e-con-full e-flex e-con e-child\" data-id=\"f36830a\" data-element_type=\"container\">\n\t\t\t\t<div class=\"elementor-element elementor-element-f80a734 elementor-widget elementor-widget-image\" data-id=\"f80a734\" data-element_type=\"widget\" data-widget_type=\"image.default\">\n\t\t\t\t<div class=\"elementor-widget-container\">\n\t\t\t\t\t\t\t\t\t\t\t\t\t\t\t<img loading=\"lazy\" decoding=\"async\" width=\"683\" height=\"1024\" src=\"https:\/\/airedefiestacuba.com\/wp-content\/uploads\/2024\/04\/IMG_8014-683x1024.jpg\" class=\"attachment-large size-large wp-image-28353\" alt=\"\" srcset=\"https:\/\/airedefiestacuba.com\/wp-content\/uploads\/2024\/04\/IMG_8014-683x1024.jpg 683w, https:\/\/airedefiestacuba.com\/wp-content\/uploads\/2024\/04\/IMG_8014-200x300.jpg 200w, https:\/\/airedefiestacuba.com\/wp-content\/uploads\/2024\/04\/IMG_8014-768x1151.jpg 768w, https:\/\/airedefiestacuba.com\/wp-content\/uploads\/2024\/04\/IMG_8014-8x12.jpg 8w, https:\/\/airedefiestacuba.com\/wp-content\/uploads\/2024\/04\/IMG_8014.jpg 858w\" sizes=\"(max-width: 683px) 100vw, 683px\" \/>\t\t\t\t\t\t\t\t\t\t\t\t\t\t\t<\/div>\n\t\t\t\t<\/div>\n\t\t\t\t<\/div>\n\t\t\t\t\t<\/div>\n\t\t\t\t<\/div>\n\t\t<div class=\"elementor-element elementor-element-75e918e4 e-flex e-con-boxed e-con e-parent\" data-id=\"75e918e4\" data-element_type=\"container\">\n\t\t\t\t\t<div class=\"e-con-inner\">\n\t\t\t\t<div class=\"elementor-element elementor-element-4aa3af4f elementor-widget elementor-widget-image\" data-id=\"4aa3af4f\" data-element_type=\"widget\" data-widget_type=\"image.default\">\n\t\t\t\t<div class=\"elementor-widget-container\">\n\t\t\t\t\t\t\t\t\t\t\t\t\t\t\t<img loading=\"lazy\" decoding=\"async\" width=\"1920\" height=\"1280\" src=\"https:\/\/airedefiestacuba.com\/wp-content\/uploads\/2024\/04\/wedding-group-photo-garden-celebration.jpg\" class=\"attachment-full size-full wp-image-4067\" alt=\"The couple smile with their guests at the garden wedding organized by Aire de Fiesta\" srcset=\"https:\/\/airedefiestacuba.com\/wp-content\/uploads\/2024\/04\/wedding-group-photo-garden-celebration.jpg 1920w, https:\/\/airedefiestacuba.com\/wp-content\/uploads\/2024\/04\/wedding-group-photo-garden-celebration-300x200.jpg 300w, https:\/\/airedefiestacuba.com\/wp-content\/uploads\/2024\/04\/wedding-group-photo-garden-celebration-1024x683.jpg 1024w, https:\/\/airedefiestacuba.com\/wp-content\/uploads\/2024\/04\/wedding-group-photo-garden-celebration-768x512.jpg 768w, https:\/\/airedefiestacuba.com\/wp-content\/uploads\/2024\/04\/wedding-group-photo-garden-celebration-1536x1024.jpg 1536w, https:\/\/airedefiestacuba.com\/wp-content\/uploads\/2024\/04\/wedding-group-photo-garden-celebration-18x12.jpg 18w\" sizes=\"(max-width: 1920px) 100vw, 1920px\" \/>\t\t\t\t\t\t\t\t\t\t\t\t\t\t\t<\/div>\n\t\t\t\t<\/div>\n\t\t\t\t\t<\/div>\n\t\t\t\t<\/div>\n\t\t<div class=\"elementor-element elementor-element-4381d60 e-flex e-con-boxed e-con e-parent\" data-id=\"4381d60\" data-element_type=\"container\">\n\t\t\t\t\t<div class=\"e-con-inner\">\n\t\t\t\t<div class=\"elementor-element elementor-element-1f95b3c elementor-widget elementor-widget-image\" data-id=\"1f95b3c\" data-element_type=\"widget\" data-widget_type=\"image.default\">\n\t\t\t\t<div class=\"elementor-widget-container\">\n\t\t\t\t\t\t\t\t\t\t\t\t\t\t\t<img loading=\"lazy\" decoding=\"async\" width=\"1341\" height=\"894\" src=\"https:\/\/airedefiestacuba.com\/wp-content\/uploads\/2024\/04\/IMG_8051.jpg\" class=\"attachment-full size-full wp-image-28352\" alt=\"\" srcset=\"https:\/\/airedefiestacuba.com\/wp-content\/uploads\/2024\/04\/IMG_8051.jpg 1341w, https:\/\/airedefiestacuba.com\/wp-content\/uploads\/2024\/04\/IMG_8051-300x200.jpg 300w, https:\/\/airedefiestacuba.com\/wp-content\/uploads\/2024\/04\/IMG_8051-1024x683.jpg 1024w, https:\/\/airedefiestacuba.com\/wp-content\/uploads\/2024\/04\/IMG_8051-768x512.jpg 768w, https:\/\/airedefiestacuba.com\/wp-content\/uploads\/2024\/04\/IMG_8051-18x12.jpg 18w\" sizes=\"(max-width: 1341px) 100vw, 1341px\" \/>\t\t\t\t\t\t\t\t\t\t\t\t\t\t\t<\/div>\n\t\t\t\t<\/div>\n\t\t\t\t\t<\/div>\n\t\t\t\t<\/div>\n\t\t<div class=\"elementor-element elementor-element-1e80949 e-flex e-con-boxed e-con e-parent\" data-id=\"1e80949\" data-element_type=\"container\">\n\t\t\t\t\t<div class=\"e-con-inner\">\n\t\t\t\t\t<\/div>\n\t\t\t\t<\/div>\n\t\t<div class=\"elementor-element elementor-element-a8b5521 e-flex e-con-boxed e-con e-parent\" data-id=\"a8b5521\" data-element_type=\"container\">\n\t\t\t\t\t<div class=\"e-con-inner\">\n\t\t<div class=\"elementor-element elementor-element-9dcecc3 e-con-full e-flex e-con e-child\" data-id=\"9dcecc3\" data-element_type=\"container\">\n\t\t\t\t<div class=\"elementor-element elementor-element-25b30ca elementor-widget elementor-widget-image\" data-id=\"25b30ca\" data-element_type=\"widget\" data-widget_type=\"image.default\">\n\t\t\t\t<div class=\"elementor-widget-container\">\n\t\t\t\t\t\t\t\t\t\t\t\t\t\t\t<img loading=\"lazy\" decoding=\"async\" width=\"682\" height=\"1024\" src=\"https:\/\/airedefiestacuba.com\/wp-content\/uploads\/2024\/04\/newlyweds-garden-wedding-vanessa-david-682x1024.jpg\" class=\"attachment-large size-large wp-image-4068\" alt=\"The couple smile under the floral arch at their garden wedding\" srcset=\"https:\/\/airedefiestacuba.com\/wp-content\/uploads\/2024\/04\/newlyweds-garden-wedding-vanessa-david-682x1024.jpg 682w, https:\/\/airedefiestacuba.com\/wp-content\/uploads\/2024\/04\/newlyweds-garden-wedding-vanessa-david-200x300.jpg 200w, https:\/\/airedefiestacuba.com\/wp-content\/uploads\/2024\/04\/newlyweds-garden-wedding-vanessa-david-768x1152.jpg 768w, https:\/\/airedefiestacuba.com\/wp-content\/uploads\/2024\/04\/newlyweds-garden-wedding-vanessa-david-1024x1536.jpg 1024w, https:\/\/airedefiestacuba.com\/wp-content\/uploads\/2024\/04\/newlyweds-garden-wedding-vanessa-david-8x12.jpg 8w, https:\/\/airedefiestacuba.com\/wp-content\/uploads\/2024\/04\/newlyweds-garden-wedding-vanessa-david.jpg 1229w\" sizes=\"(max-width: 682px) 100vw, 682px\" \/>\t\t\t\t\t\t\t\t\t\t\t\t\t\t\t<\/div>\n\t\t\t\t<\/div>\n\t\t\t\t<\/div>\n\t\t<div class=\"elementor-element elementor-element-a480971 e-con-full e-flex e-con e-child\" data-id=\"a480971\" data-element_type=\"container\">\n\t\t\t\t<div class=\"elementor-element elementor-element-315a257 elementor-widget elementor-widget-image\" data-id=\"315a257\" data-element_type=\"widget\" data-widget_type=\"image.default\">\n\t\t\t\t<div class=\"elementor-widget-container\">\n\t\t\t\t\t\t\t\t\t\t\t\t\t\t\t<img decoding=\"async\" width=\"683\" height=\"1024\" src=\"https:\/\/airedefiestacuba.com\/wp-content\/uploads\/2024\/04\/romantic-kiss-garden-wedding-vanessa-david-683x1024.jpg\" class=\"attachment-large size-large wp-image-4069\" alt=\"A newlywed couple kisses in front of the floral gazebo at the garden wedding\" srcset=\"https:\/\/airedefiestacuba.com\/wp-content\/uploads\/2024\/04\/romantic-kiss-garden-wedding-vanessa-david-683x1024.jpg 683w, https:\/\/airedefiestacuba.com\/wp-content\/uploads\/2024\/04\/romantic-kiss-garden-wedding-vanessa-david-200x300.jpg 200w, https:\/\/airedefiestacuba.com\/wp-content\/uploads\/2024\/04\/romantic-kiss-garden-wedding-vanessa-david-768x1152.jpg 768w, https:\/\/airedefiestacuba.com\/wp-content\/uploads\/2024\/04\/romantic-kiss-garden-wedding-vanessa-david-1024x1536.jpg 1024w, https:\/\/airedefiestacuba.com\/wp-content\/uploads\/2024\/04\/romantic-kiss-garden-wedding-vanessa-david-8x12.jpg 8w, https:\/\/airedefiestacuba.com\/wp-content\/uploads\/2024\/04\/romantic-kiss-garden-wedding-vanessa-david.jpg 1280w\" sizes=\"(max-width: 683px) 100vw, 683px\" \/>\t\t\t\t\t\t\t\t\t\t\t\t\t\t\t<\/div>\n\t\t\t\t<\/div>\n\t\t\t\t<\/div>\n\t\t\t\t\t<\/div>\n\t\t\t\t<\/div>\n\t\t<div class=\"elementor-element elementor-element-87a9adf e-flex e-con-boxed e-con e-parent\" data-id=\"87a9adf\" data-element_type=\"container\">\n\t\t\t\t\t<div class=\"e-con-inner\">\n\t\t<div class=\"elementor-element elementor-element-7201025 e-con-full e-flex e-con e-child\" data-id=\"7201025\" data-element_type=\"container\">\n\t\t\t\t<div class=\"elementor-element elementor-element-256c33a elementor-widget elementor-widget-image\" data-id=\"256c33a\" data-element_type=\"widget\" data-widget_type=\"image.default\">\n\t\t\t\t<div class=\"elementor-widget-container\">\n\t\t\t\t\t\t\t\t\t\t\t\t\t\t\t<img loading=\"lazy\" decoding=\"async\" width=\"682\" height=\"1024\" src=\"https:\/\/airedefiestacuba.com\/wp-content\/uploads\/2024\/04\/bride-bridesmaids-garden-wedding-vanessa-david-682x1024.jpg\" class=\"attachment-large size-large wp-image-4071\" alt=\"Bride with her bridesmaids at the garden wedding\" srcset=\"https:\/\/airedefiestacuba.com\/wp-content\/uploads\/2024\/04\/bride-bridesmaids-garden-wedding-vanessa-david-682x1024.jpg 682w, https:\/\/airedefiestacuba.com\/wp-content\/uploads\/2024\/04\/bride-bridesmaids-garden-wedding-vanessa-david-200x300.jpg 200w, https:\/\/airedefiestacuba.com\/wp-content\/uploads\/2024\/04\/bride-bridesmaids-garden-wedding-vanessa-david-768x1152.jpg 768w, https:\/\/airedefiestacuba.com\/wp-content\/uploads\/2024\/04\/bride-bridesmaids-garden-wedding-vanessa-david-1024x1536.jpg 1024w, https:\/\/airedefiestacuba.com\/wp-content\/uploads\/2024\/04\/bride-bridesmaids-garden-wedding-vanessa-david-8x12.jpg 8w, https:\/\/airedefiestacuba.com\/wp-content\/uploads\/2024\/04\/bride-bridesmaids-garden-wedding-vanessa-david.jpg 1229w\" sizes=\"(max-width: 682px) 100vw, 682px\" \/>\t\t\t\t\t\t\t\t\t\t\t\t\t\t\t<\/div>\n\t\t\t\t<\/div>\n\t\t\t\t<\/div>\n\t\t<div class=\"elementor-element elementor-element-d9d4724 e-con-full e-flex e-con e-child\" data-id=\"d9d4724\" data-element_type=\"container\">\n\t\t\t\t<div class=\"elementor-element elementor-element-4c5333c elementor-widget elementor-widget-image\" data-id=\"4c5333c\" data-element_type=\"widget\" data-widget_type=\"image.default\">\n\t\t\t\t<div class=\"elementor-widget-container\">\n\t\t\t\t\t\t\t\t\t\t\t\t\t\t\t<img loading=\"lazy\" decoding=\"async\" width=\"683\" height=\"1024\" src=\"https:\/\/airedefiestacuba.com\/wp-content\/uploads\/2024\/04\/bride-garden-wedding-vanessa-david-683x1024.jpg\" class=\"attachment-large size-large wp-image-4070\" alt=\"Smiling bride with a white bouquet in the wedding garden\" srcset=\"https:\/\/airedefiestacuba.com\/wp-content\/uploads\/2024\/04\/bride-garden-wedding-vanessa-david-683x1024.jpg 683w, https:\/\/airedefiestacuba.com\/wp-content\/uploads\/2024\/04\/bride-garden-wedding-vanessa-david-200x300.jpg 200w, https:\/\/airedefiestacuba.com\/wp-content\/uploads\/2024\/04\/bride-garden-wedding-vanessa-david-768x1152.jpg 768w, https:\/\/airedefiestacuba.com\/wp-content\/uploads\/2024\/04\/bride-garden-wedding-vanessa-david-1024x1536.jpg 1024w, https:\/\/airedefiestacuba.com\/wp-content\/uploads\/2024\/04\/bride-garden-wedding-vanessa-david-8x12.jpg 8w, https:\/\/airedefiestacuba.com\/wp-content\/uploads\/2024\/04\/bride-garden-wedding-vanessa-david.jpg 1280w\" sizes=\"(max-width: 683px) 100vw, 683px\" \/>\t\t\t\t\t\t\t\t\t\t\t\t\t\t\t<\/div>\n\t\t\t\t<\/div>\n\t\t\t\t<\/div>\n\t\t\t\t\t<\/div>\n\t\t\t\t<\/div>\n\t\t<div class=\"elementor-element elementor-element-c640f63 e-flex e-con-boxed e-con e-parent\" data-id=\"c640f63\" data-element_type=\"container\">\n\t\t\t\t\t<div class=\"e-con-inner\">\n\t\t\t\t\t<\/div>\n\t\t\t\t<\/div>\n\t\t<div class=\"elementor-element elementor-element-04d80f9 e-flex e-con-boxed e-con e-parent\" data-id=\"04d80f9\" data-element_type=\"container\">\n\t\t\t\t\t<div class=\"e-con-inner\">\n\t\t<div class=\"elementor-element elementor-element-0c6e965 e-con-full e-flex e-con e-child\" data-id=\"0c6e965\" data-element_type=\"container\">\n\t\t\t\t<div class=\"elementor-element elementor-element-7a2c742 elementor-widget elementor-widget-image\" data-id=\"7a2c742\" data-element_type=\"widget\" data-widget_type=\"image.default\">\n\t\t\t\t<div class=\"elementor-widget-container\">\n\t\t\t\t\t\t\t\t\t\t\t\t\t\t\t<img loading=\"lazy\" decoding=\"async\" width=\"682\" height=\"1024\" src=\"https:\/\/airedefiestacuba.com\/wp-content\/uploads\/2024\/04\/IMG_7800-682x1024.jpg\" class=\"attachment-large size-large wp-image-28344\" alt=\"\" srcset=\"https:\/\/airedefiestacuba.com\/wp-content\/uploads\/2024\/04\/IMG_7800-682x1024.jpg 682w, https:\/\/airedefiestacuba.com\/wp-content\/uploads\/2024\/04\/IMG_7800-200x300.jpg 200w, https:\/\/airedefiestacuba.com\/wp-content\/uploads\/2024\/04\/IMG_7800-768x1153.jpg 768w, https:\/\/airedefiestacuba.com\/wp-content\/uploads\/2024\/04\/IMG_7800-8x12.jpg 8w, https:\/\/airedefiestacuba.com\/wp-content\/uploads\/2024\/04\/IMG_7800.jpg 984w\" sizes=\"(max-width: 682px) 100vw, 682px\" \/>\t\t\t\t\t\t\t\t\t\t\t\t\t\t\t<\/div>\n\t\t\t\t<\/div>\n\t\t\t\t<\/div>\n\t\t<div class=\"elementor-element elementor-element-5609491 e-con-full e-flex e-con e-child\" data-id=\"5609491\" data-element_type=\"container\">\n\t\t\t\t<div class=\"elementor-element elementor-element-8112dd7 elementor-widget elementor-widget-image\" data-id=\"8112dd7\" data-element_type=\"widget\" data-widget_type=\"image.default\">\n\t\t\t\t<div class=\"elementor-widget-container\">\n\t\t\t\t\t\t\t\t\t\t\t\t\t\t\t<img loading=\"lazy\" decoding=\"async\" width=\"683\" height=\"1024\" src=\"https:\/\/airedefiestacuba.com\/wp-content\/uploads\/2024\/04\/IMG_7802-683x1024.jpg\" class=\"attachment-large size-large wp-image-28345\" alt=\"\" srcset=\"https:\/\/airedefiestacuba.com\/wp-content\/uploads\/2024\/04\/IMG_7802-683x1024.jpg 683w, https:\/\/airedefiestacuba.com\/wp-content\/uploads\/2024\/04\/IMG_7802-200x300.jpg 200w, https:\/\/airedefiestacuba.com\/wp-content\/uploads\/2024\/04\/IMG_7802-768x1152.jpg 768w, https:\/\/airedefiestacuba.com\/wp-content\/uploads\/2024\/04\/IMG_7802-8x12.jpg 8w, https:\/\/airedefiestacuba.com\/wp-content\/uploads\/2024\/04\/IMG_7802.jpg 961w\" sizes=\"(max-width: 683px) 100vw, 683px\" \/>\t\t\t\t\t\t\t\t\t\t\t\t\t\t\t<\/div>\n\t\t\t\t<\/div>\n\t\t\t\t<\/div>\n\t\t\t\t\t<\/div>\n\t\t\t\t<\/div>\n\t\t<div class=\"elementor-element elementor-element-325d5ab e-flex e-con-boxed e-con e-parent\" data-id=\"325d5ab\" data-element_type=\"container\">\n\t\t\t\t\t<div class=\"e-con-inner\">\n\t\t<div class=\"elementor-element elementor-element-2f1a6ff e-con-full e-flex e-con e-child\" data-id=\"2f1a6ff\" data-element_type=\"container\">\n\t\t\t\t<div class=\"elementor-element elementor-element-24912a6 elementor-widget elementor-widget-image\" data-id=\"24912a6\" data-element_type=\"widget\" data-widget_type=\"image.default\">\n\t\t\t\t<div class=\"elementor-widget-container\">\n\t\t\t\t\t\t\t\t\t\t\t\t\t\t\t<img loading=\"lazy\" decoding=\"async\" width=\"682\" height=\"1024\" src=\"https:\/\/airedefiestacuba.com\/wp-content\/uploads\/2024\/04\/IMG_7858-682x1024.jpg\" class=\"attachment-large size-large wp-image-28354\" alt=\"\" srcset=\"https:\/\/airedefiestacuba.com\/wp-content\/uploads\/2024\/04\/IMG_7858-682x1024.jpg 682w, https:\/\/airedefiestacuba.com\/wp-content\/uploads\/2024\/04\/IMG_7858-200x300.jpg 200w, https:\/\/airedefiestacuba.com\/wp-content\/uploads\/2024\/04\/IMG_7858-768x1153.jpg 768w, https:\/\/airedefiestacuba.com\/wp-content\/uploads\/2024\/04\/IMG_7858-8x12.jpg 8w, https:\/\/airedefiestacuba.com\/wp-content\/uploads\/2024\/04\/IMG_7858.jpg 982w\" sizes=\"(max-width: 682px) 100vw, 682px\" \/>\t\t\t\t\t\t\t\t\t\t\t\t\t\t\t<\/div>\n\t\t\t\t<\/div>\n\t\t\t\t<\/div>\n\t\t<div class=\"elementor-element elementor-element-f553e77 e-con-full e-flex e-con e-child\" data-id=\"f553e77\" data-element_type=\"container\">\n\t\t\t\t<div class=\"elementor-element elementor-element-82494d7 elementor-widget elementor-widget-image\" data-id=\"82494d7\" data-element_type=\"widget\" data-widget_type=\"image.default\">\n\t\t\t\t<div class=\"elementor-widget-container\">\n\t\t\t\t\t\t\t\t\t\t\t\t\t\t\t<img loading=\"lazy\" decoding=\"async\" width=\"682\" height=\"1024\" src=\"https:\/\/airedefiestacuba.com\/wp-content\/uploads\/2024\/04\/IMG_7846-682x1024.jpg\" class=\"attachment-large size-large wp-image-28355\" alt=\"\" srcset=\"https:\/\/airedefiestacuba.com\/wp-content\/uploads\/2024\/04\/IMG_7846-682x1024.jpg 682w, https:\/\/airedefiestacuba.com\/wp-content\/uploads\/2024\/04\/IMG_7846-200x300.jpg 200w, https:\/\/airedefiestacuba.com\/wp-content\/uploads\/2024\/04\/IMG_7846-768x1152.jpg 768w, https:\/\/airedefiestacuba.com\/wp-content\/uploads\/2024\/04\/IMG_7846-8x12.jpg 8w, https:\/\/airedefiestacuba.com\/wp-content\/uploads\/2024\/04\/IMG_7846.jpg 927w\" sizes=\"(max-width: 682px) 100vw, 682px\" \/>\t\t\t\t\t\t\t\t\t\t\t\t\t\t\t<\/div>\n\t\t\t\t<\/div>\n\t\t\t\t<\/div>\n\t\t\t\t\t<\/div>\n\t\t\t\t<\/div>\n\t\t<div class=\"elementor-element elementor-element-386cd67d e-flex e-con-boxed e-con e-parent\" data-id=\"386cd67d\" data-element_type=\"container\">\n\t\t\t\t\t<div class=\"e-con-inner\">\n\t\t\t\t<div class=\"elementor-element elementor-element-54cfde62 elementor-widget elementor-widget-image\" data-id=\"54cfde62\" data-element_type=\"widget\" data-widget_type=\"image.default\">\n\t\t\t\t<div class=\"elementor-widget-container\">\n\t\t\t\t\t\t\t\t\t\t\t\t\t\t\t<img loading=\"lazy\" decoding=\"async\" width=\"1920\" height=\"1280\" src=\"https:\/\/airedefiestacuba.com\/wp-content\/uploads\/2024\/04\/vanessa-david-guests-garden-wedding.jpg\" class=\"attachment-full size-full wp-image-4072\" alt=\"Vanessa celebrates surrounded by friends in her garden wedding\" srcset=\"https:\/\/airedefiestacuba.com\/wp-content\/uploads\/2024\/04\/vanessa-david-guests-garden-wedding.jpg 1920w, https:\/\/airedefiestacuba.com\/wp-content\/uploads\/2024\/04\/vanessa-david-guests-garden-wedding-300x200.jpg 300w, https:\/\/airedefiestacuba.com\/wp-content\/uploads\/2024\/04\/vanessa-david-guests-garden-wedding-1024x683.jpg 1024w, https:\/\/airedefiestacuba.com\/wp-content\/uploads\/2024\/04\/vanessa-david-guests-garden-wedding-768x512.jpg 768w, https:\/\/airedefiestacuba.com\/wp-content\/uploads\/2024\/04\/vanessa-david-guests-garden-wedding-1536x1024.jpg 1536w, https:\/\/airedefiestacuba.com\/wp-content\/uploads\/2024\/04\/vanessa-david-guests-garden-wedding-18x12.jpg 18w\" sizes=\"(max-width: 1920px) 100vw, 1920px\" \/>\t\t\t\t\t\t\t\t\t\t\t\t\t\t\t<\/div>\n\t\t\t\t<\/div>\n\t\t\t\t\t<\/div>\n\t\t\t\t<\/div>\n\t\t<div class=\"elementor-element elementor-element-4c63883 e-flex e-con-boxed e-con e-parent\" data-id=\"4c63883\" data-element_type=\"container\">\n\t\t\t\t\t<div class=\"e-con-inner\">\n\t\t\t\t<div class=\"elementor-element elementor-element-418c515 elementor-widget elementor-widget-image\" data-id=\"418c515\" data-element_type=\"widget\" data-widget_type=\"image.default\">\n\t\t\t\t<div class=\"elementor-widget-container\">\n\t\t\t\t\t\t\t\t\t\t\t\t\t\t\t<img loading=\"lazy\" decoding=\"async\" width=\"1920\" height=\"1280\" src=\"https:\/\/airedefiestacuba.com\/wp-content\/uploads\/2024\/04\/presidential-table-garden-wedding-vanessa-david.jpg\" class=\"attachment-full size-full wp-image-4074\" alt=\"Sweetheart table with white flowers and candles at a garden wedding\" srcset=\"https:\/\/airedefiestacuba.com\/wp-content\/uploads\/2024\/04\/presidential-table-garden-wedding-vanessa-david.jpg 1920w, https:\/\/airedefiestacuba.com\/wp-content\/uploads\/2024\/04\/presidential-table-garden-wedding-vanessa-david-300x200.jpg 300w, https:\/\/airedefiestacuba.com\/wp-content\/uploads\/2024\/04\/presidential-table-garden-wedding-vanessa-david-1024x683.jpg 1024w, https:\/\/airedefiestacuba.com\/wp-content\/uploads\/2024\/04\/presidential-table-garden-wedding-vanessa-david-768x512.jpg 768w, https:\/\/airedefiestacuba.com\/wp-content\/uploads\/2024\/04\/presidential-table-garden-wedding-vanessa-david-1536x1024.jpg 1536w, https:\/\/airedefiestacuba.com\/wp-content\/uploads\/2024\/04\/presidential-table-garden-wedding-vanessa-david-18x12.jpg 18w\" sizes=\"(max-width: 1920px) 100vw, 1920px\" \/>\t\t\t\t\t\t\t\t\t\t\t\t\t\t\t<\/div>\n\t\t\t\t<\/div>\n\t\t\t\t\t<\/div>\n\t\t\t\t<\/div>\n\t\t<div class=\"elementor-element elementor-element-5c7c4add e-flex e-con-boxed e-con e-parent\" data-id=\"5c7c4add\" data-element_type=\"container\">\n\t\t\t\t\t<div class=\"e-con-inner\">\n\t\t<div class=\"elementor-element elementor-element-4f747516 e-con-full e-flex e-con e-child\" data-id=\"4f747516\" data-element_type=\"container\">\n\t\t\t\t<div class=\"elementor-element elementor-element-21607f7 elementor-widget elementor-widget-image\" data-id=\"21607f7\" data-element_type=\"widget\" data-widget_type=\"image.default\">\n\t\t\t\t<div class=\"elementor-widget-container\">\n\t\t\t\t\t\t\t\t\t\t\t\t\t\t\t<img loading=\"lazy\" decoding=\"async\" width=\"683\" height=\"1024\" src=\"https:\/\/airedefiestacuba.com\/wp-content\/uploads\/2024\/04\/floral-details-presidential-table-683x1024.jpg\" class=\"attachment-large size-large wp-image-4075\" alt=\"Floral arrangements and candles on Vanessa and David\u2019s sweetheart table\" srcset=\"https:\/\/airedefiestacuba.com\/wp-content\/uploads\/2024\/04\/floral-details-presidential-table-683x1024.jpg 683w, https:\/\/airedefiestacuba.com\/wp-content\/uploads\/2024\/04\/floral-details-presidential-table-200x300.jpg 200w, https:\/\/airedefiestacuba.com\/wp-content\/uploads\/2024\/04\/floral-details-presidential-table-768x1152.jpg 768w, https:\/\/airedefiestacuba.com\/wp-content\/uploads\/2024\/04\/floral-details-presidential-table-1024x1536.jpg 1024w, https:\/\/airedefiestacuba.com\/wp-content\/uploads\/2024\/04\/floral-details-presidential-table-8x12.jpg 8w, https:\/\/airedefiestacuba.com\/wp-content\/uploads\/2024\/04\/floral-details-presidential-table.jpg 1280w\" sizes=\"(max-width: 683px) 100vw, 683px\" \/>\t\t\t\t\t\t\t\t\t\t\t\t\t\t\t<\/div>\n\t\t\t\t<\/div>\n\t\t\t\t<\/div>\n\t\t<div class=\"elementor-element elementor-element-40ca64bb e-con-full e-flex e-con e-child\" data-id=\"40ca64bb\" data-element_type=\"container\">\n\t\t\t\t<div class=\"elementor-element elementor-element-736db6ea elementor-widget elementor-widget-image\" data-id=\"736db6ea\" data-element_type=\"widget\" data-widget_type=\"image.default\">\n\t\t\t\t<div class=\"elementor-widget-container\">\n\t\t\t\t\t\t\t\t\t\t\t\t\t\t\t<img loading=\"lazy\" decoding=\"async\" width=\"683\" height=\"1024\" src=\"https:\/\/airedefiestacuba.com\/wp-content\/uploads\/2024\/04\/centerpiece-light-ceiling-reception-683x1024.jpg\" class=\"attachment-large size-large wp-image-4076\" alt=\"Floral centerpiece under a ceiling of warm lights\" srcset=\"https:\/\/airedefiestacuba.com\/wp-content\/uploads\/2024\/04\/centerpiece-light-ceiling-reception-683x1024.jpg 683w, https:\/\/airedefiestacuba.com\/wp-content\/uploads\/2024\/04\/centerpiece-light-ceiling-reception-200x300.jpg 200w, https:\/\/airedefiestacuba.com\/wp-content\/uploads\/2024\/04\/centerpiece-light-ceiling-reception-768x1152.jpg 768w, https:\/\/airedefiestacuba.com\/wp-content\/uploads\/2024\/04\/centerpiece-light-ceiling-reception-1024x1536.jpg 1024w, https:\/\/airedefiestacuba.com\/wp-content\/uploads\/2024\/04\/centerpiece-light-ceiling-reception-8x12.jpg 8w, https:\/\/airedefiestacuba.com\/wp-content\/uploads\/2024\/04\/centerpiece-light-ceiling-reception.jpg 1280w\" sizes=\"(max-width: 683px) 100vw, 683px\" \/>\t\t\t\t\t\t\t\t\t\t\t\t\t\t\t<\/div>\n\t\t\t\t<\/div>\n\t\t\t\t<\/div>\n\t\t\t\t\t<\/div>\n\t\t\t\t<\/div>\n\t\t<div class=\"elementor-element elementor-element-59bf18c e-flex e-con-boxed e-con e-parent\" data-id=\"59bf18c\" data-element_type=\"container\">\n\t\t\t\t\t<div class=\"e-con-inner\">\n\t\t\t\t<div class=\"elementor-element elementor-element-7669ceb elementor-widget elementor-widget-image\" data-id=\"7669ceb\" data-element_type=\"widget\" data-widget_type=\"image.default\">\n\t\t\t\t<div class=\"elementor-widget-container\">\n\t\t\t\t\t\t\t\t\t\t\t\t\t\t\t<img loading=\"lazy\" decoding=\"async\" width=\"1920\" height=\"1280\" src=\"https:\/\/airedefiestacuba.com\/wp-content\/uploads\/2024\/04\/bride-groom-light-ceiling-reception.jpg\" class=\"attachment-full size-full wp-image-4077\" alt=\"Vanessa and David enjoying the reception under a sky of lights\" srcset=\"https:\/\/airedefiestacuba.com\/wp-content\/uploads\/2024\/04\/bride-groom-light-ceiling-reception.jpg 1920w, https:\/\/airedefiestacuba.com\/wp-content\/uploads\/2024\/04\/bride-groom-light-ceiling-reception-300x200.jpg 300w, https:\/\/airedefiestacuba.com\/wp-content\/uploads\/2024\/04\/bride-groom-light-ceiling-reception-1024x683.jpg 1024w, https:\/\/airedefiestacuba.com\/wp-content\/uploads\/2024\/04\/bride-groom-light-ceiling-reception-768x512.jpg 768w, https:\/\/airedefiestacuba.com\/wp-content\/uploads\/2024\/04\/bride-groom-light-ceiling-reception-1536x1024.jpg 1536w, https:\/\/airedefiestacuba.com\/wp-content\/uploads\/2024\/04\/bride-groom-light-ceiling-reception-18x12.jpg 18w\" sizes=\"(max-width: 1920px) 100vw, 1920px\" \/>\t\t\t\t\t\t\t\t\t\t\t\t\t\t\t<\/div>\n\t\t\t\t<\/div>\n\t\t\t\t\t<\/div>\n\t\t\t\t<\/div>\n\t\t<div class=\"elementor-element elementor-element-b85c39e e-flex e-con-boxed e-con e-parent\" data-id=\"b85c39e\" data-element_type=\"container\">\n\t\t\t\t\t<div class=\"e-con-inner\">\n\t\t\t\t<div class=\"elementor-element elementor-element-bfe7809 elementor-widget elementor-widget-image\" data-id=\"bfe7809\" data-element_type=\"widget\" data-widget_type=\"image.default\">\n\t\t\t\t<div class=\"elementor-widget-container\">\n\t\t\t\t\t\t\t\t\t\t\t\t\t\t\t<img loading=\"lazy\" decoding=\"async\" width=\"2560\" height=\"1509\" src=\"https:\/\/airedefiestacuba.com\/wp-content\/uploads\/2024\/04\/Captura-de-pantalla-2025-08-24-a-las-19.00.01-scaled.jpeg\" class=\"attachment-full size-full wp-image-28357\" alt=\"\" srcset=\"https:\/\/airedefiestacuba.com\/wp-content\/uploads\/2024\/04\/Captura-de-pantalla-2025-08-24-a-las-19.00.01-scaled.jpeg 2560w, https:\/\/airedefiestacuba.com\/wp-content\/uploads\/2024\/04\/Captura-de-pantalla-2025-08-24-a-las-19.00.01-300x177.jpeg 300w, https:\/\/airedefiestacuba.com\/wp-content\/uploads\/2024\/04\/Captura-de-pantalla-2025-08-24-a-las-19.00.01-1024x604.jpeg 1024w, https:\/\/airedefiestacuba.com\/wp-content\/uploads\/2024\/04\/Captura-de-pantalla-2025-08-24-a-las-19.00.01-768x453.jpeg 768w, https:\/\/airedefiestacuba.com\/wp-content\/uploads\/2024\/04\/Captura-de-pantalla-2025-08-24-a-las-19.00.01-1536x906.jpeg 1536w, https:\/\/airedefiestacuba.com\/wp-content\/uploads\/2024\/04\/Captura-de-pantalla-2025-08-24-a-las-19.00.01-2048x1208.jpeg 2048w, https:\/\/airedefiestacuba.com\/wp-content\/uploads\/2024\/04\/Captura-de-pantalla-2025-08-24-a-las-19.00.01-18x12.jpeg 18w\" sizes=\"(max-width: 2560px) 100vw, 2560px\" \/>\t\t\t\t\t\t\t\t\t\t\t\t\t\t\t<\/div>\n\t\t\t\t<\/div>\n\t\t\t\t\t<\/div>\n\t\t\t\t<\/div>\n\t\t<div class=\"elementor-element elementor-element-36cc1f6 e-flex e-con-boxed e-con e-parent\" data-id=\"36cc1f6\" data-element_type=\"container\">\n\t\t\t\t\t<div class=\"e-con-inner\">\n\t\t\t\t<div class=\"elementor-element elementor-element-441eb99 elementor-widget elementor-widget-image\" data-id=\"441eb99\" data-element_type=\"widget\" data-widget_type=\"image.default\">\n\t\t\t\t<div class=\"elementor-widget-container\">\n\t\t\t\t\t\t\t\t\t\t\t\t\t\t\t<img loading=\"lazy\" decoding=\"async\" width=\"2560\" height=\"1635\" src=\"https:\/\/airedefiestacuba.com\/wp-content\/uploads\/2024\/04\/42A103BF-FE45-43D3-8903-D62659AA7508_1_201_a-scaled.jpeg\" class=\"attachment-full size-full wp-image-28358\" alt=\"\" srcset=\"https:\/\/airedefiestacuba.com\/wp-content\/uploads\/2024\/04\/42A103BF-FE45-43D3-8903-D62659AA7508_1_201_a-scaled.jpeg 2560w, https:\/\/airedefiestacuba.com\/wp-content\/uploads\/2024\/04\/42A103BF-FE45-43D3-8903-D62659AA7508_1_201_a-300x192.jpeg 300w, https:\/\/airedefiestacuba.com\/wp-content\/uploads\/2024\/04\/42A103BF-FE45-43D3-8903-D62659AA7508_1_201_a-1024x654.jpeg 1024w, https:\/\/airedefiestacuba.com\/wp-content\/uploads\/2024\/04\/42A103BF-FE45-43D3-8903-D62659AA7508_1_201_a-768x490.jpeg 768w, https:\/\/airedefiestacuba.com\/wp-content\/uploads\/2024\/04\/42A103BF-FE45-43D3-8903-D62659AA7508_1_201_a-1536x981.jpeg 1536w, https:\/\/airedefiestacuba.com\/wp-content\/uploads\/2024\/04\/42A103BF-FE45-43D3-8903-D62659AA7508_1_201_a-2048x1308.jpeg 2048w, https:\/\/airedefiestacuba.com\/wp-content\/uploads\/2024\/04\/42A103BF-FE45-43D3-8903-D62659AA7508_1_201_a-18x12.jpeg 18w\" sizes=\"(max-width: 2560px) 100vw, 2560px\" \/>\t\t\t\t\t\t\t\t\t\t\t\t\t\t\t<\/div>\n\t\t\t\t<\/div>\n\t\t\t\t\t<\/div>\n\t\t\t\t<\/div>\n\t\t<div class=\"elementor-element elementor-element-6083b8d e-flex e-con-boxed e-con e-parent\" data-id=\"6083b8d\" data-element_type=\"container\">\n\t\t\t\t\t<div class=\"e-con-inner\">\n\t\t<div class=\"elementor-element elementor-element-8e1058c e-con-full e-flex e-con e-child\" data-id=\"8e1058c\" data-element_type=\"container\">\n\t\t\t\t<div class=\"elementor-element elementor-element-a7ee722 elementor-widget elementor-widget-image\" data-id=\"a7ee722\" data-element_type=\"widget\" data-widget_type=\"image.default\">\n\t\t\t\t<div class=\"elementor-widget-container\">\n\t\t\t\t\t\t\t\t\t\t\t\t\t\t\t<img loading=\"lazy\" decoding=\"async\" width=\"683\" height=\"1024\" src=\"https:\/\/airedefiestacuba.com\/wp-content\/uploads\/2024\/04\/better-together-sign-wedding-vanessa-david-683x1024.jpg\" class=\"attachment-large size-large wp-image-4078\" alt=\"The couple poses under the glowing Better Together sign at their garden wedding\" srcset=\"https:\/\/airedefiestacuba.com\/wp-content\/uploads\/2024\/04\/better-together-sign-wedding-vanessa-david-683x1024.jpg 683w, https:\/\/airedefiestacuba.com\/wp-content\/uploads\/2024\/04\/better-together-sign-wedding-vanessa-david-200x300.jpg 200w, https:\/\/airedefiestacuba.com\/wp-content\/uploads\/2024\/04\/better-together-sign-wedding-vanessa-david-768x1152.jpg 768w, https:\/\/airedefiestacuba.com\/wp-content\/uploads\/2024\/04\/better-together-sign-wedding-vanessa-david-1024x1536.jpg 1024w, https:\/\/airedefiestacuba.com\/wp-content\/uploads\/2024\/04\/better-together-sign-wedding-vanessa-david-8x12.jpg 8w, https:\/\/airedefiestacuba.com\/wp-content\/uploads\/2024\/04\/better-together-sign-wedding-vanessa-david.jpg 1280w\" sizes=\"(max-width: 683px) 100vw, 683px\" \/>\t\t\t\t\t\t\t\t\t\t\t\t\t\t\t<\/div>\n\t\t\t\t<\/div>\n\t\t\t\t<\/div>\n\t\t<div class=\"elementor-element elementor-element-76a78fc e-con-full e-flex e-con e-child\" data-id=\"76a78fc\" data-element_type=\"container\">\n\t\t\t\t<div class=\"elementor-element elementor-element-e4f3e88 elementor-widget elementor-widget-image\" data-id=\"e4f3e88\" data-element_type=\"widget\" data-widget_type=\"image.default\">\n\t\t\t\t<div class=\"elementor-widget-container\">\n\t\t\t\t\t\t\t\t\t\t\t\t\t\t\t<img loading=\"lazy\" decoding=\"async\" width=\"683\" height=\"1024\" src=\"https:\/\/airedefiestacuba.com\/wp-content\/uploads\/2024\/04\/IMG_8295-683x1024.jpg\" class=\"attachment-large size-large wp-image-28362\" alt=\"\" srcset=\"https:\/\/airedefiestacuba.com\/wp-content\/uploads\/2024\/04\/IMG_8295-683x1024.jpg 683w, https:\/\/airedefiestacuba.com\/wp-content\/uploads\/2024\/04\/IMG_8295-200x300.jpg 200w, https:\/\/airedefiestacuba.com\/wp-content\/uploads\/2024\/04\/IMG_8295-768x1152.jpg 768w, https:\/\/airedefiestacuba.com\/wp-content\/uploads\/2024\/04\/IMG_8295-8x12.jpg 8w, https:\/\/airedefiestacuba.com\/wp-content\/uploads\/2024\/04\/IMG_8295.jpg 908w\" sizes=\"(max-width: 683px) 100vw, 683px\" \/>\t\t\t\t\t\t\t\t\t\t\t\t\t\t\t<\/div>\n\t\t\t\t<\/div>\n\t\t\t\t<\/div>\n\t\t\t\t\t<\/div>\n\t\t\t\t<\/div>\n\t\t<div class=\"elementor-element elementor-element-eb7e590 e-flex e-con-boxed e-con e-parent\" data-id=\"eb7e590\" data-element_type=\"container\">\n\t\t\t\t\t<div class=\"e-con-inner\">\n\t\t\t\t<div class=\"elementor-element elementor-element-b103ba5 elementor-widget elementor-widget-image\" data-id=\"b103ba5\" data-element_type=\"widget\" data-widget_type=\"image.default\">\n\t\t\t\t<div class=\"elementor-widget-container\">\n\t\t\t\t\t\t\t\t\t\t\t\t\t\t\t<img loading=\"lazy\" decoding=\"async\" width=\"1321\" height=\"881\" src=\"https:\/\/airedefiestacuba.com\/wp-content\/uploads\/2024\/04\/IMG_8332.jpg\" class=\"attachment-full size-full wp-image-28363\" alt=\"\" srcset=\"https:\/\/airedefiestacuba.com\/wp-content\/uploads\/2024\/04\/IMG_8332.jpg 1321w, https:\/\/airedefiestacuba.com\/wp-content\/uploads\/2024\/04\/IMG_8332-300x200.jpg 300w, https:\/\/airedefiestacuba.com\/wp-content\/uploads\/2024\/04\/IMG_8332-1024x683.jpg 1024w, https:\/\/airedefiestacuba.com\/wp-content\/uploads\/2024\/04\/IMG_8332-768x512.jpg 768w, https:\/\/airedefiestacuba.com\/wp-content\/uploads\/2024\/04\/IMG_8332-18x12.jpg 18w\" sizes=\"(max-width: 1321px) 100vw, 1321px\" \/>\t\t\t\t\t\t\t\t\t\t\t\t\t\t\t<\/div>\n\t\t\t\t<\/div>\n\t\t\t\t\t<\/div>\n\t\t\t\t<\/div>\n\t\t<div class=\"elementor-element elementor-element-2fc3135 e-flex e-con-boxed e-con e-parent\" data-id=\"2fc3135\" data-element_type=\"container\">\n\t\t\t\t\t<div class=\"e-con-inner\">\n\t\t<div class=\"elementor-element elementor-element-9853e1e e-con-full e-flex e-con e-child\" data-id=\"9853e1e\" data-element_type=\"container\">\n\t\t\t\t<div class=\"elementor-element elementor-element-0e714fe elementor-widget elementor-widget-image\" data-id=\"0e714fe\" data-element_type=\"widget\" data-widget_type=\"image.default\">\n\t\t\t\t<div class=\"elementor-widget-container\">\n\t\t\t\t\t\t\t\t\t\t\t\t\t\t\t<img loading=\"lazy\" decoding=\"async\" width=\"683\" height=\"1024\" src=\"https:\/\/airedefiestacuba.com\/wp-content\/uploads\/2024\/04\/IMG_8577-683x1024.jpg\" class=\"attachment-large size-large wp-image-28359\" alt=\"\" srcset=\"https:\/\/airedefiestacuba.com\/wp-content\/uploads\/2024\/04\/IMG_8577-683x1024.jpg 683w, https:\/\/airedefiestacuba.com\/wp-content\/uploads\/2024\/04\/IMG_8577-200x300.jpg 200w, https:\/\/airedefiestacuba.com\/wp-content\/uploads\/2024\/04\/IMG_8577-768x1151.jpg 768w, https:\/\/airedefiestacuba.com\/wp-content\/uploads\/2024\/04\/IMG_8577-8x12.jpg 8w, https:\/\/airedefiestacuba.com\/wp-content\/uploads\/2024\/04\/IMG_8577.jpg 916w\" sizes=\"(max-width: 683px) 100vw, 683px\" \/>\t\t\t\t\t\t\t\t\t\t\t\t\t\t\t<\/div>\n\t\t\t\t<\/div>\n\t\t\t\t<\/div>\n\t\t<div class=\"elementor-element elementor-element-619f9a0 e-con-full e-flex e-con e-child\" data-id=\"619f9a0\" data-element_type=\"container\">\n\t\t\t\t<div class=\"elementor-element elementor-element-464b7b9 elementor-widget elementor-widget-image\" data-id=\"464b7b9\" data-element_type=\"widget\" data-widget_type=\"image.default\">\n\t\t\t\t<div class=\"elementor-widget-container\">\n\t\t\t\t\t\t\t\t\t\t\t\t\t\t\t<img loading=\"lazy\" decoding=\"async\" width=\"683\" height=\"1024\" src=\"https:\/\/airedefiestacuba.com\/wp-content\/uploads\/2024\/04\/IMG_8601-683x1024.jpg\" class=\"attachment-large size-large wp-image-28360\" alt=\"\" srcset=\"https:\/\/airedefiestacuba.com\/wp-content\/uploads\/2024\/04\/IMG_8601-683x1024.jpg 683w, https:\/\/airedefiestacuba.com\/wp-content\/uploads\/2024\/04\/IMG_8601-200x300.jpg 200w, https:\/\/airedefiestacuba.com\/wp-content\/uploads\/2024\/04\/IMG_8601-768x1152.jpg 768w, https:\/\/airedefiestacuba.com\/wp-content\/uploads\/2024\/04\/IMG_8601-8x12.jpg 8w, https:\/\/airedefiestacuba.com\/wp-content\/uploads\/2024\/04\/IMG_8601.jpg 880w\" sizes=\"(max-width: 683px) 100vw, 683px\" \/>\t\t\t\t\t\t\t\t\t\t\t\t\t\t\t<\/div>\n\t\t\t\t<\/div>\n\t\t\t\t<\/div>\n\t\t\t\t\t<\/div>\n\t\t\t\t<\/div>\n\t\t<div class=\"elementor-element elementor-element-3315516 e-flex e-con-boxed e-con e-parent\" data-id=\"3315516\" data-element_type=\"container\">\n\t\t\t\t\t<div class=\"e-con-inner\">\n\t\t<div class=\"elementor-element elementor-element-f0e62ce e-con-full e-flex e-con e-child\" data-id=\"f0e62ce\" data-element_type=\"container\">\n\t\t\t\t<div class=\"elementor-element elementor-element-69d92ef elementor-widget elementor-widget-image\" data-id=\"69d92ef\" data-element_type=\"widget\" data-widget_type=\"image.default\">\n\t\t\t\t<div class=\"elementor-widget-container\">\n\t\t\t\t\t\t\t\t\t\t\t\t\t\t\t<img loading=\"lazy\" decoding=\"async\" width=\"683\" height=\"1024\" src=\"https:\/\/airedefiestacuba.com\/wp-content\/uploads\/2024\/04\/wedding-dance-garden-cuba-683x1024.jpg\" class=\"attachment-large size-large wp-image-4081\" alt=\"Couple dancing at the garden wedding reception in Cuba\" srcset=\"https:\/\/airedefiestacuba.com\/wp-content\/uploads\/2024\/04\/wedding-dance-garden-cuba-683x1024.jpg 683w, https:\/\/airedefiestacuba.com\/wp-content\/uploads\/2024\/04\/wedding-dance-garden-cuba-200x300.jpg 200w, https:\/\/airedefiestacuba.com\/wp-content\/uploads\/2024\/04\/wedding-dance-garden-cuba-768x1152.jpg 768w, https:\/\/airedefiestacuba.com\/wp-content\/uploads\/2024\/04\/wedding-dance-garden-cuba-1024x1536.jpg 1024w, https:\/\/airedefiestacuba.com\/wp-content\/uploads\/2024\/04\/wedding-dance-garden-cuba-8x12.jpg 8w, https:\/\/airedefiestacuba.com\/wp-content\/uploads\/2024\/04\/wedding-dance-garden-cuba.jpg 1280w\" sizes=\"(max-width: 683px) 100vw, 683px\" \/>\t\t\t\t\t\t\t\t\t\t\t\t\t\t\t<\/div>\n\t\t\t\t<\/div>\n\t\t\t\t<\/div>\n\t\t<div class=\"elementor-element elementor-element-f22ceb3 e-con-full e-flex e-con e-child\" data-id=\"f22ceb3\" data-element_type=\"container\">\n\t\t\t\t<div class=\"elementor-element elementor-element-08c7e66 elementor-widget elementor-widget-image\" data-id=\"08c7e66\" data-element_type=\"widget\" data-widget_type=\"image.default\">\n\t\t\t\t<div class=\"elementor-widget-container\">\n\t\t\t\t\t\t\t\t\t\t\t\t\t\t\t<img loading=\"lazy\" decoding=\"async\" width=\"683\" height=\"1024\" src=\"https:\/\/airedefiestacuba.com\/wp-content\/uploads\/2024\/04\/wedding-garden-light-candelabros-cuba-683x1024.jpg\" class=\"attachment-large size-large wp-image-4080\" alt=\"Couple posing under chandeliers at the garden wedding\" srcset=\"https:\/\/airedefiestacuba.com\/wp-content\/uploads\/2024\/04\/wedding-garden-light-candelabros-cuba-683x1024.jpg 683w, https:\/\/airedefiestacuba.com\/wp-content\/uploads\/2024\/04\/wedding-garden-light-candelabros-cuba-200x300.jpg 200w, https:\/\/airedefiestacuba.com\/wp-content\/uploads\/2024\/04\/wedding-garden-light-candelabros-cuba-768x1152.jpg 768w, https:\/\/airedefiestacuba.com\/wp-content\/uploads\/2024\/04\/wedding-garden-light-candelabros-cuba-1024x1536.jpg 1024w, https:\/\/airedefiestacuba.com\/wp-content\/uploads\/2024\/04\/wedding-garden-light-candelabros-cuba-8x12.jpg 8w, https:\/\/airedefiestacuba.com\/wp-content\/uploads\/2024\/04\/wedding-garden-light-candelabros-cuba.jpg 1280w\" sizes=\"(max-width: 683px) 100vw, 683px\" \/>\t\t\t\t\t\t\t\t\t\t\t\t\t\t\t<\/div>\n\t\t\t\t<\/div>\n\t\t\t\t<\/div>\n\t\t\t\t\t<\/div>\n\t\t\t\t<\/div>\n\t\t<div class=\"elementor-element elementor-element-398dde9f e-flex e-con-boxed e-con e-parent\" data-id=\"398dde9f\" data-element_type=\"container\">\n\t\t\t\t\t<div class=\"e-con-inner\">\n\t\t\t\t<div class=\"elementor-element elementor-element-2b0db38a elementor-widget elementor-widget-text-editor\" data-id=\"2b0db38a\" data-element_type=\"widget\" data-widget_type=\"text-editor.default\">\n\t\t\t\t<div class=\"elementor-widget-container\">\n\t\t\t\t\t\t\t\t\t<p class=\"texto-image\" style=\"text-align: center;\"><strong>SHARE THIS MOMENT<\/strong><\/p>\t\t\t\t\t\t\t\t<\/div>\n\t\t\t\t<\/div>\n\t\t\t\t\t<\/div>\n\t\t\t\t<\/div>\n\t\t\t\t<\/div>","protected":false},"excerpt":{"rendered":"<p>Vanessa and David celebrated their garden wedding at our home. A pink color palette and fairy lights created a magical atmosphere.<\/p>","protected":false},"author":1,"featured_media":4077,"comment_status":"open","ping_status":"open","sticky":false,"template":"","format":"standard","meta":{"site-sidebar-layout":"default","site-content-layout":"","ast-site-content-layout":"default","site-content-style":"default","site-sidebar-style":"default","ast-global-header-display":"","ast-banner-title-visibility":"","ast-main-header-display":"","ast-hfb-above-header-display":"","ast-hfb-below-header-display":"","ast-hfb-mobile-header-display":"","site-post-title":"","ast-breadcrumbs-content":"","ast-featured-img":"","footer-sml-layout":"","theme-transparent-header-meta":"","adv-header-id-meta":"","stick-header-meta":"","header-above-stick-meta":"","header-main-stick-meta":"","header-below-stick-meta":"","astra-migrate-meta-layouts":"set","ast-page-background-enabled":"default","ast-page-background-meta":{"desktop":{"background-color":"var(--ast-global-color-4)","background-image":"","background-repeat":"repeat","background-position":"center center","background-size":"auto","background-attachment":"scroll","background-type":"","background-media":"","overlay-type":"","overlay-color":"","overlay-opacity":"","overlay-gradient":""},"tablet":{"background-color":"","background-image":"","background-repeat":"repeat","background-position":"center center","background-size":"auto","background-attachment":"scroll","background-type":"","background-media":"","overlay-type":"","overlay-color":"","overlay-opacity":"","overlay-gradient":""},"mobile":{"background-color":"","background-image":"","background-repeat":"repeat","background-position":"center center","background-size":"auto","background-attachment":"scroll","background-type":"","background-media":"","overlay-type":"","overlay-color":"","overlay-opacity":"","overlay-gradient":""}},"ast-content-background-meta":{"desktop":{"background-color":"var(--ast-global-color-5)","background-image":"","background-repeat":"repeat","background-position":"center center","background-size":"auto","background-attachment":"scroll","background-type":"","background-media":"","overlay-type":"","overlay-color":"","overlay-opacity":"","overlay-gradient":""},"tablet":{"background-color":"var(--ast-global-color-5)","background-image":"","background-repeat":"repeat","background-position":"center center","background-size":"auto","background-attachment":"scroll","background-type":"","background-media":"","overlay-type":"","overlay-color":"","overlay-opacity":"","overlay-gradient":""},"mobile":{"background-color":"var(--ast-global-color-5)","background-image":"","background-repeat":"repeat","background-position":"center center","background-size":"auto","background-attachment":"scroll","background-type":"","background-media":"","overlay-type":"","overlay-color":"","overlay-opacity":"","overlay-gradient":""}},"footnotes":""},"categories":[17,258],"tags":[174,9,44,41],"class_list":["post-4049","post","type-post","status-publish","format-standard","has-post-thumbnail","hentry","category-bodas","category-bodas-en-la-habana","tag-boda-de-jardin","tag-boda-en-cuba","tag-boda-en-la-habana","tag-wedding-planner"],"yoast_head":"<!-- This site is optimized with the Yoast SEO Premium plugin v24.1 (Yoast SEO v26.7) - https:\/\/yoast.com\/wordpress\/plugins\/seo\/ -->\n<title>Vanessa y David, boda de jard\u00edn con luces de hadas | Aire de Fiesta<\/title>\n<meta name=\"description\" content=\"Celebrar una boda de jard\u00edn con un estilo elegante puede ser la decisi\u00f3n perfecta para una pareja que ama los finales felices y el romance.\" \/>\n<meta name=\"robots\" content=\"index, follow, max-snippet:-1, max-image-preview:large, max-video-preview:-1\" \/>\n<link rel=\"canonical\" href=\"https:\/\/airedefiestacuba.com\/en\/vanessa-y-david-boda-de-jardin\/\" \/>\n<meta property=\"og:locale\" content=\"en_US\" \/>\n<meta property=\"og:type\" content=\"article\" \/>\n<meta property=\"og:title\" content=\"Vanessa y David, boda de jard\u00edn con luces de hadas\" \/>\n<meta property=\"og:description\" content=\"Celebrar una boda de jard\u00edn con un estilo elegante puede ser la decisi\u00f3n perfecta para una pareja que ama los finales felices y el romance.\" \/>\n<meta property=\"og:url\" content=\"https:\/\/airedefiestacuba.com\/en\/vanessa-y-david-boda-de-jardin\/\" \/>\n<meta property=\"og:site_name\" content=\"Bodas en Cuba | Organizadores Expertos con +10 A\u00f1os de \u00c9xito\" \/>\n<meta property=\"article:published_time\" content=\"2024-04-21T19:33:35+00:00\" \/>\n<meta property=\"article:modified_time\" content=\"2025-08-28T02:54:40+00:00\" \/>\n<meta property=\"og:image\" content=\"https:\/\/airedefiestacuba.com\/wp-content\/uploads\/2024\/04\/bride-groom-light-ceiling-reception.jpg\" \/>\n\t<meta property=\"og:image:width\" content=\"1920\" \/>\n\t<meta property=\"og:image:height\" content=\"1280\" \/>\n\t<meta property=\"og:image:type\" content=\"image\/jpeg\" \/>\n<meta name=\"author\" content=\"airedefiestacuba.com\" \/>\n<meta name=\"twitter:card\" content=\"summary_large_image\" \/>\n<meta name=\"twitter:description\" content=\"Celebrar una boda de jard\u00edn con un estilo elegante puede ser la decisi\u00f3n perfecta para una pareja que ama los finales felices y el romance.\" \/>\n<meta name=\"twitter:image\" content=\"https:\/\/airedefiestacuba.com\/wp-content\/uploads\/2024\/04\/wedding-group-photo-garden-celebration.jpg\" \/>\n<meta name=\"twitter:label1\" content=\"Written by\" \/>\n\t<meta name=\"twitter:data1\" content=\"airedefiestacuba.com\" \/>\n\t<meta name=\"twitter:label2\" content=\"Est. reading time\" \/>\n\t<meta name=\"twitter:data2\" content=\"11 minutes\" \/>\n<script type=\"application\/ld+json\" class=\"yoast-schema-graph\">{\"@context\":\"https:\/\/schema.org\",\"@graph\":[{\"@type\":\"Article\",\"@id\":\"https:\/\/airedefiestacuba.com\/vanessa-y-david-boda-de-jardin\/#article\",\"isPartOf\":{\"@id\":\"https:\/\/airedefiestacuba.com\/vanessa-y-david-boda-de-jardin\/\"},\"author\":{\"name\":\"airedefiestacuba.com\",\"@id\":\"https:\/\/airedefiestacuba.com\/#\/schema\/person\/5865234420ad0876562c26f9fd5dcf12\"},\"headline\":\"Vanessa y David, boda de jard\u00edn con luces de hadas\",\"datePublished\":\"2024-04-21T19:33:35+00:00\",\"dateModified\":\"2025-08-28T02:54:40+00:00\",\"mainEntityOfPage\":{\"@id\":\"https:\/\/airedefiestacuba.com\/vanessa-y-david-boda-de-jardin\/\"},\"wordCount\":419,\"commentCount\":0,\"publisher\":{\"@id\":\"https:\/\/airedefiestacuba.com\/#organization\"},\"image\":{\"@id\":\"https:\/\/airedefiestacuba.com\/vanessa-y-david-boda-de-jardin\/#primaryimage\"},\"thumbnailUrl\":\"https:\/\/airedefiestacuba.com\/wp-content\/uploads\/2024\/04\/bride-groom-light-ceiling-reception.jpg\",\"keywords\":[\"boda de jard\u00edn\",\"boda en cuba\",\"boda en la habana\",\"wedding planner\"],\"articleSection\":[\"Bodas\",\"Habana\"],\"inLanguage\":\"en-US\",\"potentialAction\":[{\"@type\":\"CommentAction\",\"name\":\"Comment\",\"target\":[\"https:\/\/airedefiestacuba.com\/vanessa-y-david-boda-de-jardin\/#respond\"]}]},{\"@type\":\"WebPage\",\"@id\":\"https:\/\/airedefiestacuba.com\/vanessa-y-david-boda-de-jardin\/\",\"url\":\"https:\/\/airedefiestacuba.com\/vanessa-y-david-boda-de-jardin\/\",\"name\":\"Vanessa y David, boda de jard\u00edn con luces de hadas | Aire de Fiesta\",\"isPartOf\":{\"@id\":\"https:\/\/airedefiestacuba.com\/#website\"},\"primaryImageOfPage\":{\"@id\":\"https:\/\/airedefiestacuba.com\/vanessa-y-david-boda-de-jardin\/#primaryimage\"},\"image\":{\"@id\":\"https:\/\/airedefiestacuba.com\/vanessa-y-david-boda-de-jardin\/#primaryimage\"},\"thumbnailUrl\":\"https:\/\/airedefiestacuba.com\/wp-content\/uploads\/2024\/04\/bride-groom-light-ceiling-reception.jpg\",\"datePublished\":\"2024-04-21T19:33:35+00:00\",\"dateModified\":\"2025-08-28T02:54:40+00:00\",\"description\":\"Celebrar una boda de jard\u00edn con un estilo elegante puede ser la decisi\u00f3n perfecta para una pareja que ama los finales felices y el romance.\",\"breadcrumb\":{\"@id\":\"https:\/\/airedefiestacuba.com\/vanessa-y-david-boda-de-jardin\/#breadcrumb\"},\"inLanguage\":\"en-US\",\"potentialAction\":[{\"@type\":\"ReadAction\",\"target\":[\"https:\/\/airedefiestacuba.com\/vanessa-y-david-boda-de-jardin\/\"]}]},{\"@type\":\"ImageObject\",\"inLanguage\":\"en-US\",\"@id\":\"https:\/\/airedefiestacuba.com\/vanessa-y-david-boda-de-jardin\/#primaryimage\",\"url\":\"https:\/\/airedefiestacuba.com\/wp-content\/uploads\/2024\/04\/bride-groom-light-ceiling-reception.jpg\",\"contentUrl\":\"https:\/\/airedefiestacuba.com\/wp-content\/uploads\/2024\/04\/bride-groom-light-ceiling-reception.jpg\",\"width\":1920,\"height\":1280,\"caption\":\"Rodeados de amigos y familiares, los novios celebran su amor bajo un cielo iluminado.\"},{\"@type\":\"BreadcrumbList\",\"@id\":\"https:\/\/airedefiestacuba.com\/vanessa-y-david-boda-de-jardin\/#breadcrumb\",\"itemListElement\":[{\"@type\":\"ListItem\",\"position\":1,\"name\":\"Home\",\"item\":\"https:\/\/airedefiestacuba.com\/\"},{\"@type\":\"ListItem\",\"position\":2,\"name\":\"Vanessa y David, boda de jard\u00edn con luces de hadas\"}]},{\"@type\":\"WebSite\",\"@id\":\"https:\/\/airedefiestacuba.com\/#website\",\"url\":\"https:\/\/airedefiestacuba.com\/\",\"name\":\"Bodas en Cuba | Organizadores Expertos con +10 A\u00f1os de \u00c9xito\",\"description\":\"Expertos en bodas de destino en Cuba. Convertimos tu visi\u00f3n en una celebraci\u00f3n perfecta. Garantizamos que tu \u00fanico trabajo sea decir &quot;S\u00ed, quiero&quot;.\",\"publisher\":{\"@id\":\"https:\/\/airedefiestacuba.com\/#organization\"},\"potentialAction\":[{\"@type\":\"SearchAction\",\"target\":{\"@type\":\"EntryPoint\",\"urlTemplate\":\"https:\/\/airedefiestacuba.com\/?s={search_term_string}\"},\"query-input\":{\"@type\":\"PropertyValueSpecification\",\"valueRequired\":true,\"valueName\":\"search_term_string\"}}],\"inLanguage\":\"en-US\"},{\"@type\":\"Organization\",\"@id\":\"https:\/\/airedefiestacuba.com\/#organization\",\"name\":\"Bodas en Cuba | Organizadores Expertos con +10 A\u00f1os de \u00c9xito\",\"url\":\"https:\/\/airedefiestacuba.com\/\",\"logo\":{\"@type\":\"ImageObject\",\"inLanguage\":\"en-US\",\"@id\":\"https:\/\/airedefiestacuba.com\/#\/schema\/logo\/image\/\",\"url\":\"https:\/\/airedefiestacuba.com\/wp-content\/uploads\/2022\/03\/3Asset-3.png\",\"contentUrl\":\"https:\/\/airedefiestacuba.com\/wp-content\/uploads\/2022\/03\/3Asset-3.png\",\"width\":1460,\"height\":777,\"caption\":\"Bodas en Cuba | Organizadores Expertos con +10 A\u00f1os de \u00c9xito\"},\"image\":{\"@id\":\"https:\/\/airedefiestacuba.com\/#\/schema\/logo\/image\/\"}},{\"@type\":\"Person\",\"@id\":\"https:\/\/airedefiestacuba.com\/#\/schema\/person\/5865234420ad0876562c26f9fd5dcf12\",\"name\":\"airedefiestacuba.com\",\"image\":{\"@type\":\"ImageObject\",\"inLanguage\":\"en-US\",\"@id\":\"https:\/\/airedefiestacuba.com\/#\/schema\/person\/image\/\",\"url\":\"https:\/\/secure.gravatar.com\/avatar\/1f6087c3554fde612f8f41b6a4287ed465978a4cebc9c9b98289655ccf2008ce?s=96&d=mm&r=g\",\"contentUrl\":\"https:\/\/secure.gravatar.com\/avatar\/1f6087c3554fde612f8f41b6a4287ed465978a4cebc9c9b98289655ccf2008ce?s=96&d=mm&r=g\",\"caption\":\"airedefiestacuba.com\"},\"sameAs\":[\"http:\/\/airedefiestacuba.com\"]}]}<\/script>\n<!-- \/ Yoast SEO Premium plugin. -->","yoast_head_json":{"title":"Vanessa y David, boda de jard\u00edn con luces de hadas | Aire de Fiesta","description":"Celebrating a garden wedding with an elegant style can be the perfect choice for a couple who loves happy endings and romance.","robots":{"index":"index","follow":"follow","max-snippet":"max-snippet:-1","max-image-preview":"max-image-preview:large","max-video-preview":"max-video-preview:-1"},"canonical":"https:\/\/airedefiestacuba.com\/en\/vanessa-y-david-boda-de-jardin\/","og_locale":"en_US","og_type":"article","og_title":"Vanessa y David, boda de jard\u00edn con luces de hadas","og_description":"Celebrar una boda de jard\u00edn con un estilo elegante puede ser la decisi\u00f3n perfecta para una pareja que ama los finales felices y el romance.","og_url":"https:\/\/airedefiestacuba.com\/en\/vanessa-y-david-boda-de-jardin\/","og_site_name":"Bodas en Cuba | Organizadores Expertos con +10 A\u00f1os de \u00c9xito","article_published_time":"2024-04-21T19:33:35+00:00","article_modified_time":"2025-08-28T02:54:40+00:00","og_image":[{"width":1920,"height":1280,"url":"https:\/\/airedefiestacuba.com\/wp-content\/uploads\/2024\/04\/bride-groom-light-ceiling-reception.jpg","type":"image\/jpeg"}],"author":"airedefiestacuba.com","twitter_card":"summary_large_image","twitter_description":"Celebrar una boda de jard\u00edn con un estilo elegante puede ser la decisi\u00f3n perfecta para una pareja que ama los finales felices y el romance.","twitter_image":"https:\/\/airedefiestacuba.com\/wp-content\/uploads\/2024\/04\/wedding-group-photo-garden-celebration.jpg","twitter_misc":{"Written by":"airedefiestacuba.com","Est. reading time":"11 minutes"},"schema":{"@context":"https:\/\/schema.org","@graph":[{"@type":"Article","@id":"https:\/\/airedefiestacuba.com\/vanessa-y-david-boda-de-jardin\/#article","isPartOf":{"@id":"https:\/\/airedefiestacuba.com\/vanessa-y-david-boda-de-jardin\/"},"author":{"name":"airedefiestacuba.com","@id":"https:\/\/airedefiestacuba.com\/#\/schema\/person\/5865234420ad0876562c26f9fd5dcf12"},"headline":"Vanessa y David, boda de jard\u00edn con luces de hadas","datePublished":"2024-04-21T19:33:35+00:00","dateModified":"2025-08-28T02:54:40+00:00","mainEntityOfPage":{"@id":"https:\/\/airedefiestacuba.com\/vanessa-y-david-boda-de-jardin\/"},"wordCount":419,"commentCount":0,"publisher":{"@id":"https:\/\/airedefiestacuba.com\/#organization"},"image":{"@id":"https:\/\/airedefiestacuba.com\/vanessa-y-david-boda-de-jardin\/#primaryimage"},"thumbnailUrl":"https:\/\/airedefiestacuba.com\/wp-content\/uploads\/2024\/04\/bride-groom-light-ceiling-reception.jpg","keywords":["boda de jard\u00edn","boda en cuba","boda en la habana","wedding planner"],"articleSection":["Bodas","Habana"],"inLanguage":"en-US","potentialAction":[{"@type":"CommentAction","name":"Comment","target":["https:\/\/airedefiestacuba.com\/vanessa-y-david-boda-de-jardin\/#respond"]}]},{"@type":"WebPage","@id":"https:\/\/airedefiestacuba.com\/vanessa-y-david-boda-de-jardin\/","url":"https:\/\/airedefiestacuba.com\/vanessa-y-david-boda-de-jardin\/","name":"Vanessa y David, boda de jard\u00edn con luces de hadas | Aire de Fiesta","isPartOf":{"@id":"https:\/\/airedefiestacuba.com\/#website"},"primaryImageOfPage":{"@id":"https:\/\/airedefiestacuba.com\/vanessa-y-david-boda-de-jardin\/#primaryimage"},"image":{"@id":"https:\/\/airedefiestacuba.com\/vanessa-y-david-boda-de-jardin\/#primaryimage"},"thumbnailUrl":"https:\/\/airedefiestacuba.com\/wp-content\/uploads\/2024\/04\/bride-groom-light-ceiling-reception.jpg","datePublished":"2024-04-21T19:33:35+00:00","dateModified":"2025-08-28T02:54:40+00:00","description":"Celebrating a garden wedding with an elegant style can be the perfect choice for a couple who loves happy endings and romance.","breadcrumb":{"@id":"https:\/\/airedefiestacuba.com\/vanessa-y-david-boda-de-jardin\/#breadcrumb"},"inLanguage":"en-US","potentialAction":[{"@type":"ReadAction","target":["https:\/\/airedefiestacuba.com\/vanessa-y-david-boda-de-jardin\/"]}]},{"@type":"ImageObject","inLanguage":"en-US","@id":"https:\/\/airedefiestacuba.com\/vanessa-y-david-boda-de-jardin\/#primaryimage","url":"https:\/\/airedefiestacuba.com\/wp-content\/uploads\/2024\/04\/bride-groom-light-ceiling-reception.jpg","contentUrl":"https:\/\/airedefiestacuba.com\/wp-content\/uploads\/2024\/04\/bride-groom-light-ceiling-reception.jpg","width":1920,"height":1280,"caption":"Rodeados de amigos y familiares, los novios celebran su amor bajo un cielo iluminado."},{"@type":"BreadcrumbList","@id":"https:\/\/airedefiestacuba.com\/vanessa-y-david-boda-de-jardin\/#breadcrumb","itemListElement":[{"@type":"ListItem","position":1,"name":"Home","item":"https:\/\/airedefiestacuba.com\/"},{"@type":"ListItem","position":2,"name":"Vanessa y David, boda de jard\u00edn con luces de hadas"}]},{"@type":"WebSite","@id":"https:\/\/airedefiestacuba.com\/#website","url":"https:\/\/airedefiestacuba.com\/","name":"Weddings in Cuba | Expert Planners with 10+ Years of Success","description":"Experts in destination weddings in Cuba. We turn your vision into a perfect celebration. We guarantee that your only job will be to say \"I do.\"","publisher":{"@id":"https:\/\/airedefiestacuba.com\/#organization"},"potentialAction":[{"@type":"SearchAction","target":{"@type":"EntryPoint","urlTemplate":"https:\/\/airedefiestacuba.com\/?s={search_term_string}"},"query-input":{"@type":"PropertyValueSpecification","valueRequired":true,"valueName":"search_term_string"}}],"inLanguage":"en-US"},{"@type":"Organization","@id":"https:\/\/airedefiestacuba.com\/#organization","name":"Weddings in Cuba | Expert Planners with 10+ Years of Success","url":"https:\/\/airedefiestacuba.com\/","logo":{"@type":"ImageObject","inLanguage":"en-US","@id":"https:\/\/airedefiestacuba.com\/#\/schema\/logo\/image\/","url":"https:\/\/airedefiestacuba.com\/wp-content\/uploads\/2022\/03\/3Asset-3.png","contentUrl":"https:\/\/airedefiestacuba.com\/wp-content\/uploads\/2022\/03\/3Asset-3.png","width":1460,"height":777,"caption":"Bodas en Cuba | Organizadores Expertos con +10 A\u00f1os de \u00c9xito"},"image":{"@id":"https:\/\/airedefiestacuba.com\/#\/schema\/logo\/image\/"}},{"@type":"Person","@id":"https:\/\/airedefiestacuba.com\/#\/schema\/person\/5865234420ad0876562c26f9fd5dcf12","name":"airedefiestacuba.com","image":{"@type":"ImageObject","inLanguage":"en-US","@id":"https:\/\/airedefiestacuba.com\/#\/schema\/person\/image\/","url":"https:\/\/secure.gravatar.com\/avatar\/1f6087c3554fde612f8f41b6a4287ed465978a4cebc9c9b98289655ccf2008ce?s=96&d=mm&r=g","contentUrl":"https:\/\/secure.gravatar.com\/avatar\/1f6087c3554fde612f8f41b6a4287ed465978a4cebc9c9b98289655ccf2008ce?s=96&d=mm&r=g","caption":"airedefiestacuba.com"},"sameAs":["http:\/\/airedefiestacuba.com"]}]}},"_links":{"self":[{"href":"https:\/\/airedefiestacuba.com\/en\/wp-json\/wp\/v2\/posts\/4049","targetHints":{"allow":["GET"]}}],"collection":[{"href":"https:\/\/airedefiestacuba.com\/en\/wp-json\/wp\/v2\/posts"}],"about":[{"href":"https:\/\/airedefiestacuba.com\/en\/wp-json\/wp\/v2\/types\/post"}],"author":[{"embeddable":true,"href":"https:\/\/airedefiestacuba.com\/en\/wp-json\/wp\/v2\/users\/1"}],"replies":[{"embeddable":true,"href":"https:\/\/airedefiestacuba.com\/en\/wp-json\/wp\/v2\/comments?post=4049"}],"version-history":[{"count":44,"href":"https:\/\/airedefiestacuba.com\/en\/wp-json\/wp\/v2\/posts\/4049\/revisions"}],"predecessor-version":[{"id":28368,"href":"https:\/\/airedefiestacuba.com\/en\/wp-json\/wp\/v2\/posts\/4049\/revisions\/28368"}],"wp:featuredmedia":[{"embeddable":true,"href":"https:\/\/airedefiestacuba.com\/en\/wp-json\/wp\/v2\/media\/4077"}],"wp:attachment":[{"href":"https:\/\/airedefiestacuba.com\/en\/wp-json\/wp\/v2\/media?parent=4049"}],"wp:term":[{"taxonomy":"category","embeddable":true,"href":"https:\/\/airedefiestacuba.com\/en\/wp-json\/wp\/v2\/categories?post=4049"},{"taxonomy":"post_tag","embeddable":true,"href":"https:\/\/airedefiestacuba.com\/en\/wp-json\/wp\/v2\/tags?post=4049"}],"curies":[{"name":"wp","href":"https:\/\/api.w.org\/{rel}","templated":true}]}}