{"id":3970,"date":"2024-02-16T00:12:59","date_gmt":"2024-02-15T23:12:59","guid":{"rendered":"https:\/\/airedefiestacuba.com\/?p=3970"},"modified":"2025-08-17T04:31:31","modified_gmt":"2025-08-17T02:31:31","slug":"dior-taller-de-formacion","status":"publish","type":"post","link":"https:\/\/airedefiestacuba.com\/en\/dior-taller-de-formacion\/","title":{"rendered":"DIOR Event Training Workshop"},"content":{"rendered":"<div id=\"ez-toc-container\" class=\"ez-toc-v2_0_80 ez-toc-wrap-left counter-hierarchy ez-toc-counter ez-toc-white ez-toc-container-direction\">\n<div class=\"ez-toc-title-container\">\n<p class=\"ez-toc-title\" style=\"cursor:inherit\">Table of Contents<\/p>\n<span class=\"ez-toc-title-toggle\"><a href=\"#\" class=\"ez-toc-pull-right ez-toc-btn ez-toc-btn-xs ez-toc-btn-default ez-toc-toggle\" aria-label=\"Toggle Table of Content\"><span class=\"ez-toc-js-icon-con\"><span class=\"\"><span class=\"eztoc-hide\" style=\"display:none;\">Toggle<\/span><span class=\"ez-toc-icon-toggle-span\"><svg style=\"fill: #999;color:#999\" xmlns=\"http:\/\/www.w3.org\/2000\/svg\" class=\"list-377408\" width=\"20px\" height=\"20px\" viewbox=\"0 0 24 24\" fill=\"none\"><path d=\"M6 6H4v2h2V6zm14 0H8v2h12V6zM4 11h2v2H4v-2zm16 0H8v2h12v-2zM4 16h2v2H4v-2zm16 0H8v2h12v-2z\" fill=\"currentColor\"><\/path><\/svg><svg style=\"fill: #999;color:#999\" class=\"arrow-unsorted-368013\" xmlns=\"http:\/\/www.w3.org\/2000\/svg\" width=\"10px\" height=\"10px\" viewbox=\"0 0 24 24\" version=\"1.2\" baseprofile=\"tiny\"><path d=\"M18.2 9.3l-6.2-6.3-6.2 6.3c-.2.2-.3.4-.3.7s.1.5.3.7c.2.2.4.3.7.3h11c.3 0 .5-.1.7-.3.2-.2.3-.5.3-.7s-.1-.5-.3-.7zM5.8 14.7l6.2 6.3 6.2-6.3c.2-.2.3-.5.3-.7s-.1-.5-.3-.7c-.2-.2-.4-.3-.7-.3h-11c-.3 0-.5.1-.7.3-.2.2-.3.5-.3.7s.1.5.3.7z\"\/><\/svg><\/span><\/span><\/span><\/a><\/span><\/div>\n<nav><ul class='ez-toc-list ez-toc-list-level-1 eztoc-toggle-hide-by-default' ><li class='ez-toc-page-1 ez-toc-heading-level-2'><a class=\"ez-toc-link ez-toc-heading-1\" href=\"https:\/\/airedefiestacuba.com\/en\/dior-taller-de-formacion\/#Importancia_del_Taller_de_Formacion_en_el_Trabajo_en_Equipo\" >Importancia del Taller de Formaci\u00f3n en el Trabajo en Equipo<\/a><\/li><li class='ez-toc-page-1 ez-toc-heading-level-2'><a class=\"ez-toc-link ez-toc-heading-2\" href=\"https:\/\/airedefiestacuba.com\/en\/dior-taller-de-formacion\/#Organizacion_del_Taller_por_Saint_Remy\" >Organizaci\u00f3n del Taller por Saint Remy<\/a><\/li><li class='ez-toc-page-1 ez-toc-heading-level-2'><a class=\"ez-toc-link ez-toc-heading-3\" href=\"https:\/\/airedefiestacuba.com\/en\/dior-taller-de-formacion\/#Diseno_del_Espacio_y_Elementos_Visuales\" >Dise\u00f1o del Espacio y Elementos Visuales<\/a><\/li><li class='ez-toc-page-1 ez-toc-heading-level-2'><a class=\"ez-toc-link ez-toc-heading-4\" href=\"https:\/\/airedefiestacuba.com\/en\/dior-taller-de-formacion\/#Creacion_de_un_Ambiente_Profesional_y_Agradable\" >Creaci\u00f3n de un Ambiente Profesional y Agradable<\/a><\/li><li class='ez-toc-page-1 ez-toc-heading-level-2'><a class=\"ez-toc-link ez-toc-heading-5\" href=\"https:\/\/airedefiestacuba.com\/en\/dior-taller-de-formacion\/#Temas_Abordados_Notas_Olfativas_y_Tecnicas_de_Venta\" >Temas Abordados: Notas Olfativas y T\u00e9cnicas de Venta<\/a><\/li><li class='ez-toc-page-1 ez-toc-heading-level-2'><a class=\"ez-toc-link ez-toc-heading-6\" href=\"https:\/\/airedefiestacuba.com\/en\/dior-taller-de-formacion\/#Proveedores\" >Suppliers:<\/a><\/li><\/ul><\/nav><\/div>\n\t\t<div data-elementor-type=\"wp-post\" data-elementor-id=\"3970\" class=\"elementor elementor-3970\" data-elementor-post-type=\"post\">\n\t\t\t\t<div class=\"elementor-element elementor-element-2dea6d64 e-con-full e-flex e-con e-parent\" data-id=\"2dea6d64\" data-element_type=\"container\">\n\t\t<div class=\"elementor-element elementor-element-584f7c5 e-con-full e-flex e-con e-child\" data-id=\"584f7c5\" data-element_type=\"container\">\n\t\t\t\t<div class=\"elementor-element elementor-element-56456a6 elementor-widget-tablet__width-initial elementor-widget__width-initial elementor-widget elementor-widget-image\" data-id=\"56456a6\" data-element_type=\"widget\" data-widget_type=\"image.default\">\n\t\t\t\t<div class=\"elementor-widget-container\">\n\t\t\t\t\t\t\t\t\t\t\t\t\t\t\t<img fetchpriority=\"high\" decoding=\"async\" width=\"1024\" height=\"425\" src=\"https:\/\/airedefiestacuba.com\/wp-content\/uploads\/2025\/06\/Asset-23@10x1-1024x425.png\" class=\"attachment-large size-large wp-image-24966\" alt=\"Aire de Fiesta logo, wedding planning in Cuba\" srcset=\"\" sizes=\"(max-width: 1024px) 100vw, 1024px\" data-srcset=\"\" \/>\t\t\t\t\t\t\t\t\t\t\t\t\t\t\t<\/div>\n\t\t\t\t<\/div>\n\t\t\t\t<div class=\"elementor-element elementor-element-4f5eb6bf elementor-hidden-desktop elementor-hidden-tablet elementor-widget elementor-widget-image\" data-id=\"4f5eb6bf\" data-element_type=\"widget\" data-widget_type=\"image.default\">\n\t\t\t\t<div class=\"elementor-widget-container\">\n\t\t\t\t\t\t\t\t\t\t\t\t\t\t\t<img decoding=\"async\" width=\"767\" height=\"1024\" src=\"https:\/\/airedefiestacuba.com\/wp-content\/uploads\/2024\/02\/Imagen-Presentacion-DIOR_25-scaled2-767x1024.jpg\" class=\"attachment-large size-large wp-image-18661\" alt=\"This event is a clear example of how corporate events in Havana can be exclusive: DIOR training workshop.\" srcset=\"https:\/\/airedefiestacuba.com\/wp-content\/uploads\/2024\/02\/Imagen-Presentacion-DIOR_25-scaled2-767x1024.jpg 767w, https:\/\/airedefiestacuba.com\/wp-content\/uploads\/2024\/02\/Imagen-Presentacion-DIOR_25-scaled2-225x300.jpg 225w, https:\/\/airedefiestacuba.com\/wp-content\/uploads\/2024\/02\/Imagen-Presentacion-DIOR_25-scaled2-768x1026.jpg 768w, https:\/\/airedefiestacuba.com\/wp-content\/uploads\/2024\/02\/Imagen-Presentacion-DIOR_25-scaled2-9x12.jpg 9w, https:\/\/airedefiestacuba.com\/wp-content\/uploads\/2024\/02\/Imagen-Presentacion-DIOR_25-scaled2.jpg 948w\" sizes=\"(max-width: 767px) 100vw, 767px\" \/>\t\t\t\t\t\t\t\t\t\t\t\t\t\t\t<\/div>\n\t\t\t\t<\/div>\n\t\t\t\t<div class=\"elementor-element elementor-element-64446af0 sumary elementor-widget elementor-widget-text-editor\" data-id=\"64446af0\" data-element_type=\"widget\" data-widget_type=\"text-editor.default\">\n\t\t\t\t<div class=\"elementor-widget-container\">\n\t\t\t\t\t\t\t\t\t<h4>DIOR, training workshop<\/h4>\n<h1 class=\"fraseClave\">taller de formaci\u00f3n para perfumes Dior<\/h1>\n<p>The <strong>taller de formaci\u00f3n para perfumes Dior<\/strong>, organizado por Saint Remy en el hotel Grand Aston de La Habana, busc\u00f3 reforzar las habilidades de venta y conocimientos sobre fragancias, creando un ambiente est\u00e9tico inspirado en la pasi\u00f3n de Dior por las flores. Se abordaron temas como notas olfativas y t\u00e9cnicas de venta para orientar a los vendedores de las fragancias de la marca.<\/p>\t\t\t\t\t\t\t\t<\/div>\n\t\t\t\t<\/div>\n\t\t\t\t<div class=\"elementor-element elementor-element-173d821a premium-modal-dismissible-yes elementor-widget elementor-widget-premium-addon-modal-box\" data-id=\"173d821a\" data-element_type=\"widget\" data-settings=\"{&quot;premium_modal_box_animation&quot;:&quot;fadeInDown&quot;}\" data-widget_type=\"premium-addon-modal-box.default\">\n\t\t\t\t<div class=\"elementor-widget-container\">\n\t\t\t\t\t\r\n\t\t<div class=\"premium-modal-box-container\" data-settings=\"{&quot;trigger&quot;:&quot;button&quot;,&quot;show_on_exit&quot;:false}\">\r\n\t\t\t<div class=\"premium-modal-trigger-container\">\r\n\t\t\t\t\t\t\t\t\t<button data-toggle=\"premium-modal\" data-target=\"#premium-modal-173d821a\" type=\"button\" class=\"premium-modal-trigger-btn premium-btn-sm premium-button-none\" data-text=\"Leer m\u00e1s\">\r\n\r\n\t\t\t\t\t\t\r\n\t\t\t\t\t\t<div class=\"premium-button-text-icon-wrapper\">\r\n\t\t\t\t\t\t\t<span>Read more<\/span>\r\n\t\t\t\t\t\t<\/div>\r\n\r\n\t\t\t\t\t\t\r\n\t\t\t\t\t\t\r\n\t\t\t\t\t\t\r\n\t\t\t\t\t<\/button>\r\n\t\t\t\t\t\t\t<\/div>\r\n\r\n\t\t\t<div id=\"premium-modal-173d821a\" class=\"premium-modal-box-modal\"\r\n\t\t\trole=\"dialog\"\r\n\t\t\tstyle=\"display: none\"\r\n\t\t\t>\r\n\t\t\t\t<div class=\"premium-modal-box-modal-dialog\" data-delay-animation=\"\" data-modal-animation=\"fadeInDown animated-fast\">\r\n\t\t\t\t\t\t\t\t\t\t\t<div class=\"premium-modal-box-modal-header\">\r\n\t\t\t\t\t\t\t\t\t\t\t\t\t\t\t<h3 class=\"premium-modal-box-modal-title\">\r\n\t\t\t\t\t\t\t\t\t\t\t\t<img decoding=\"async\" src=\"\" alt=\"\">\r\n\t\t\tCaja en blanco \t\t\t\t\t\t\t\t<\/h3>\r\n\t\t\t\t\t\t\t\t\t\t\t\t\t\t\t\t\t\t\t\t\t\t<div class=\"premium-modal-box-close-button-container\">\r\n\t\t\t\t\t\t\t\t\t<button type=\"button\" class=\"premium-modal-box-modal-close\" data-dismiss=\"premium-modal\">\u00d7<\/button>\r\n\t\t\t\t\t\t\t\t<\/div>\r\n\t\t\t\t\t\t\t\t\t\t\t\t\t<\/div>\r\n\t\t\t\t\t\t\t\t\t\t<div class=\"premium-modal-box-modal-body\">\r\n\t\t\t\t\t\t<h2 class=\"mb-2 last:mb-0\"><span class=\"ez-toc-section\" id=\"Importancia_del_Taller_de_Formacion_en_el_Trabajo_en_Equipo\"><\/span>Importancia del Taller de Formaci\u00f3n en el Trabajo en Equipo<span class=\"ez-toc-section-end\"><\/span><\/h2>\n<p class=\"mb-2 last:mb-0\">El taller de formaci\u00f3n es una herramienta muy utilizada para el trabajo en equipo en el mundo empresarial. El refuerzo de los conocimientos te\u00f3ricos, pr\u00e1cticos, de habilidades y competencias necesarias para vender fue uno de los objetivos de este encuentro.<\/p>\n<h2 class=\"mb-2 last:mb-0\"><span class=\"ez-toc-section\" id=\"Organizacion_del_Taller_por_Saint_Remy\"><\/span>Organizaci\u00f3n del Taller por Saint Remy<span class=\"ez-toc-section-end\"><\/span><\/h2>\n<p class=\"mb-2 last:mb-0\">Organizado por Saint Remy, compa\u00f1\u00eda francesa con m\u00e1s de 20 a\u00f1os en el mercado cubano, y distribuidor exclusivo de las m\u00e1s prestigiosas marcas de perfume a nivel internacional, la cita se realiz\u00f3 en el hotel Grand Aston de La Habana.<\/p>\n<p class=\"mb-2 last:mb-0\">Inspiraci\u00f3n en la Est\u00e9tica de Parfums Christian Dior<br \/>Our team focused on a set-up that would enhance communication while maintaining the aesthetics of Parfums Christian Dior, a seemingly simple yet challenging project.<\/p>\n<h2 class=\"mb-2 last:mb-0\"><span class=\"ez-toc-section\" id=\"Diseno_del_Espacio_y_Elementos_Visuales\"><\/span>Dise\u00f1o del Espacio y Elementos Visuales<span class=\"ez-toc-section-end\"><\/span><\/h2>\n<p class=\"mb-2 last:mb-0\">Los perfumes Dior reflejan en la actualidad la pasi\u00f3n por la belleza del dise\u00f1ador que fund\u00f3 la Casa. Su amor por las flores es lo que ha inspirado sus numerosas fragancias con coraz\u00f3n floral. Este fue uno de los ejes fundamentales por el que nos guiamos para concebir la decoraci\u00f3n de este taller.<\/p>\n<p class=\"mb-2 last:mb-0\">As a central focal point, a photocall with the House's brand, a white backdrop, and delicate floral arrangements on golden metal structures were set up. For the workshop area, white tablecloths with golden centerpieces featuring a similar floral design.<\/p>\n<h2 class=\"mb-2 last:mb-0\"><span class=\"ez-toc-section\" id=\"Creacion_de_un_Ambiente_Profesional_y_Agradable\"><\/span>Creaci\u00f3n de un Ambiente Profesional y Agradable<span class=\"ez-toc-section-end\"><\/span><\/h2>\n<p class=\"mb-2 last:mb-0\">The greatest success was finding the ideal balance to create a professional environment that was not only functional but also pleasing to the senses.<\/p>\n<h2 class=\"mb-2 last:mb-0\"><span class=\"ez-toc-section\" id=\"Temas_Abordados_Notas_Olfativas_y_Tecnicas_de_Venta\"><\/span>Temas Abordados: Notas Olfativas y T\u00e9cnicas de Venta<span class=\"ez-toc-section-end\"><\/span><\/h2>\n<p class=\"mb-2 last:mb-0\">Olfactory notes and sales techniques to professionally advise and guide the brand's sales representatives and shop assistants, were some of the topics covered. \nDior perfumes include feminine and masculine fragrances that are sold at high-end cosmetic counters worldwide.<\/p>\t\t\t\t\t<\/div>\r\n\t\t\t\t\t\t\t\t\t\t\t<div class=\"premium-modal-box-modal-footer\">\r\n\t\t\t\t\t\t\t<button type=\"button\" class=\"premium-modal-box-modal-lower-close\" data-dismiss=\"premium-modal\">\r\n\t\t\t\t\t\t\t\tClose\t\t\t\t\t\t\t<\/button>\r\n\t\t\t\t\t\t<\/div>\r\n\t\t\t\t\t\t\t\t\t<\/div>\r\n\t\t\t<\/div>\r\n\t\t<\/div>\r\n\r\n\t\t\t\t\t\t<\/div>\n\t\t\t\t<\/div>\n\t\t\t\t<\/div>\n\t\t<div class=\"elementor-element elementor-element-255c61db e-con-full e-flex e-con e-child\" data-id=\"255c61db\" data-element_type=\"container\">\n\t\t\t\t<div class=\"elementor-element elementor-element-2f233619 elementor-hidden-mobile elementor-widget elementor-widget-image\" data-id=\"2f233619\" data-element_type=\"widget\" data-widget_type=\"image.default\">\n\t\t\t\t<div class=\"elementor-widget-container\">\n\t\t\t\t\t\t\t\t\t\t\t\t\t\t\t<img decoding=\"async\" width=\"767\" height=\"1024\" src=\"https:\/\/airedefiestacuba.com\/wp-content\/uploads\/2024\/02\/Imagen-Presentacion-DIOR_25-scaled2-767x1024.jpg\" class=\"attachment-large size-large wp-image-18661\" alt=\"This event is a clear example of how corporate events in Havana can be exclusive: DIOR training workshop.\" srcset=\"https:\/\/airedefiestacuba.com\/wp-content\/uploads\/2024\/02\/Imagen-Presentacion-DIOR_25-scaled2-767x1024.jpg 767w, https:\/\/airedefiestacuba.com\/wp-content\/uploads\/2024\/02\/Imagen-Presentacion-DIOR_25-scaled2-225x300.jpg 225w, https:\/\/airedefiestacuba.com\/wp-content\/uploads\/2024\/02\/Imagen-Presentacion-DIOR_25-scaled2-768x1026.jpg 768w, https:\/\/airedefiestacuba.com\/wp-content\/uploads\/2024\/02\/Imagen-Presentacion-DIOR_25-scaled2-9x12.jpg 9w, https:\/\/airedefiestacuba.com\/wp-content\/uploads\/2024\/02\/Imagen-Presentacion-DIOR_25-scaled2.jpg 948w\" sizes=\"(max-width: 767px) 100vw, 767px\" \/>\t\t\t\t\t\t\t\t\t\t\t\t\t\t\t<\/div>\n\t\t\t\t<\/div>\n\t\t\t\t<\/div>\n\t\t\t\t<\/div>\n\t\t<div class=\"elementor-element elementor-element-7c3954e6 e-flex e-con-boxed e-con e-parent\" data-id=\"7c3954e6\" data-element_type=\"container\">\n\t\t\t\t\t<div class=\"e-con-inner\">\n\t\t<div class=\"elementor-element elementor-element-7dd17127 e-con-full e-flex e-con e-child\" data-id=\"7dd17127\" data-element_type=\"container\">\n\t\t\t\t<\/div>\n\t\t<div class=\"elementor-element elementor-element-299ca7a2 e-con-full e-flex e-con e-child\" data-id=\"299ca7a2\" data-element_type=\"container\">\n\t\t\t\t<div class=\"elementor-element elementor-element-7f3672a elementor-widget__width-initial provider elementor-widget elementor-widget-text-editor\" data-id=\"7f3672a\" data-element_type=\"widget\" data-widget_type=\"text-editor.default\">\n\t\t\t\t<div class=\"elementor-widget-container\">\n\t\t\t\t\t\t\t\t\t<h2 class=\"proveedores-titulo\"><span class=\"ez-toc-section\" id=\"Proveedores\"><\/span>Suppliers:<span class=\"ez-toc-section-end\"><\/span><\/h2>\n<h3>Coordination, Decoration, and Floristry:<\/h3>\n<p>Aire de Fiesta<\/p>\n<h3>Location:<\/h3>\n<p>Hotel Grand Aston<\/p>\n<!-- \/wp:paragraph --><!-- wp:paragraph -->\n<h3>Photography:<\/h3>\n<p>Julio Alvite<\/p>\n<p>\u00a0<\/p>\t\t\t\t\t\t\t\t<\/div>\n\t\t\t\t<\/div>\n\t\t\t\t<\/div>\n\t\t\t\t\t<\/div>\n\t\t\t\t<\/div>\n\t\t<div class=\"elementor-element elementor-element-5b453cee e-flex e-con-boxed e-con e-parent\" data-id=\"5b453cee\" data-element_type=\"container\">\n\t\t\t\t\t<div class=\"e-con-inner\">\n\t\t\t\t<div class=\"elementor-element elementor-element-28b9dd49 elementor-widget elementor-widget-image\" data-id=\"28b9dd49\" data-element_type=\"widget\" data-widget_type=\"image.default\">\n\t\t\t\t<div class=\"elementor-widget-container\">\n\t\t\t\t\t\t\t\t\t\t\t\t\t\t\t<img decoding=\"async\" width=\"1920\" height=\"1280\" src=\"https:\/\/airedefiestacuba.com\/wp-content\/uploads\/2024\/02\/Imagen-Presentacion-DIOR_030.jpg\" class=\"attachment-full size-full wp-image-3972\" alt=\"corporate-training-photocall-dior-corporate-events-design\" srcset=\"https:\/\/airedefiestacuba.com\/wp-content\/uploads\/2024\/02\/Imagen-Presentacion-DIOR_030.jpg 1920w, https:\/\/airedefiestacuba.com\/wp-content\/uploads\/2024\/02\/Imagen-Presentacion-DIOR_030-300x200.jpg 300w, https:\/\/airedefiestacuba.com\/wp-content\/uploads\/2024\/02\/Imagen-Presentacion-DIOR_030-1024x683.jpg 1024w, https:\/\/airedefiestacuba.com\/wp-content\/uploads\/2024\/02\/Imagen-Presentacion-DIOR_030-768x512.jpg 768w, https:\/\/airedefiestacuba.com\/wp-content\/uploads\/2024\/02\/Imagen-Presentacion-DIOR_030-1536x1024.jpg 1536w, https:\/\/airedefiestacuba.com\/wp-content\/uploads\/2024\/02\/Imagen-Presentacion-DIOR_030-2048x1365.jpg 2048w\" sizes=\"(max-width: 1920px) 100vw, 1920px\" \/>\t\t\t\t\t\t\t\t\t\t\t\t\t\t\t<\/div>\n\t\t\t\t<\/div>\n\t\t\t\t\t<\/div>\n\t\t\t\t<\/div>\n\t\t<div class=\"elementor-element elementor-element-8ba13be e-flex e-con-boxed e-con e-parent\" data-id=\"8ba13be\" data-element_type=\"container\">\n\t\t\t\t\t<div class=\"e-con-inner\">\n\t\t\t\t<div class=\"elementor-element elementor-element-cff020f elementor-widget elementor-widget-image\" data-id=\"cff020f\" data-element_type=\"widget\" data-widget_type=\"image.default\">\n\t\t\t\t<div class=\"elementor-widget-container\">\n\t\t\t\t\t\t\t\t\t\t\t\t\t\t\t<img loading=\"lazy\" decoding=\"async\" width=\"1575\" height=\"1049\" src=\"https:\/\/airedefiestacuba.com\/wp-content\/uploads\/2024\/02\/Imagen-Presentacion-DIOR_002.jpg\" class=\"attachment-full size-full wp-image-3973\" alt=\"\" srcset=\"https:\/\/airedefiestacuba.com\/wp-content\/uploads\/2024\/02\/Imagen-Presentacion-DIOR_002.jpg 1575w, https:\/\/airedefiestacuba.com\/wp-content\/uploads\/2024\/02\/Imagen-Presentacion-DIOR_002-300x200.jpg 300w, https:\/\/airedefiestacuba.com\/wp-content\/uploads\/2024\/02\/Imagen-Presentacion-DIOR_002-1024x682.jpg 1024w, https:\/\/airedefiestacuba.com\/wp-content\/uploads\/2024\/02\/Imagen-Presentacion-DIOR_002-768x512.jpg 768w, https:\/\/airedefiestacuba.com\/wp-content\/uploads\/2024\/02\/Imagen-Presentacion-DIOR_002-1536x1023.jpg 1536w\" sizes=\"(max-width: 1575px) 100vw, 1575px\" \/>\t\t\t\t\t\t\t\t\t\t\t\t\t\t\t<\/div>\n\t\t\t\t<\/div>\n\t\t\t\t\t<\/div>\n\t\t\t\t<\/div>\n\t\t<div class=\"elementor-element elementor-element-0453219 e-flex e-con-boxed e-con e-parent\" data-id=\"0453219\" data-element_type=\"container\">\n\t\t\t\t\t<div class=\"e-con-inner\">\n\t\t\t\t<div class=\"elementor-element elementor-element-7704857 elementor-widget elementor-widget-image\" data-id=\"7704857\" data-element_type=\"widget\" data-widget_type=\"image.default\">\n\t\t\t\t<div class=\"elementor-widget-container\">\n\t\t\t\t\t\t\t\t\t\t\t\t\t\t\t<img loading=\"lazy\" decoding=\"async\" width=\"1080\" height=\"719\" src=\"https:\/\/airedefiestacuba.com\/wp-content\/uploads\/2024\/02\/Imagen-Presentacion-DIOR_006.jpg\" class=\"attachment-full size-full wp-image-3974\" alt=\"\" srcset=\"https:\/\/airedefiestacuba.com\/wp-content\/uploads\/2024\/02\/Imagen-Presentacion-DIOR_006.jpg 1080w, https:\/\/airedefiestacuba.com\/wp-content\/uploads\/2024\/02\/Imagen-Presentacion-DIOR_006-300x200.jpg 300w, https:\/\/airedefiestacuba.com\/wp-content\/uploads\/2024\/02\/Imagen-Presentacion-DIOR_006-1024x682.jpg 1024w, https:\/\/airedefiestacuba.com\/wp-content\/uploads\/2024\/02\/Imagen-Presentacion-DIOR_006-768x511.jpg 768w\" sizes=\"(max-width: 1080px) 100vw, 1080px\" \/>\t\t\t\t\t\t\t\t\t\t\t\t\t\t\t<\/div>\n\t\t\t\t<\/div>\n\t\t\t\t\t<\/div>\n\t\t\t\t<\/div>\n\t\t<div class=\"elementor-element elementor-element-f1e0804 e-flex e-con-boxed e-con e-parent\" data-id=\"f1e0804\" data-element_type=\"container\">\n\t\t\t\t\t<div class=\"e-con-inner\">\n\t\t<div class=\"elementor-element elementor-element-49090ac e-con-full e-flex e-con e-child\" data-id=\"49090ac\" data-element_type=\"container\">\n\t\t\t\t<div class=\"elementor-element elementor-element-b511451 elementor-widget elementor-widget-image\" data-id=\"b511451\" data-element_type=\"widget\" data-widget_type=\"image.default\">\n\t\t\t\t<div class=\"elementor-widget-container\">\n\t\t\t\t\t\t\t\t\t\t\t\t\t\t\t<img decoding=\"async\" src=\"https:\/\/airedefiestacuba.com\/wp-content\/uploads\/elementor\/thumbs\/DIOR_presentacion-de-producto-2-qwmcrow2ar4h3ygojdywup1r39fn87ae6r0pkzt2hw.jpg\" title=\"DIOR_presentacion-de-producto-2\" alt=\"DIOR_presentacion-de-producto-2\" loading=\"lazy\" \/>\t\t\t\t\t\t\t\t\t\t\t\t\t\t\t<\/div>\n\t\t\t\t<\/div>\n\t\t\t\t<\/div>\n\t\t<div class=\"elementor-element elementor-element-12c8f59 e-con-full e-flex e-con e-child\" data-id=\"12c8f59\" data-element_type=\"container\">\n\t\t\t\t<div class=\"elementor-element elementor-element-710e66d elementor-widget elementor-widget-image\" data-id=\"710e66d\" data-element_type=\"widget\" data-widget_type=\"image.default\">\n\t\t\t\t<div class=\"elementor-widget-container\">\n\t\t\t\t\t\t\t\t\t\t\t\t\t\t\t<img loading=\"lazy\" decoding=\"async\" width=\"804\" height=\"1024\" src=\"https:\/\/airedefiestacuba.com\/wp-content\/uploads\/2024\/02\/DIOR_presentacion-de-producto-3-804x1024.jpg\" class=\"attachment-large size-large wp-image-3980\" alt=\"\" srcset=\"https:\/\/airedefiestacuba.com\/wp-content\/uploads\/2024\/02\/DIOR_presentacion-de-producto-3-804x1024.jpg 804w, https:\/\/airedefiestacuba.com\/wp-content\/uploads\/2024\/02\/DIOR_presentacion-de-producto-3-236x300.jpg 236w, https:\/\/airedefiestacuba.com\/wp-content\/uploads\/2024\/02\/DIOR_presentacion-de-producto-3-768x978.jpg 768w, https:\/\/airedefiestacuba.com\/wp-content\/uploads\/2024\/02\/DIOR_presentacion-de-producto-3.jpg 1125w\" sizes=\"(max-width: 804px) 100vw, 804px\" \/>\t\t\t\t\t\t\t\t\t\t\t\t\t\t\t<\/div>\n\t\t\t\t<\/div>\n\t\t\t\t<\/div>\n\t\t\t\t\t<\/div>\n\t\t\t\t<\/div>\n\t\t<div class=\"elementor-element elementor-element-8f6b1eb e-flex e-con-boxed e-con e-parent\" data-id=\"8f6b1eb\" data-element_type=\"container\">\n\t\t\t\t\t<div class=\"e-con-inner\">\n\t\t\t\t<div class=\"elementor-element elementor-element-a5ce38b elementor-widget elementor-widget-image\" data-id=\"a5ce38b\" data-element_type=\"widget\" data-widget_type=\"image.default\">\n\t\t\t\t<div class=\"elementor-widget-container\">\n\t\t\t\t\t\t\t\t\t\t\t\t\t\t\t<img loading=\"lazy\" decoding=\"async\" width=\"1750\" height=\"1166\" src=\"https:\/\/airedefiestacuba.com\/wp-content\/uploads\/2024\/02\/Imagen-Presentacion-DIOR_010.jpg\" class=\"attachment-full size-full wp-image-3975\" alt=\"\" srcset=\"https:\/\/airedefiestacuba.com\/wp-content\/uploads\/2024\/02\/Imagen-Presentacion-DIOR_010.jpg 1750w, https:\/\/airedefiestacuba.com\/wp-content\/uploads\/2024\/02\/Imagen-Presentacion-DIOR_010-300x200.jpg 300w, https:\/\/airedefiestacuba.com\/wp-content\/uploads\/2024\/02\/Imagen-Presentacion-DIOR_010-1024x682.jpg 1024w, https:\/\/airedefiestacuba.com\/wp-content\/uploads\/2024\/02\/Imagen-Presentacion-DIOR_010-768x512.jpg 768w, https:\/\/airedefiestacuba.com\/wp-content\/uploads\/2024\/02\/Imagen-Presentacion-DIOR_010-1536x1023.jpg 1536w\" sizes=\"(max-width: 1750px) 100vw, 1750px\" \/>\t\t\t\t\t\t\t\t\t\t\t\t\t\t\t<\/div>\n\t\t\t\t<\/div>\n\t\t\t\t\t<\/div>\n\t\t\t\t<\/div>\n\t\t<div class=\"elementor-element elementor-element-dbf083a e-flex e-con-boxed e-con e-parent\" data-id=\"dbf083a\" data-element_type=\"container\">\n\t\t\t\t\t<div class=\"e-con-inner\">\n\t\t<div class=\"elementor-element elementor-element-1eaffcbc e-con-full e-flex e-con e-child\" data-id=\"1eaffcbc\" data-element_type=\"container\">\n\t\t\t\t<div class=\"elementor-element elementor-element-31e015ac elementor-widget elementor-widget-image\" data-id=\"31e015ac\" data-element_type=\"widget\" data-widget_type=\"image.default\">\n\t\t\t\t<div class=\"elementor-widget-container\">\n\t\t\t\t\t\t\t\t\t\t\t\t\t\t\t<img decoding=\"async\" src=\"https:\/\/airedefiestacuba.com\/wp-content\/uploads\/elementor\/thumbs\/DIOR_presentacion-de-producto-4-qwmcrptwhl5k9rctd9u6fp9pjsujhu77m5qycqhfnq.jpg\" title=\"DIOR_presentacion-de-producto-4\" alt=\"DIOR_presentacion-de-producto-4\" loading=\"lazy\" \/>\t\t\t\t\t\t\t\t\t\t\t\t\t\t\t<\/div>\n\t\t\t\t<\/div>\n\t\t\t\t<\/div>\n\t\t<div class=\"elementor-element elementor-element-57ab5192 e-con-full e-flex e-con e-child\" data-id=\"57ab5192\" data-element_type=\"container\">\n\t\t\t\t<div class=\"elementor-element elementor-element-403ebba4 elementor-widget elementor-widget-image\" data-id=\"403ebba4\" data-element_type=\"widget\" data-widget_type=\"image.default\">\n\t\t\t\t<div class=\"elementor-widget-container\">\n\t\t\t\t\t\t\t\t\t\t\t\t\t\t\t<img loading=\"lazy\" decoding=\"async\" width=\"845\" height=\"1024\" src=\"https:\/\/airedefiestacuba.com\/wp-content\/uploads\/2024\/02\/DIOR_Presentacion-de-producto-845x1024.jpg\" class=\"attachment-large size-large wp-image-3977\" alt=\"\" srcset=\"https:\/\/airedefiestacuba.com\/wp-content\/uploads\/2024\/02\/DIOR_Presentacion-de-producto-845x1024.jpg 845w, https:\/\/airedefiestacuba.com\/wp-content\/uploads\/2024\/02\/DIOR_Presentacion-de-producto-248x300.jpg 248w, https:\/\/airedefiestacuba.com\/wp-content\/uploads\/2024\/02\/DIOR_Presentacion-de-producto-768x931.jpg 768w, https:\/\/airedefiestacuba.com\/wp-content\/uploads\/2024\/02\/DIOR_Presentacion-de-producto.jpg 1175w\" sizes=\"(max-width: 845px) 100vw, 845px\" \/>\t\t\t\t\t\t\t\t\t\t\t\t\t\t\t<\/div>\n\t\t\t\t<\/div>\n\t\t\t\t<\/div>\n\t\t\t\t\t<\/div>\n\t\t\t\t<\/div>\n\t\t<div class=\"elementor-element elementor-element-5399c1e e-flex e-con-boxed e-con e-parent\" data-id=\"5399c1e\" data-element_type=\"container\">\n\t\t\t\t\t<div class=\"e-con-inner\">\n\t\t\t\t<div class=\"elementor-element elementor-element-5953681 elementor-widget elementor-widget-image\" data-id=\"5953681\" data-element_type=\"widget\" data-widget_type=\"image.default\">\n\t\t\t\t<div class=\"elementor-widget-container\">\n\t\t\t\t\t\t\t\t\t\t\t\t\t\t\t<img loading=\"lazy\" decoding=\"async\" width=\"1920\" height=\"1314\" src=\"https:\/\/airedefiestacuba.com\/wp-content\/uploads\/2024\/02\/Imagen-Presentacion-DIOR_025.jpg\" class=\"attachment-full size-full wp-image-3976\" alt=\"\" srcset=\"https:\/\/airedefiestacuba.com\/wp-content\/uploads\/2024\/02\/Imagen-Presentacion-DIOR_025.jpg 1920w, https:\/\/airedefiestacuba.com\/wp-content\/uploads\/2024\/02\/Imagen-Presentacion-DIOR_025-300x205.jpg 300w, https:\/\/airedefiestacuba.com\/wp-content\/uploads\/2024\/02\/Imagen-Presentacion-DIOR_025-1024x701.jpg 1024w, https:\/\/airedefiestacuba.com\/wp-content\/uploads\/2024\/02\/Imagen-Presentacion-DIOR_025-768x526.jpg 768w, https:\/\/airedefiestacuba.com\/wp-content\/uploads\/2024\/02\/Imagen-Presentacion-DIOR_025-1536x1051.jpg 1536w, https:\/\/airedefiestacuba.com\/wp-content\/uploads\/2024\/02\/Imagen-Presentacion-DIOR_025-2048x1402.jpg 2048w\" sizes=\"(max-width: 1920px) 100vw, 1920px\" \/>\t\t\t\t\t\t\t\t\t\t\t\t\t\t\t<\/div>\n\t\t\t\t<\/div>\n\t\t\t\t\t<\/div>\n\t\t\t\t<\/div>\n\t\t<div class=\"elementor-element elementor-element-df9b2dd e-flex e-con-boxed e-con e-parent\" data-id=\"df9b2dd\" data-element_type=\"container\">\n\t\t\t\t\t<div class=\"e-con-inner\">\n\t\t\t\t<div class=\"elementor-element elementor-element-f0da28c elementor-widget elementor-widget-image\" data-id=\"f0da28c\" data-element_type=\"widget\" data-widget_type=\"image.default\">\n\t\t\t\t<div class=\"elementor-widget-container\">\n\t\t\t\t\t\t\t\t\t\t\t\t\t\t\t<img loading=\"lazy\" decoding=\"async\" width=\"1920\" height=\"1280\" src=\"https:\/\/airedefiestacuba.com\/wp-content\/uploads\/2024\/02\/Imagen-Presentacion-DIOR_015-scaled.jpg\" class=\"attachment-full size-full wp-image-3981\" alt=\"\" srcset=\"https:\/\/airedefiestacuba.com\/wp-content\/uploads\/2024\/02\/Imagen-Presentacion-DIOR_015-scaled.jpg 1920w, https:\/\/airedefiestacuba.com\/wp-content\/uploads\/2024\/02\/Imagen-Presentacion-DIOR_015-300x200.jpg 300w, https:\/\/airedefiestacuba.com\/wp-content\/uploads\/2024\/02\/Imagen-Presentacion-DIOR_015-1024x682.jpg 1024w, https:\/\/airedefiestacuba.com\/wp-content\/uploads\/2024\/02\/Imagen-Presentacion-DIOR_015-768x512.jpg 768w, https:\/\/airedefiestacuba.com\/wp-content\/uploads\/2024\/02\/Imagen-Presentacion-DIOR_015-1536x1024.jpg 1536w, https:\/\/airedefiestacuba.com\/wp-content\/uploads\/2024\/02\/Imagen-Presentacion-DIOR_015-2048x1365.jpg 2048w\" sizes=\"(max-width: 1920px) 100vw, 1920px\" \/>\t\t\t\t\t\t\t\t\t\t\t\t\t\t\t<\/div>\n\t\t\t\t<\/div>\n\t\t\t\t\t<\/div>\n\t\t\t\t<\/div>\n\t\t<div class=\"elementor-element elementor-element-7b64fa3d e-flex e-con-boxed e-con e-parent\" data-id=\"7b64fa3d\" data-element_type=\"container\">\n\t\t\t\t\t<div class=\"e-con-inner\">\n\t\t\t\t<div class=\"elementor-element elementor-element-1ab69061 elementor-widget elementor-widget-text-editor\" data-id=\"1ab69061\" data-element_type=\"widget\" data-widget_type=\"text-editor.default\">\n\t\t\t\t<div class=\"elementor-widget-container\">\n\t\t\t\t\t\t\t\t\t<p class=\"texto-image\" style=\"text-align: center;\"><strong>SHARE THIS MOMENT<\/strong><\/p>\t\t\t\t\t\t\t\t<\/div>\n\t\t\t\t<\/div>\n\t\t\t\t\t<\/div>\n\t\t\t\t<\/div>\n\t\t\t\t<\/div>","protected":false},"excerpt":{"rendered":"<p>Dior held an exclusive workshop in Havana, exemplifying how corporate events can also be carefully curated and memorable experiences.<\/p>","protected":false},"author":1,"featured_media":3972,"comment_status":"open","ping_status":"open","sticky":false,"template":"","format":"standard","meta":{"site-sidebar-layout":"default","site-content-layout":"","ast-site-content-layout":"default","site-content-style":"default","site-sidebar-style":"default","ast-global-header-display":"","ast-banner-title-visibility":"","ast-main-header-display":"","ast-hfb-above-header-display":"","ast-hfb-below-header-display":"","ast-hfb-mobile-header-display":"","site-post-title":"","ast-breadcrumbs-content":"","ast-featured-img":"","footer-sml-layout":"","theme-transparent-header-meta":"","adv-header-id-meta":"","stick-header-meta":"","header-above-stick-meta":"","header-main-stick-meta":"","header-below-stick-meta":"","astra-migrate-meta-layouts":"set","ast-page-background-enabled":"default","ast-page-background-meta":{"desktop":{"background-color":"var(--ast-global-color-4)","background-image":"","background-repeat":"repeat","background-position":"center center","background-size":"auto","background-attachment":"scroll","background-type":"","background-media":"","overlay-type":"","overlay-color":"","overlay-opacity":"","overlay-gradient":""},"tablet":{"background-color":"","background-image":"","background-repeat":"repeat","background-position":"center center","background-size":"auto","background-attachment":"scroll","background-type":"","background-media":"","overlay-type":"","overlay-color":"","overlay-opacity":"","overlay-gradient":""},"mobile":{"background-color":"","background-image":"","background-repeat":"repeat","background-position":"center center","background-size":"auto","background-attachment":"scroll","background-type":"","background-media":"","overlay-type":"","overlay-color":"","overlay-opacity":"","overlay-gradient":""}},"ast-content-background-meta":{"desktop":{"background-color":"var(--ast-global-color-5)","background-image":"","background-repeat":"repeat","background-position":"center center","background-size":"auto","background-attachment":"scroll","background-type":"","background-media":"","overlay-type":"","overlay-color":"","overlay-opacity":"","overlay-gradient":""},"tablet":{"background-color":"var(--ast-global-color-5)","background-image":"","background-repeat":"repeat","background-position":"center center","background-size":"auto","background-attachment":"scroll","background-type":"","background-media":"","overlay-type":"","overlay-color":"","overlay-opacity":"","overlay-gradient":""},"mobile":{"background-color":"var(--ast-global-color-5)","background-image":"","background-repeat":"repeat","background-position":"center center","background-size":"auto","background-attachment":"scroll","background-type":"","background-media":"","overlay-type":"","overlay-color":"","overlay-opacity":"","overlay-gradient":""}},"footnotes":""},"categories":[63],"tags":[84,78,89,88,85,82,81,87],"class_list":["post-3970","post","type-post","status-publish","format-standard","has-post-thumbnail","hentry","category-empresariales","tag-casa-dior","tag-eventos-empresariales","tag-eventos-empresariales-en-cuba","tag-eventos-en-cuba","tag-organizador-de-eventos","tag-perfumes-dior","tag-taller-de-formacion","tag-team-building"],"yoast_head":"<!-- This site is optimized with the Yoast SEO Premium plugin v24.1 (Yoast SEO v26.7) - https:\/\/yoast.com\/wordpress\/plugins\/seo\/ -->\n<title>Evento de DIOR Taller de formaci\u00f3n | Aire de Fiesta<\/title>\n<meta name=\"description\" content=\"El taller de formaci\u00f3n es una herramienta muy utilizada en capacitaci\u00f3n. El encuentro fue organizado por Saint Remy, para Perfumes Dior.\" \/>\n<meta name=\"robots\" content=\"index, follow, max-snippet:-1, max-image-preview:large, max-video-preview:-1\" \/>\n<link rel=\"canonical\" href=\"https:\/\/airedefiestacuba.com\/en\/dior-taller-de-formacion\/\" \/>\n<meta property=\"og:locale\" content=\"en_US\" \/>\n<meta property=\"og:type\" content=\"article\" \/>\n<meta property=\"og:title\" content=\"Evento de DIOR Taller de formaci\u00f3n\" \/>\n<meta property=\"og:description\" content=\"El taller de formaci\u00f3n es una herramienta muy utilizada en capacitaci\u00f3n. El encuentro fue organizado por Saint Remy, para Perfumes Dior.\" \/>\n<meta property=\"og:url\" content=\"https:\/\/airedefiestacuba.com\/en\/dior-taller-de-formacion\/\" \/>\n<meta property=\"og:site_name\" content=\"Bodas en Cuba | Organizadores Expertos con +10 A\u00f1os de \u00c9xito\" \/>\n<meta property=\"article:published_time\" content=\"2024-02-15T23:12:59+00:00\" \/>\n<meta property=\"article:modified_time\" content=\"2025-08-17T02:31:31+00:00\" \/>\n<meta property=\"og:image\" content=\"https:\/\/airedefiestacuba.com\/wp-content\/uploads\/2024\/02\/Imagen-Presentacion-DIOR_030.jpg\" \/>\n\t<meta property=\"og:image:width\" content=\"1920\" \/>\n\t<meta property=\"og:image:height\" content=\"1280\" \/>\n\t<meta property=\"og:image:type\" content=\"image\/jpeg\" \/>\n<meta name=\"author\" content=\"airedefiestacuba.com\" \/>\n<meta name=\"twitter:card\" content=\"summary_large_image\" \/>\n<meta name=\"twitter:label1\" content=\"Written by\" \/>\n\t<meta name=\"twitter:data1\" content=\"airedefiestacuba.com\" \/>\n\t<meta name=\"twitter:label2\" content=\"Est. reading time\" \/>\n\t<meta name=\"twitter:data2\" content=\"5 minutes\" \/>\n<script type=\"application\/ld+json\" class=\"yoast-schema-graph\">{\"@context\":\"https:\/\/schema.org\",\"@graph\":[{\"@type\":\"Article\",\"@id\":\"https:\/\/airedefiestacuba.com\/dior-taller-de-formacion\/#article\",\"isPartOf\":{\"@id\":\"https:\/\/airedefiestacuba.com\/dior-taller-de-formacion\/\"},\"author\":{\"name\":\"airedefiestacuba.com\",\"@id\":\"https:\/\/airedefiestacuba.com\/#\/schema\/person\/5865234420ad0876562c26f9fd5dcf12\"},\"headline\":\"Evento de DIOR Taller de formaci\u00f3n\",\"datePublished\":\"2024-02-15T23:12:59+00:00\",\"dateModified\":\"2025-08-17T02:31:31+00:00\",\"mainEntityOfPage\":{\"@id\":\"https:\/\/airedefiestacuba.com\/dior-taller-de-formacion\/\"},\"wordCount\":463,\"commentCount\":0,\"publisher\":{\"@id\":\"https:\/\/airedefiestacuba.com\/#organization\"},\"image\":{\"@id\":\"https:\/\/airedefiestacuba.com\/dior-taller-de-formacion\/#primaryimage\"},\"thumbnailUrl\":\"https:\/\/airedefiestacuba.com\/wp-content\/uploads\/2024\/02\/Imagen-Presentacion-DIOR_030.jpg\",\"keywords\":[\"casa dior\",\"eventos empresariales\",\"eventos empresariales en cuba\",\"eventos en cuba\",\"organizador de eventos\",\"perfumes dior\",\"taller de formaci\u00f3n\",\"team building\"],\"articleSection\":[\"Empresariales\"],\"inLanguage\":\"en-US\",\"potentialAction\":[{\"@type\":\"CommentAction\",\"name\":\"Comment\",\"target\":[\"https:\/\/airedefiestacuba.com\/dior-taller-de-formacion\/#respond\"]}]},{\"@type\":\"WebPage\",\"@id\":\"https:\/\/airedefiestacuba.com\/dior-taller-de-formacion\/\",\"url\":\"https:\/\/airedefiestacuba.com\/dior-taller-de-formacion\/\",\"name\":\"Evento de DIOR Taller de formaci\u00f3n | Aire de Fiesta\",\"isPartOf\":{\"@id\":\"https:\/\/airedefiestacuba.com\/#website\"},\"primaryImageOfPage\":{\"@id\":\"https:\/\/airedefiestacuba.com\/dior-taller-de-formacion\/#primaryimage\"},\"image\":{\"@id\":\"https:\/\/airedefiestacuba.com\/dior-taller-de-formacion\/#primaryimage\"},\"thumbnailUrl\":\"https:\/\/airedefiestacuba.com\/wp-content\/uploads\/2024\/02\/Imagen-Presentacion-DIOR_030.jpg\",\"datePublished\":\"2024-02-15T23:12:59+00:00\",\"dateModified\":\"2025-08-17T02:31:31+00:00\",\"description\":\"El taller de formaci\u00f3n es una herramienta muy utilizada en capacitaci\u00f3n. El encuentro fue organizado por Saint Remy, para Perfumes Dior.\",\"breadcrumb\":{\"@id\":\"https:\/\/airedefiestacuba.com\/dior-taller-de-formacion\/#breadcrumb\"},\"inLanguage\":\"en-US\",\"potentialAction\":[{\"@type\":\"ReadAction\",\"target\":[\"https:\/\/airedefiestacuba.com\/dior-taller-de-formacion\/\"]}]},{\"@type\":\"ImageObject\",\"inLanguage\":\"en-US\",\"@id\":\"https:\/\/airedefiestacuba.com\/dior-taller-de-formacion\/#primaryimage\",\"url\":\"https:\/\/airedefiestacuba.com\/wp-content\/uploads\/2024\/02\/Imagen-Presentacion-DIOR_030.jpg\",\"contentUrl\":\"https:\/\/airedefiestacuba.com\/wp-content\/uploads\/2024\/02\/Imagen-Presentacion-DIOR_030.jpg\",\"width\":1920,\"height\":1280,\"caption\":\"un evento empresarial corporativo donde el photocall Dior enmarca la experiencia con estilo y profesionalismo.\"},{\"@type\":\"BreadcrumbList\",\"@id\":\"https:\/\/airedefiestacuba.com\/dior-taller-de-formacion\/#breadcrumb\",\"itemListElement\":[{\"@type\":\"ListItem\",\"position\":1,\"name\":\"Home\",\"item\":\"https:\/\/airedefiestacuba.com\/\"},{\"@type\":\"ListItem\",\"position\":2,\"name\":\"Evento de DIOR Taller de formaci\u00f3n\"}]},{\"@type\":\"WebSite\",\"@id\":\"https:\/\/airedefiestacuba.com\/#website\",\"url\":\"https:\/\/airedefiestacuba.com\/\",\"name\":\"Bodas en Cuba | Organizadores Expertos con +10 A\u00f1os de \u00c9xito\",\"description\":\"Expertos en bodas de destino en Cuba. Convertimos tu visi\u00f3n en una celebraci\u00f3n perfecta. Garantizamos que tu \u00fanico trabajo sea decir &quot;S\u00ed, quiero&quot;.\",\"publisher\":{\"@id\":\"https:\/\/airedefiestacuba.com\/#organization\"},\"potentialAction\":[{\"@type\":\"SearchAction\",\"target\":{\"@type\":\"EntryPoint\",\"urlTemplate\":\"https:\/\/airedefiestacuba.com\/?s={search_term_string}\"},\"query-input\":{\"@type\":\"PropertyValueSpecification\",\"valueRequired\":true,\"valueName\":\"search_term_string\"}}],\"inLanguage\":\"en-US\"},{\"@type\":\"Organization\",\"@id\":\"https:\/\/airedefiestacuba.com\/#organization\",\"name\":\"Bodas en Cuba | Organizadores Expertos con +10 A\u00f1os de \u00c9xito\",\"url\":\"https:\/\/airedefiestacuba.com\/\",\"logo\":{\"@type\":\"ImageObject\",\"inLanguage\":\"en-US\",\"@id\":\"https:\/\/airedefiestacuba.com\/#\/schema\/logo\/image\/\",\"url\":\"https:\/\/airedefiestacuba.com\/wp-content\/uploads\/2022\/03\/3Asset-3.png\",\"contentUrl\":\"https:\/\/airedefiestacuba.com\/wp-content\/uploads\/2022\/03\/3Asset-3.png\",\"width\":1460,\"height\":777,\"caption\":\"Bodas en Cuba | Organizadores Expertos con +10 A\u00f1os de \u00c9xito\"},\"image\":{\"@id\":\"https:\/\/airedefiestacuba.com\/#\/schema\/logo\/image\/\"}},{\"@type\":\"Person\",\"@id\":\"https:\/\/airedefiestacuba.com\/#\/schema\/person\/5865234420ad0876562c26f9fd5dcf12\",\"name\":\"airedefiestacuba.com\",\"image\":{\"@type\":\"ImageObject\",\"inLanguage\":\"en-US\",\"@id\":\"https:\/\/airedefiestacuba.com\/#\/schema\/person\/image\/\",\"url\":\"https:\/\/secure.gravatar.com\/avatar\/1f6087c3554fde612f8f41b6a4287ed465978a4cebc9c9b98289655ccf2008ce?s=96&d=mm&r=g\",\"contentUrl\":\"https:\/\/secure.gravatar.com\/avatar\/1f6087c3554fde612f8f41b6a4287ed465978a4cebc9c9b98289655ccf2008ce?s=96&d=mm&r=g\",\"caption\":\"airedefiestacuba.com\"},\"sameAs\":[\"http:\/\/airedefiestacuba.com\"]}]}<\/script>\n<!-- \/ Yoast SEO Premium plugin. -->","yoast_head_json":{"title":"Evento de DIOR Taller de formaci\u00f3n | Aire de Fiesta","description":"El taller de formaci\u00f3n es una herramienta muy utilizada en capacitaci\u00f3n. El encuentro fue organizado por Saint Remy, para Perfumes Dior.","robots":{"index":"index","follow":"follow","max-snippet":"max-snippet:-1","max-image-preview":"max-image-preview:large","max-video-preview":"max-video-preview:-1"},"canonical":"https:\/\/airedefiestacuba.com\/en\/dior-taller-de-formacion\/","og_locale":"en_US","og_type":"article","og_title":"Evento de DIOR Taller de formaci\u00f3n","og_description":"El taller de formaci\u00f3n es una herramienta muy utilizada en capacitaci\u00f3n. El encuentro fue organizado por Saint Remy, para Perfumes Dior.","og_url":"https:\/\/airedefiestacuba.com\/en\/dior-taller-de-formacion\/","og_site_name":"Bodas en Cuba | Organizadores Expertos con +10 A\u00f1os de \u00c9xito","article_published_time":"2024-02-15T23:12:59+00:00","article_modified_time":"2025-08-17T02:31:31+00:00","og_image":[{"width":1920,"height":1280,"url":"https:\/\/airedefiestacuba.com\/wp-content\/uploads\/2024\/02\/Imagen-Presentacion-DIOR_030.jpg","type":"image\/jpeg"}],"author":"airedefiestacuba.com","twitter_card":"summary_large_image","twitter_misc":{"Written by":"airedefiestacuba.com","Est. reading time":"5 minutes"},"schema":{"@context":"https:\/\/schema.org","@graph":[{"@type":"Article","@id":"https:\/\/airedefiestacuba.com\/dior-taller-de-formacion\/#article","isPartOf":{"@id":"https:\/\/airedefiestacuba.com\/dior-taller-de-formacion\/"},"author":{"name":"airedefiestacuba.com","@id":"https:\/\/airedefiestacuba.com\/#\/schema\/person\/5865234420ad0876562c26f9fd5dcf12"},"headline":"Evento de DIOR Taller de formaci\u00f3n","datePublished":"2024-02-15T23:12:59+00:00","dateModified":"2025-08-17T02:31:31+00:00","mainEntityOfPage":{"@id":"https:\/\/airedefiestacuba.com\/dior-taller-de-formacion\/"},"wordCount":463,"commentCount":0,"publisher":{"@id":"https:\/\/airedefiestacuba.com\/#organization"},"image":{"@id":"https:\/\/airedefiestacuba.com\/dior-taller-de-formacion\/#primaryimage"},"thumbnailUrl":"https:\/\/airedefiestacuba.com\/wp-content\/uploads\/2024\/02\/Imagen-Presentacion-DIOR_030.jpg","keywords":["casa dior","eventos empresariales","eventos empresariales en cuba","eventos en cuba","organizador de eventos","perfumes dior","taller de formaci\u00f3n","team building"],"articleSection":["Empresariales"],"inLanguage":"en-US","potentialAction":[{"@type":"CommentAction","name":"Comment","target":["https:\/\/airedefiestacuba.com\/dior-taller-de-formacion\/#respond"]}]},{"@type":"WebPage","@id":"https:\/\/airedefiestacuba.com\/dior-taller-de-formacion\/","url":"https:\/\/airedefiestacuba.com\/dior-taller-de-formacion\/","name":"Evento de DIOR Taller de formaci\u00f3n | Aire de Fiesta","isPartOf":{"@id":"https:\/\/airedefiestacuba.com\/#website"},"primaryImageOfPage":{"@id":"https:\/\/airedefiestacuba.com\/dior-taller-de-formacion\/#primaryimage"},"image":{"@id":"https:\/\/airedefiestacuba.com\/dior-taller-de-formacion\/#primaryimage"},"thumbnailUrl":"https:\/\/airedefiestacuba.com\/wp-content\/uploads\/2024\/02\/Imagen-Presentacion-DIOR_030.jpg","datePublished":"2024-02-15T23:12:59+00:00","dateModified":"2025-08-17T02:31:31+00:00","description":"El taller de formaci\u00f3n es una herramienta muy utilizada en capacitaci\u00f3n. El encuentro fue organizado por Saint Remy, para Perfumes Dior.","breadcrumb":{"@id":"https:\/\/airedefiestacuba.com\/dior-taller-de-formacion\/#breadcrumb"},"inLanguage":"en-US","potentialAction":[{"@type":"ReadAction","target":["https:\/\/airedefiestacuba.com\/dior-taller-de-formacion\/"]}]},{"@type":"ImageObject","inLanguage":"en-US","@id":"https:\/\/airedefiestacuba.com\/dior-taller-de-formacion\/#primaryimage","url":"https:\/\/airedefiestacuba.com\/wp-content\/uploads\/2024\/02\/Imagen-Presentacion-DIOR_030.jpg","contentUrl":"https:\/\/airedefiestacuba.com\/wp-content\/uploads\/2024\/02\/Imagen-Presentacion-DIOR_030.jpg","width":1920,"height":1280,"caption":"un evento empresarial corporativo donde el photocall Dior enmarca la experiencia con estilo y profesionalismo."},{"@type":"BreadcrumbList","@id":"https:\/\/airedefiestacuba.com\/dior-taller-de-formacion\/#breadcrumb","itemListElement":[{"@type":"ListItem","position":1,"name":"Home","item":"https:\/\/airedefiestacuba.com\/"},{"@type":"ListItem","position":2,"name":"Evento de DIOR Taller de formaci\u00f3n"}]},{"@type":"WebSite","@id":"https:\/\/airedefiestacuba.com\/#website","url":"https:\/\/airedefiestacuba.com\/","name":"Weddings in Cuba | Expert Planners with 10+ Years of Success","description":"Experts in destination weddings in Cuba. We turn your vision into a perfect celebration. We guarantee that your only job will be to say \"I do.\"","publisher":{"@id":"https:\/\/airedefiestacuba.com\/#organization"},"potentialAction":[{"@type":"SearchAction","target":{"@type":"EntryPoint","urlTemplate":"https:\/\/airedefiestacuba.com\/?s={search_term_string}"},"query-input":{"@type":"PropertyValueSpecification","valueRequired":true,"valueName":"search_term_string"}}],"inLanguage":"en-US"},{"@type":"Organization","@id":"https:\/\/airedefiestacuba.com\/#organization","name":"Weddings in Cuba | Expert Planners with 10+ Years of Success","url":"https:\/\/airedefiestacuba.com\/","logo":{"@type":"ImageObject","inLanguage":"en-US","@id":"https:\/\/airedefiestacuba.com\/#\/schema\/logo\/image\/","url":"https:\/\/airedefiestacuba.com\/wp-content\/uploads\/2022\/03\/3Asset-3.png","contentUrl":"https:\/\/airedefiestacuba.com\/wp-content\/uploads\/2022\/03\/3Asset-3.png","width":1460,"height":777,"caption":"Bodas en Cuba | Organizadores Expertos con +10 A\u00f1os de \u00c9xito"},"image":{"@id":"https:\/\/airedefiestacuba.com\/#\/schema\/logo\/image\/"}},{"@type":"Person","@id":"https:\/\/airedefiestacuba.com\/#\/schema\/person\/5865234420ad0876562c26f9fd5dcf12","name":"airedefiestacuba.com","image":{"@type":"ImageObject","inLanguage":"en-US","@id":"https:\/\/airedefiestacuba.com\/#\/schema\/person\/image\/","url":"https:\/\/secure.gravatar.com\/avatar\/1f6087c3554fde612f8f41b6a4287ed465978a4cebc9c9b98289655ccf2008ce?s=96&d=mm&r=g","contentUrl":"https:\/\/secure.gravatar.com\/avatar\/1f6087c3554fde612f8f41b6a4287ed465978a4cebc9c9b98289655ccf2008ce?s=96&d=mm&r=g","caption":"airedefiestacuba.com"},"sameAs":["http:\/\/airedefiestacuba.com"]}]}},"_links":{"self":[{"href":"https:\/\/airedefiestacuba.com\/en\/wp-json\/wp\/v2\/posts\/3970","targetHints":{"allow":["GET"]}}],"collection":[{"href":"https:\/\/airedefiestacuba.com\/en\/wp-json\/wp\/v2\/posts"}],"about":[{"href":"https:\/\/airedefiestacuba.com\/en\/wp-json\/wp\/v2\/types\/post"}],"author":[{"embeddable":true,"href":"https:\/\/airedefiestacuba.com\/en\/wp-json\/wp\/v2\/users\/1"}],"replies":[{"embeddable":true,"href":"https:\/\/airedefiestacuba.com\/en\/wp-json\/wp\/v2\/comments?post=3970"}],"version-history":[{"count":9,"href":"https:\/\/airedefiestacuba.com\/en\/wp-json\/wp\/v2\/posts\/3970\/revisions"}],"predecessor-version":[{"id":27933,"href":"https:\/\/airedefiestacuba.com\/en\/wp-json\/wp\/v2\/posts\/3970\/revisions\/27933"}],"wp:featuredmedia":[{"embeddable":true,"href":"https:\/\/airedefiestacuba.com\/en\/wp-json\/wp\/v2\/media\/3972"}],"wp:attachment":[{"href":"https:\/\/airedefiestacuba.com\/en\/wp-json\/wp\/v2\/media?parent=3970"}],"wp:term":[{"taxonomy":"category","embeddable":true,"href":"https:\/\/airedefiestacuba.com\/en\/wp-json\/wp\/v2\/categories?post=3970"},{"taxonomy":"post_tag","embeddable":true,"href":"https:\/\/airedefiestacuba.com\/en\/wp-json\/wp\/v2\/tags?post=3970"}],"curies":[{"name":"wp","href":"https:\/\/api.w.org\/{rel}","templated":true}]}}