{"id":3716,"date":"2024-02-13T20:45:03","date_gmt":"2024-02-13T19:45:03","guid":{"rendered":"https:\/\/airedefiestacuba.com\/?p=3716"},"modified":"2025-06-26T07:06:11","modified_gmt":"2025-06-26T05:06:11","slug":"gabriela-y-antonio-boda-en-la-catedral-de-la-habana","status":"publish","type":"post","link":"https:\/\/airedefiestacuba.com\/en\/gabriela-y-antonio-boda-en-la-catedral-de-la-habana\/","title":{"rendered":"Havana\u00b4s Cathedral wedding: Gabriela and Antonio"},"content":{"rendered":"<div id=\"ez-toc-container\" class=\"ez-toc-v2_0_80 ez-toc-wrap-left counter-hierarchy ez-toc-counter ez-toc-white ez-toc-container-direction\">\n<div class=\"ez-toc-title-container\">\n<p class=\"ez-toc-title\" style=\"cursor:inherit\">Table of Contents<\/p>\n<span class=\"ez-toc-title-toggle\"><a href=\"#\" class=\"ez-toc-pull-right ez-toc-btn ez-toc-btn-xs ez-toc-btn-default ez-toc-toggle\" aria-label=\"Toggle Table of Content\"><span class=\"ez-toc-js-icon-con\"><span class=\"\"><span class=\"eztoc-hide\" style=\"display:none;\">Toggle<\/span><span class=\"ez-toc-icon-toggle-span\"><svg style=\"fill: #999;color:#999\" xmlns=\"http:\/\/www.w3.org\/2000\/svg\" class=\"list-377408\" width=\"20px\" height=\"20px\" viewbox=\"0 0 24 24\" fill=\"none\"><path d=\"M6 6H4v2h2V6zm14 0H8v2h12V6zM4 11h2v2H4v-2zm16 0H8v2h12v-2zM4 16h2v2H4v-2zm16 0H8v2h12v-2z\" fill=\"currentColor\"><\/path><\/svg><svg style=\"fill: #999;color:#999\" class=\"arrow-unsorted-368013\" xmlns=\"http:\/\/www.w3.org\/2000\/svg\" width=\"10px\" height=\"10px\" viewbox=\"0 0 24 24\" version=\"1.2\" baseprofile=\"tiny\"><path d=\"M18.2 9.3l-6.2-6.3-6.2 6.3c-.2.2-.3.4-.3.7s.1.5.3.7c.2.2.4.3.7.3h11c.3 0 .5-.1.7-.3.2-.2.3-.5.3-.7s-.1-.5-.3-.7zM5.8 14.7l6.2 6.3 6.2-6.3c.2-.2.3-.5.3-.7s-.1-.5-.3-.7c-.2-.2-.4-.3-.7-.3h-11c-.3 0-.5.1-.7.3-.2.2-.3.5-.3.7s.1.5.3.7z\"\/><\/svg><\/span><\/span><\/span><\/a><\/span><\/div>\n<nav><ul class='ez-toc-list ez-toc-list-level-1 eztoc-toggle-hide-by-default' ><li class='ez-toc-page-1 ez-toc-heading-level-2'><a class=\"ez-toc-link ez-toc-heading-1\" href=\"https:\/\/airedefiestacuba.com\/en\/gabriela-y-antonio-boda-en-la-catedral-de-la-habana\/#La_Eleccion_Perfecta_La_Catedral_de_La_Habana\" >The Perfect Choice: The Cathedral of Havana<\/a><\/li><li class='ez-toc-page-1 ez-toc-heading-level-2'><a class=\"ez-toc-link ez-toc-heading-2\" href=\"https:\/\/airedefiestacuba.com\/en\/gabriela-y-antonio-boda-en-la-catedral-de-la-habana\/#Armonia_en_la_Decoracion\" >Harmony in Decoration<\/a><\/li><li class='ez-toc-page-1 ez-toc-heading-level-2'><a class=\"ez-toc-link ez-toc-heading-3\" href=\"https:\/\/airedefiestacuba.com\/en\/gabriela-y-antonio-boda-en-la-catedral-de-la-habana\/#Detalles_Significativos_en_la_Ceremonia\" >Significant Details in the Ceremony<\/a><\/li><li class='ez-toc-page-1 ez-toc-heading-level-2'><a class=\"ez-toc-link ez-toc-heading-4\" href=\"https:\/\/airedefiestacuba.com\/en\/gabriela-y-antonio-boda-en-la-catedral-de-la-habana\/#Cena_Natural_y_Elegante\" >Natural and Elegant Dinner<\/a><\/li><li class='ez-toc-page-1 ez-toc-heading-level-2'><a class=\"ez-toc-link ez-toc-heading-5\" href=\"https:\/\/airedefiestacuba.com\/en\/gabriela-y-antonio-boda-en-la-catedral-de-la-habana\/#Ambiente_Nocturno_con_Estilo\" >Nocturnal Atmosphere with Style<\/a><\/li><li class='ez-toc-page-1 ez-toc-heading-level-2'><a class=\"ez-toc-link ez-toc-heading-6\" href=\"https:\/\/airedefiestacuba.com\/en\/gabriela-y-antonio-boda-en-la-catedral-de-la-habana\/#Fiesta_en_el_Jardin\" >Garden Party<\/a><\/li><li class='ez-toc-page-1 ez-toc-heading-level-2'><a class=\"ez-toc-link ez-toc-heading-7\" href=\"https:\/\/airedefiestacuba.com\/en\/gabriela-y-antonio-boda-en-la-catedral-de-la-habana\/#Cierre_Festivo_y_Memorable\" >Festive and Memorable Closing<\/a><\/li><li class='ez-toc-page-1 ez-toc-heading-level-2'><a class=\"ez-toc-link ez-toc-heading-8\" href=\"https:\/\/airedefiestacuba.com\/en\/gabriela-y-antonio-boda-en-la-catedral-de-la-habana\/#Proveedores\" >Suppliers:<\/a><\/li><\/ul><\/nav><\/div>\n\t\t<div data-elementor-type=\"wp-post\" data-elementor-id=\"3716\" class=\"elementor elementor-3716\" data-elementor-post-type=\"post\">\n\t\t\t\t<div class=\"elementor-element elementor-element-286f080f e-con-full e-flex e-con e-parent\" data-id=\"286f080f\" data-element_type=\"container\">\n\t\t<div class=\"elementor-element elementor-element-7ca34f73 e-con-full e-flex e-con e-child\" data-id=\"7ca34f73\" data-element_type=\"container\">\n\t\t\t\t<div class=\"elementor-element elementor-element-55bf7a7 elementor-widget-tablet__width-initial elementor-widget__width-initial elementor-widget elementor-widget-image\" data-id=\"55bf7a7\" data-element_type=\"widget\" data-widget_type=\"image.default\">\n\t\t\t\t<div class=\"elementor-widget-container\">\n\t\t\t\t\t\t\t\t\t\t\t\t\t\t\t<img fetchpriority=\"high\" decoding=\"async\" width=\"1024\" height=\"425\" src=\"https:\/\/airedefiestacuba.com\/wp-content\/uploads\/2025\/06\/Asset-23@10x1-1024x425.png\" class=\"attachment-large size-large wp-image-24966\" alt=\"Aire de Fiesta logo, wedding planning in Cuba\" srcset=\"\" sizes=\"(max-width: 1024px) 100vw, 1024px\" data-srcset=\"\" \/>\t\t\t\t\t\t\t\t\t\t\t\t\t\t\t<\/div>\n\t\t\t\t<\/div>\n\t\t\t\t<div class=\"elementor-element elementor-element-76e0b222 elementor-hidden-desktop elementor-hidden-tablet elementor-widget elementor-widget-image\" data-id=\"76e0b222\" data-element_type=\"widget\" data-widget_type=\"image.default\">\n\t\t\t\t<div class=\"elementor-widget-container\">\n\t\t\t\t\t\t\t\t\t\t\t\t\t\t\t<img decoding=\"async\" width=\"683\" height=\"1024\" src=\"https:\/\/airedefiestacuba.com\/wp-content\/uploads\/2024\/02\/fun-wedding-photo-havana-cathedral-court-683x1024.jpg\" class=\"attachment-large size-large wp-image-3753\" alt=\"Candid photo of the couple and the wedding party in front of Havana Cathedral.\" srcset=\"https:\/\/airedefiestacuba.com\/wp-content\/uploads\/2024\/02\/fun-wedding-photo-havana-cathedral-court-683x1024.jpg 683w, https:\/\/airedefiestacuba.com\/wp-content\/uploads\/2024\/02\/fun-wedding-photo-havana-cathedral-court-200x300.jpg 200w, https:\/\/airedefiestacuba.com\/wp-content\/uploads\/2024\/02\/fun-wedding-photo-havana-cathedral-court-768x1152.jpg 768w, https:\/\/airedefiestacuba.com\/wp-content\/uploads\/2024\/02\/fun-wedding-photo-havana-cathedral-court-1024x1536.jpg 1024w, https:\/\/airedefiestacuba.com\/wp-content\/uploads\/2024\/02\/fun-wedding-photo-havana-cathedral-court-8x12.jpg 8w, https:\/\/airedefiestacuba.com\/wp-content\/uploads\/2024\/02\/fun-wedding-photo-havana-cathedral-court.jpg 1280w\" sizes=\"(max-width: 683px) 100vw, 683px\" \/>\t\t\t\t\t\t\t\t\t\t\t\t\t\t\t<\/div>\n\t\t\t\t<\/div>\n\t\t\t\t<div class=\"elementor-element elementor-element-77d8d10 sumary elementor-widget elementor-widget-text-editor\" data-id=\"77d8d10\" data-element_type=\"widget\" data-widget_type=\"text-editor.default\">\n\t\t\t\t<div class=\"elementor-widget-container\">\n\t\t\t\t\t\t\t\t\t<h4>Gabriela and Antonio<\/h4>\n<h1 class=\"fraseClave\">wedding at the Cathedral of Havana<\/h1>\n<p>The couple chose the Cathedral of Havana for their religious wedding, highlighting its history and beauty. The fresh decoration aimed to harmonize the style of the ceremony with that of the reception at La Divina Pastora. During the ceremony, decorative chalkboards, floral arrangements, and natural accents were used to complement the elegance of the temple. <\/p>\t\t\t\t\t\t\t\t<\/div>\n\t\t\t\t<\/div>\n\t\t\t\t<div class=\"elementor-element elementor-element-17c1400c premium-modal-dismissible-yes elementor-widget elementor-widget-premium-addon-modal-box\" data-id=\"17c1400c\" data-element_type=\"widget\" data-settings=\"{&quot;premium_modal_box_animation&quot;:&quot;fadeInDown&quot;}\" data-widget_type=\"premium-addon-modal-box.default\">\n\t\t\t\t<div class=\"elementor-widget-container\">\n\t\t\t\t\t\r\n\t\t<div class=\"premium-modal-box-container\" data-settings=\"{&quot;trigger&quot;:&quot;button&quot;,&quot;show_on_exit&quot;:false}\">\r\n\t\t\t<div class=\"premium-modal-trigger-container\">\r\n\t\t\t\t\t\t\t\t\t<button data-toggle=\"premium-modal\" data-target=\"#premium-modal-17c1400c\" type=\"button\" class=\"premium-modal-trigger-btn premium-btn-sm premium-button-none\" data-text=\"Leer m\u00e1s\">\r\n\r\n\t\t\t\t\t\t\r\n\t\t\t\t\t\t<div class=\"premium-button-text-icon-wrapper\">\r\n\t\t\t\t\t\t\t<span>Read more<\/span>\r\n\t\t\t\t\t\t<\/div>\r\n\r\n\t\t\t\t\t\t\r\n\t\t\t\t\t\t\r\n\t\t\t\t\t\t\r\n\t\t\t\t\t<\/button>\r\n\t\t\t\t\t\t\t<\/div>\r\n\r\n\t\t\t<div id=\"premium-modal-17c1400c\" class=\"premium-modal-box-modal\"\r\n\t\t\trole=\"dialog\"\r\n\t\t\tstyle=\"display: none\"\r\n\t\t\t>\r\n\t\t\t\t<div class=\"premium-modal-box-modal-dialog\" data-delay-animation=\"\" data-modal-animation=\"fadeInDown animated-fast\">\r\n\t\t\t\t\t\t\t\t\t\t\t<div class=\"premium-modal-box-modal-header\">\r\n\t\t\t\t\t\t\t\t\t\t\t\t\t\t\t<h3 class=\"premium-modal-box-modal-title\">\r\n\t\t\t\t\t\t\t\t\t\t\t\t<img decoding=\"async\" src=\"\" alt=\"\">\r\n\t\t\tCaja en blanco \t\t\t\t\t\t\t\t<\/h3>\r\n\t\t\t\t\t\t\t\t\t\t\t\t\t\t\t\t\t\t\t\t\t\t<div class=\"premium-modal-box-close-button-container\">\r\n\t\t\t\t\t\t\t\t\t<button type=\"button\" class=\"premium-modal-box-modal-close\" data-dismiss=\"premium-modal\">\u00d7<\/button>\r\n\t\t\t\t\t\t\t\t<\/div>\r\n\t\t\t\t\t\t\t\t\t\t\t\t\t<\/div>\r\n\t\t\t\t\t\t\t\t\t\t<div class=\"premium-modal-box-modal-body\">\r\n\t\t\t\t\t\t<h2 class=\"mb-2 last:mb-0\"><span class=\"ez-toc-section\" id=\"La_Eleccion_Perfecta_La_Catedral_de_La_Habana\"><\/span><strong>The Perfect Choice: The Cathedral of Havana<\/strong><span class=\"ez-toc-section-end\"><\/span><\/h2>\n<p class=\"mb-2 last:mb-0\">It is no coincidence that couples planning a religious ceremony in Cuba choose to have their wedding at the Cathedral of Havana. If there is a church that impresses with its history, uniqueness, and beauty, it is the Cathedral.<\/p>\n<h2 class=\"mb-2 last:mb-0\"><span class=\"ez-toc-section\" id=\"Armonia_en_la_Decoracion\"><\/span><strong>Harmony in Decoration<\/strong><span class=\"ez-toc-section-end\"><\/span><\/h2>\n<p class=\"mb-2 last:mb-0\">With a very fresh decoration style, the challenge of this proposal was to match the style of the ceremony with that of the wedding reception held in the spaces of La Divina Pastora.<\/p>\n<h2 class=\"mb-2 last:mb-0\"><span class=\"ez-toc-section\" id=\"Detalles_Significativos_en_la_Ceremonia\"><\/span><strong>Significant Details in the Ceremony<\/strong><span class=\"ez-toc-section-end\"><\/span><\/h2>\n<p class=\"mb-2 last:mb-0\">For the wedding ceremony at the Cathedral, decorative boards with white finishes, floral arrangements, and messages full of meaning for the couple were used. The natural accents perfectly recreated the atmosphere the couple desired without clashing with the more elegant decorations of the temple.<\/p>\n<h2 class=\"mb-2 last:mb-0\"><span class=\"ez-toc-section\" id=\"Cena_Natural_y_Elegante\"><\/span><strong>Natural and Elegant Dinner<\/strong><span class=\"ez-toc-section-end\"><\/span><\/h2>\n<p class=\"mb-2 last:mb-0\">Continuing the same color palette into the dinner reception, we featured low table arrangements abundant with foliage and green accents to designate each guest's place, adding a touch of nature.<\/p>\n<h2 class=\"mb-2 last:mb-0\"><span class=\"ez-toc-section\" id=\"Ambiente_Nocturno_con_Estilo\"><\/span><strong>Nocturnal Atmosphere with Style<\/strong><span class=\"ez-toc-section-end\"><\/span><\/h2>\n<p class=\"mb-2 last:mb-0\">The light tones in the table linens and prints, along with the fairy lights on the ceiling, added an extra touch of elegance, perfect for the evening.<\/p>\n<h2 class=\"mb-2 last:mb-0\"><span class=\"ez-toc-section\" id=\"Fiesta_en_el_Jardin\"><\/span><strong>Garden Party<\/strong><span class=\"ez-toc-section-end\"><\/span><\/h2>\n<p class=\"mb-2 last:mb-0\">The party was set up in the garden, with lounge furniture and string lights. A table for sugar lovers, inspired by the idea that love is sweet, and a super colorful bar were greatly appreciated by the guests.<\/p>\n<h2 class=\"mb-2 last:mb-0\"><span class=\"ez-toc-section\" id=\"Cierre_Festivo_y_Memorable\"><\/span><strong>Festive and Memorable Closing<\/strong><span class=\"ez-toc-section-end\"><\/span><\/h2>\n<p class=\"mb-2 last:mb-0\">The closing with dancers, to encourage everyone to hit the dance floor in the last hour of the party, was one of those moments we enjoyed the most while planning. The perfect touch to conclude the celebration.<\/p>\t\t\t\t\t<\/div>\r\n\t\t\t\t\t\t\t\t\t\t\t<div class=\"premium-modal-box-modal-footer\">\r\n\t\t\t\t\t\t\t<button type=\"button\" class=\"premium-modal-box-modal-lower-close\" data-dismiss=\"premium-modal\">\r\n\t\t\t\t\t\t\t\tClose\t\t\t\t\t\t\t<\/button>\r\n\t\t\t\t\t\t<\/div>\r\n\t\t\t\t\t\t\t\t\t<\/div>\r\n\t\t\t<\/div>\r\n\t\t<\/div>\r\n\r\n\t\t\t\t\t\t<\/div>\n\t\t\t\t<\/div>\n\t\t\t\t<\/div>\n\t\t<div class=\"elementor-element elementor-element-93c7111 e-con-full e-flex e-con e-child\" data-id=\"93c7111\" data-element_type=\"container\">\n\t\t\t\t<div class=\"elementor-element elementor-element-6c639a29 elementor-hidden-mobile elementor-widget elementor-widget-image\" data-id=\"6c639a29\" data-element_type=\"widget\" data-widget_type=\"image.default\">\n\t\t\t\t<div class=\"elementor-widget-container\">\n\t\t\t\t\t\t\t\t\t\t\t\t\t\t\t<img decoding=\"async\" width=\"683\" height=\"1024\" src=\"https:\/\/airedefiestacuba.com\/wp-content\/uploads\/2024\/02\/fun-wedding-photo-havana-cathedral-court-683x1024.jpg\" class=\"attachment-large size-large wp-image-3753\" alt=\"Candid photo of the couple and the wedding party in front of Havana Cathedral.\" srcset=\"https:\/\/airedefiestacuba.com\/wp-content\/uploads\/2024\/02\/fun-wedding-photo-havana-cathedral-court-683x1024.jpg 683w, https:\/\/airedefiestacuba.com\/wp-content\/uploads\/2024\/02\/fun-wedding-photo-havana-cathedral-court-200x300.jpg 200w, https:\/\/airedefiestacuba.com\/wp-content\/uploads\/2024\/02\/fun-wedding-photo-havana-cathedral-court-768x1152.jpg 768w, https:\/\/airedefiestacuba.com\/wp-content\/uploads\/2024\/02\/fun-wedding-photo-havana-cathedral-court-1024x1536.jpg 1024w, https:\/\/airedefiestacuba.com\/wp-content\/uploads\/2024\/02\/fun-wedding-photo-havana-cathedral-court-8x12.jpg 8w, https:\/\/airedefiestacuba.com\/wp-content\/uploads\/2024\/02\/fun-wedding-photo-havana-cathedral-court.jpg 1280w\" sizes=\"(max-width: 683px) 100vw, 683px\" \/>\t\t\t\t\t\t\t\t\t\t\t\t\t\t\t<\/div>\n\t\t\t\t<\/div>\n\t\t\t\t<\/div>\n\t\t\t\t<\/div>\n\t\t<div class=\"elementor-element elementor-element-1583cabb e-flex e-con-boxed e-con e-parent\" data-id=\"1583cabb\" data-element_type=\"container\">\n\t\t\t\t\t<div class=\"e-con-inner\">\n\t\t<div class=\"elementor-element elementor-element-23c3e605 e-con-full e-flex e-con e-child\" data-id=\"23c3e605\" data-element_type=\"container\">\n\t\t\t\t<\/div>\n\t\t<div class=\"elementor-element elementor-element-1c835ef3 e-con-full e-flex e-con e-child\" data-id=\"1c835ef3\" data-element_type=\"container\">\n\t\t\t\t<div class=\"elementor-element elementor-element-14bda580 elementor-widget__width-initial provider elementor-widget elementor-widget-text-editor\" data-id=\"14bda580\" data-element_type=\"widget\" data-widget_type=\"text-editor.default\">\n\t\t\t\t<div class=\"elementor-widget-container\">\n\t\t\t\t\t\t\t\t\t<h2 class=\"proveedores-titulo\"><span class=\"ez-toc-section\" id=\"Proveedores\"><\/span>Suppliers:<span class=\"ez-toc-section-end\"><\/span><\/h2>\n<h3>Coordination, Decoration, and Floristry:<\/h3>\n<p><a href=\"https:\/\/airedefiestacuba.com\/en\/contacto\/\">Aire de Fiesta<\/a><\/p>\n<!-- \/wp:paragraph --><!-- wp:paragraph -->\n<h3>Ceremony:<\/h3>\n<p><a href=\"\/en\/Cathedral of Havana\/\"> Catedral de La Habana<\/a><\/p>\n<!-- \/wp:paragraph --><!-- wp:paragraph -->\n<h3>Reception:<\/h3>\n<p><a href=\"https:\/\/g.co\/kgs\/69rQrWG\">La Divina Pastora<\/a><\/p>\n<!-- \/wp:paragraph --><!-- wp:paragraph -->\n<h3>Photography:<\/h3>\n<p>Iv\u00e1n Botello<\/p>\n<p>\u00a0<\/p>\t\t\t\t\t\t\t\t<\/div>\n\t\t\t\t<\/div>\n\t\t\t\t<\/div>\n\t\t\t\t\t<\/div>\n\t\t\t\t<\/div>\n\t\t<div class=\"elementor-element elementor-element-40341762 e-flex e-con-boxed e-con e-parent\" data-id=\"40341762\" data-element_type=\"container\">\n\t\t\t\t\t<div class=\"e-con-inner\">\n\t\t<div class=\"elementor-element elementor-element-627fdb05 e-con-full e-flex e-con e-child\" data-id=\"627fdb05\" data-element_type=\"container\">\n\t\t\t\t<div class=\"elementor-element elementor-element-252c0e0b elementor-widget elementor-widget-image\" data-id=\"252c0e0b\" data-element_type=\"widget\" data-widget_type=\"image.default\">\n\t\t\t\t<div class=\"elementor-widget-container\">\n\t\t\t\t\t\t\t\t\t\t\t\t\t\t\t<img decoding=\"async\" width=\"682\" height=\"1024\" src=\"https:\/\/airedefiestacuba.com\/wp-content\/uploads\/2024\/02\/wedding-dress-cuba-havana-cathedral-682x1024.jpg\" class=\"attachment-large size-large wp-image-3720\" alt=\"Wedding dress hanging in a garden before a wedding at the Cathedral of Havana\" srcset=\"https:\/\/airedefiestacuba.com\/wp-content\/uploads\/2024\/02\/wedding-dress-cuba-havana-cathedral-682x1024.jpg 682w, https:\/\/airedefiestacuba.com\/wp-content\/uploads\/2024\/02\/wedding-dress-cuba-havana-cathedral-200x300.jpg 200w, https:\/\/airedefiestacuba.com\/wp-content\/uploads\/2024\/02\/wedding-dress-cuba-havana-cathedral-768x1153.jpg 768w, https:\/\/airedefiestacuba.com\/wp-content\/uploads\/2024\/02\/wedding-dress-cuba-havana-cathedral-1023x1536.jpg 1023w, https:\/\/airedefiestacuba.com\/wp-content\/uploads\/2024\/02\/wedding-dress-cuba-havana-cathedral-8x12.jpg 8w, https:\/\/airedefiestacuba.com\/wp-content\/uploads\/2024\/02\/wedding-dress-cuba-havana-cathedral.jpg 1279w\" sizes=\"(max-width: 682px) 100vw, 682px\" \/>\t\t\t\t\t\t\t\t\t\t\t\t\t\t\t<\/div>\n\t\t\t\t<\/div>\n\t\t\t\t<\/div>\n\t\t<div class=\"elementor-element elementor-element-6ad3c80e e-con-full e-flex e-con e-child\" data-id=\"6ad3c80e\" data-element_type=\"container\">\n\t\t\t\t<div class=\"elementor-element elementor-element-34e88e54 elementor-widget elementor-widget-image\" data-id=\"34e88e54\" data-element_type=\"widget\" data-widget_type=\"image.default\">\n\t\t\t\t<div class=\"elementor-widget-container\">\n\t\t\t\t\t\t\t\t\t\t\t\t\t\t\t<img loading=\"lazy\" decoding=\"async\" width=\"683\" height=\"1024\" src=\"https:\/\/airedefiestacuba.com\/wp-content\/uploads\/2024\/02\/bridal-bouquet-white-roses-havana-cathedral-wedding-683x1024.jpg\" class=\"attachment-large size-large wp-image-3721\" alt=\"Bridal bouquet with white roses and green foliage for a wedding at the Cathedral of Havana\" srcset=\"https:\/\/airedefiestacuba.com\/wp-content\/uploads\/2024\/02\/bridal-bouquet-white-roses-havana-cathedral-wedding-683x1024.jpg 683w, https:\/\/airedefiestacuba.com\/wp-content\/uploads\/2024\/02\/bridal-bouquet-white-roses-havana-cathedral-wedding-200x300.jpg 200w, https:\/\/airedefiestacuba.com\/wp-content\/uploads\/2024\/02\/bridal-bouquet-white-roses-havana-cathedral-wedding-768x1152.jpg 768w, https:\/\/airedefiestacuba.com\/wp-content\/uploads\/2024\/02\/bridal-bouquet-white-roses-havana-cathedral-wedding-1024x1536.jpg 1024w, https:\/\/airedefiestacuba.com\/wp-content\/uploads\/2024\/02\/bridal-bouquet-white-roses-havana-cathedral-wedding-1365x2048.jpg 1365w, https:\/\/airedefiestacuba.com\/wp-content\/uploads\/2024\/02\/bridal-bouquet-white-roses-havana-cathedral-wedding-8x12.jpg 8w, https:\/\/airedefiestacuba.com\/wp-content\/uploads\/2024\/02\/bridal-bouquet-white-roses-havana-cathedral-wedding-scaled.jpg 1280w\" sizes=\"(max-width: 683px) 100vw, 683px\" \/>\t\t\t\t\t\t\t\t\t\t\t\t\t\t\t<\/div>\n\t\t\t\t<\/div>\n\t\t\t\t<\/div>\n\t\t\t\t\t<\/div>\n\t\t\t\t<\/div>\n\t\t<div class=\"elementor-element elementor-element-3eff7cca e-flex e-con-boxed e-con e-parent\" data-id=\"3eff7cca\" data-element_type=\"container\">\n\t\t\t\t\t<div class=\"e-con-inner\">\n\t\t\t\t<div class=\"elementor-element elementor-element-45fcc73 elementor-widget elementor-widget-image\" data-id=\"45fcc73\" data-element_type=\"widget\" data-widget_type=\"image.default\">\n\t\t\t\t<div class=\"elementor-widget-container\">\n\t\t\t\t\t\t\t\t\t\t\t\t\t\t\t<img loading=\"lazy\" decoding=\"async\" width=\"1920\" height=\"1280\" src=\"https:\/\/airedefiestacuba.com\/wp-content\/uploads\/2024\/02\/engagement-ring-havana-cathedral-wedding-scaled.jpg\" class=\"attachment-full size-full wp-image-3722\" alt=\"Close-up of Gabriela&#039;s engagement ring on her wedding day at the Cathedral of Havana\" srcset=\"https:\/\/airedefiestacuba.com\/wp-content\/uploads\/2024\/02\/engagement-ring-havana-cathedral-wedding-scaled.jpg 1920w, https:\/\/airedefiestacuba.com\/wp-content\/uploads\/2024\/02\/engagement-ring-havana-cathedral-wedding-300x200.jpg 300w, https:\/\/airedefiestacuba.com\/wp-content\/uploads\/2024\/02\/engagement-ring-havana-cathedral-wedding-1024x683.jpg 1024w, https:\/\/airedefiestacuba.com\/wp-content\/uploads\/2024\/02\/engagement-ring-havana-cathedral-wedding-768x512.jpg 768w, https:\/\/airedefiestacuba.com\/wp-content\/uploads\/2024\/02\/engagement-ring-havana-cathedral-wedding-1536x1024.jpg 1536w, https:\/\/airedefiestacuba.com\/wp-content\/uploads\/2024\/02\/engagement-ring-havana-cathedral-wedding-2048x1365.jpg 2048w, https:\/\/airedefiestacuba.com\/wp-content\/uploads\/2024\/02\/engagement-ring-havana-cathedral-wedding-18x12.jpg 18w\" sizes=\"(max-width: 1920px) 100vw, 1920px\" \/>\t\t\t\t\t\t\t\t\t\t\t\t\t\t\t<\/div>\n\t\t\t\t<\/div>\n\t\t\t\t\t<\/div>\n\t\t\t\t<\/div>\n\t\t<div class=\"elementor-element elementor-element-f7ccf83 e-flex e-con-boxed e-con e-parent\" data-id=\"f7ccf83\" data-element_type=\"container\">\n\t\t\t\t\t<div class=\"e-con-inner\">\n\t\t<div class=\"elementor-element elementor-element-3e0de04 e-con-full e-flex e-con e-child\" data-id=\"3e0de04\" data-element_type=\"container\">\n\t\t\t\t<div class=\"elementor-element elementor-element-aa49267 elementor-widget elementor-widget-image\" data-id=\"aa49267\" data-element_type=\"widget\" data-widget_type=\"image.default\">\n\t\t\t\t<div class=\"elementor-widget-container\">\n\t\t\t\t\t\t\t\t\t\t\t\t\t\t\t<img loading=\"lazy\" decoding=\"async\" width=\"683\" height=\"1024\" src=\"https:\/\/airedefiestacuba.com\/wp-content\/uploads\/2024\/02\/bridal-makeup-havana-cathedral-wedding-683x1024.jpg\" class=\"attachment-large size-large wp-image-3723\" alt=\"Gabriela smiles while getting her makeup done before her wedding at the Cathedral of Havana\" srcset=\"https:\/\/airedefiestacuba.com\/wp-content\/uploads\/2024\/02\/bridal-makeup-havana-cathedral-wedding-683x1024.jpg 683w, https:\/\/airedefiestacuba.com\/wp-content\/uploads\/2024\/02\/bridal-makeup-havana-cathedral-wedding-200x300.jpg 200w, https:\/\/airedefiestacuba.com\/wp-content\/uploads\/2024\/02\/bridal-makeup-havana-cathedral-wedding-768x1152.jpg 768w, https:\/\/airedefiestacuba.com\/wp-content\/uploads\/2024\/02\/bridal-makeup-havana-cathedral-wedding-1024x1536.jpg 1024w, https:\/\/airedefiestacuba.com\/wp-content\/uploads\/2024\/02\/bridal-makeup-havana-cathedral-wedding-1365x2048.jpg 1365w, https:\/\/airedefiestacuba.com\/wp-content\/uploads\/2024\/02\/bridal-makeup-havana-cathedral-wedding-8x12.jpg 8w, https:\/\/airedefiestacuba.com\/wp-content\/uploads\/2024\/02\/bridal-makeup-havana-cathedral-wedding-scaled.jpg 1707w\" sizes=\"(max-width: 683px) 100vw, 683px\" \/>\t\t\t\t\t\t\t\t\t\t\t\t\t\t\t<\/div>\n\t\t\t\t<\/div>\n\t\t\t\t<\/div>\n\t\t<div class=\"elementor-element elementor-element-0ec4e4d e-con-full e-flex e-con e-child\" data-id=\"0ec4e4d\" data-element_type=\"container\">\n\t\t\t\t<div class=\"elementor-element elementor-element-27f541f elementor-widget elementor-widget-image\" data-id=\"27f541f\" data-element_type=\"widget\" data-widget_type=\"image.default\">\n\t\t\t\t<div class=\"elementor-widget-container\">\n\t\t\t\t\t\t\t\t\t\t\t\t\t\t\t<img loading=\"lazy\" decoding=\"async\" width=\"683\" height=\"1024\" src=\"https:\/\/airedefiestacuba.com\/wp-content\/uploads\/2024\/02\/makeup-details-wedding-havana-cathedral-683x1024.jpg\" class=\"attachment-large size-large wp-image-3724\" alt=\"Makeup brushes ready for the bride&#039;s look at the wedding in the Cathedral of Havana\" srcset=\"https:\/\/airedefiestacuba.com\/wp-content\/uploads\/2024\/02\/makeup-details-wedding-havana-cathedral-683x1024.jpg 683w, https:\/\/airedefiestacuba.com\/wp-content\/uploads\/2024\/02\/makeup-details-wedding-havana-cathedral-200x300.jpg 200w, https:\/\/airedefiestacuba.com\/wp-content\/uploads\/2024\/02\/makeup-details-wedding-havana-cathedral-768x1152.jpg 768w, https:\/\/airedefiestacuba.com\/wp-content\/uploads\/2024\/02\/makeup-details-wedding-havana-cathedral-1024x1536.jpg 1024w, https:\/\/airedefiestacuba.com\/wp-content\/uploads\/2024\/02\/makeup-details-wedding-havana-cathedral-1365x2048.jpg 1365w, https:\/\/airedefiestacuba.com\/wp-content\/uploads\/2024\/02\/makeup-details-wedding-havana-cathedral-8x12.jpg 8w, https:\/\/airedefiestacuba.com\/wp-content\/uploads\/2024\/02\/makeup-details-wedding-havana-cathedral-scaled.jpg 1280w\" sizes=\"(max-width: 683px) 100vw, 683px\" \/>\t\t\t\t\t\t\t\t\t\t\t\t\t\t\t<\/div>\n\t\t\t\t<\/div>\n\t\t\t\t<\/div>\n\t\t\t\t\t<\/div>\n\t\t\t\t<\/div>\n\t\t<div class=\"elementor-element elementor-element-5bf92aa e-flex e-con-boxed e-con e-parent\" data-id=\"5bf92aa\" data-element_type=\"container\">\n\t\t\t\t\t<div class=\"e-con-inner\">\n\t\t\t\t<div class=\"elementor-element elementor-element-d08455d elementor-widget elementor-widget-image\" data-id=\"d08455d\" data-element_type=\"widget\" data-widget_type=\"image.default\">\n\t\t\t\t<div class=\"elementor-widget-container\">\n\t\t\t\t\t\t\t\t\t\t\t\t\t\t\t<img loading=\"lazy\" decoding=\"async\" width=\"1920\" height=\"1280\" src=\"https:\/\/airedefiestacuba.com\/wp-content\/uploads\/2024\/02\/bride-bridesmaids-wedding-havana-cathedral-scaled.jpg\" class=\"attachment-full size-full wp-image-3725\" alt=\"The bride with her bridesmaids during the wedding preparations at the Cathedral of Havana\" srcset=\"https:\/\/airedefiestacuba.com\/wp-content\/uploads\/2024\/02\/bride-bridesmaids-wedding-havana-cathedral-scaled.jpg 1920w, https:\/\/airedefiestacuba.com\/wp-content\/uploads\/2024\/02\/bride-bridesmaids-wedding-havana-cathedral-300x200.jpg 300w, https:\/\/airedefiestacuba.com\/wp-content\/uploads\/2024\/02\/bride-bridesmaids-wedding-havana-cathedral-1024x683.jpg 1024w, https:\/\/airedefiestacuba.com\/wp-content\/uploads\/2024\/02\/bride-bridesmaids-wedding-havana-cathedral-768x512.jpg 768w, https:\/\/airedefiestacuba.com\/wp-content\/uploads\/2024\/02\/bride-bridesmaids-wedding-havana-cathedral-1536x1024.jpg 1536w, https:\/\/airedefiestacuba.com\/wp-content\/uploads\/2024\/02\/bride-bridesmaids-wedding-havana-cathedral-2048x1365.jpg 2048w, https:\/\/airedefiestacuba.com\/wp-content\/uploads\/2024\/02\/bride-bridesmaids-wedding-havana-cathedral-18x12.jpg 18w\" sizes=\"(max-width: 1920px) 100vw, 1920px\" \/>\t\t\t\t\t\t\t\t\t\t\t\t\t\t\t<\/div>\n\t\t\t\t<\/div>\n\t\t\t\t\t<\/div>\n\t\t\t\t<\/div>\n\t\t<div class=\"elementor-element elementor-element-653996cb e-flex e-con-boxed e-con e-parent\" data-id=\"653996cb\" data-element_type=\"container\">\n\t\t\t\t\t<div class=\"e-con-inner\">\n\t\t<div class=\"elementor-element elementor-element-18ca7e3a e-con-full e-flex e-con e-child\" data-id=\"18ca7e3a\" data-element_type=\"container\">\n\t\t\t\t<div class=\"elementor-element elementor-element-65f63dd0 elementor-widget elementor-widget-image\" data-id=\"65f63dd0\" data-element_type=\"widget\" data-widget_type=\"image.default\">\n\t\t\t\t<div class=\"elementor-widget-container\">\n\t\t\t\t\t\t\t\t\t\t\t\t\t\t\t<img loading=\"lazy\" decoding=\"async\" width=\"683\" height=\"1024\" src=\"https:\/\/airedefiestacuba.com\/wp-content\/uploads\/2024\/02\/gabriela-wedding-havana-cathedral-dress-683x1024.jpg\" class=\"attachment-large size-large wp-image-3728\" alt=\"Gabriela in her wedding dress, ready for her wedding at the Cathedral of Havana\" srcset=\"https:\/\/airedefiestacuba.com\/wp-content\/uploads\/2024\/02\/gabriela-wedding-havana-cathedral-dress-683x1024.jpg 683w, https:\/\/airedefiestacuba.com\/wp-content\/uploads\/2024\/02\/gabriela-wedding-havana-cathedral-dress-200x300.jpg 200w, https:\/\/airedefiestacuba.com\/wp-content\/uploads\/2024\/02\/gabriela-wedding-havana-cathedral-dress-768x1152.jpg 768w, https:\/\/airedefiestacuba.com\/wp-content\/uploads\/2024\/02\/gabriela-wedding-havana-cathedral-dress-1024x1536.jpg 1024w, https:\/\/airedefiestacuba.com\/wp-content\/uploads\/2024\/02\/gabriela-wedding-havana-cathedral-dress-1365x2048.jpg 1365w, https:\/\/airedefiestacuba.com\/wp-content\/uploads\/2024\/02\/gabriela-wedding-havana-cathedral-dress-8x12.jpg 8w, https:\/\/airedefiestacuba.com\/wp-content\/uploads\/2024\/02\/gabriela-wedding-havana-cathedral-dress-scaled.jpg 1280w\" sizes=\"(max-width: 683px) 100vw, 683px\" \/>\t\t\t\t\t\t\t\t\t\t\t\t\t\t\t<\/div>\n\t\t\t\t<\/div>\n\t\t\t\t<\/div>\n\t\t\t\t\t<\/div>\n\t\t\t\t<\/div>\n\t\t<div class=\"elementor-element elementor-element-18e883c e-flex e-con-boxed e-con e-parent\" data-id=\"18e883c\" data-element_type=\"container\">\n\t\t\t\t\t<div class=\"e-con-inner\">\n\t\t\t\t<div class=\"elementor-element elementor-element-1b69926 elementor-widget elementor-widget-image\" data-id=\"1b69926\" data-element_type=\"widget\" data-widget_type=\"image.default\">\n\t\t\t\t<div class=\"elementor-widget-container\">\n\t\t\t\t\t\t\t\t\t\t\t\t\t\t\t<img loading=\"lazy\" decoding=\"async\" width=\"1920\" height=\"1279\" src=\"https:\/\/airedefiestacuba.com\/wp-content\/uploads\/2024\/02\/classic-car-bride-havana-wedding.jpg\" class=\"attachment-full size-full wp-image-3731\" alt=\"Gabriela in a classic car before her wedding at the Havana Cathedral. Bridal transportation coordinated by our team.\" srcset=\"https:\/\/airedefiestacuba.com\/wp-content\/uploads\/2024\/02\/classic-car-bride-havana-wedding.jpg 1920w, https:\/\/airedefiestacuba.com\/wp-content\/uploads\/2024\/02\/classic-car-bride-havana-wedding-300x200.jpg 300w, https:\/\/airedefiestacuba.com\/wp-content\/uploads\/2024\/02\/classic-car-bride-havana-wedding-1024x682.jpg 1024w, https:\/\/airedefiestacuba.com\/wp-content\/uploads\/2024\/02\/classic-car-bride-havana-wedding-768x512.jpg 768w, https:\/\/airedefiestacuba.com\/wp-content\/uploads\/2024\/02\/classic-car-bride-havana-wedding-1536x1023.jpg 1536w, https:\/\/airedefiestacuba.com\/wp-content\/uploads\/2024\/02\/classic-car-bride-havana-wedding-18x12.jpg 18w\" sizes=\"(max-width: 1920px) 100vw, 1920px\" \/>\t\t\t\t\t\t\t\t\t\t\t\t\t\t\t<\/div>\n\t\t\t\t<\/div>\n\t\t\t\t\t<\/div>\n\t\t\t\t<\/div>\n\t\t<div class=\"elementor-element elementor-element-e0f6fa4 e-flex e-con-boxed e-con e-parent\" data-id=\"e0f6fa4\" data-element_type=\"container\">\n\t\t\t\t\t<div class=\"e-con-inner\">\n\t\t\t\t<div class=\"elementor-element elementor-element-699d38f elementor-widget elementor-widget-image\" data-id=\"699d38f\" data-element_type=\"widget\" data-widget_type=\"image.default\">\n\t\t\t\t<div class=\"elementor-widget-container\">\n\t\t\t\t\t\t\t\t\t\t\t\t\t\t\t<img loading=\"lazy\" decoding=\"async\" width=\"1920\" height=\"1280\" src=\"https:\/\/airedefiestacuba.com\/wp-content\/uploads\/2024\/02\/groom-details-havana-cathedral-wedding-scaled.jpg\" class=\"attachment-full size-full wp-image-3730\" alt=\"Drinks prepared before the wedding at the Cathedral of Havana\" srcset=\"https:\/\/airedefiestacuba.com\/wp-content\/uploads\/2024\/02\/groom-details-havana-cathedral-wedding-scaled.jpg 1920w, https:\/\/airedefiestacuba.com\/wp-content\/uploads\/2024\/02\/groom-details-havana-cathedral-wedding-300x200.jpg 300w, https:\/\/airedefiestacuba.com\/wp-content\/uploads\/2024\/02\/groom-details-havana-cathedral-wedding-1024x683.jpg 1024w, https:\/\/airedefiestacuba.com\/wp-content\/uploads\/2024\/02\/groom-details-havana-cathedral-wedding-768x512.jpg 768w, https:\/\/airedefiestacuba.com\/wp-content\/uploads\/2024\/02\/groom-details-havana-cathedral-wedding-1536x1024.jpg 1536w, https:\/\/airedefiestacuba.com\/wp-content\/uploads\/2024\/02\/groom-details-havana-cathedral-wedding-2048x1365.jpg 2048w, https:\/\/airedefiestacuba.com\/wp-content\/uploads\/2024\/02\/groom-details-havana-cathedral-wedding-18x12.jpg 18w\" sizes=\"(max-width: 1920px) 100vw, 1920px\" \/>\t\t\t\t\t\t\t\t\t\t\t\t\t\t\t<\/div>\n\t\t\t\t<\/div>\n\t\t\t\t\t<\/div>\n\t\t\t\t<\/div>\n\t\t<div class=\"elementor-element elementor-element-6a19fd9 e-flex e-con-boxed e-con e-parent\" data-id=\"6a19fd9\" data-element_type=\"container\">\n\t\t\t\t\t<div class=\"e-con-inner\">\n\t\t<div class=\"elementor-element elementor-element-08b3a26 e-con-full e-flex e-con e-child\" data-id=\"08b3a26\" data-element_type=\"container\">\n\t\t\t\t<div class=\"elementor-element elementor-element-6d2afcc elementor-widget elementor-widget-image\" data-id=\"6d2afcc\" data-element_type=\"widget\" data-widget_type=\"image.default\">\n\t\t\t\t<div class=\"elementor-widget-container\">\n\t\t\t\t\t\t\t\t\t\t\t\t\t\t\t<img loading=\"lazy\" decoding=\"async\" width=\"682\" height=\"1024\" src=\"https:\/\/airedefiestacuba.com\/wp-content\/uploads\/2024\/02\/antonio-ready-catedral-havana-wedding-scaled.jpg\" class=\"attachment-large size-large wp-image-3733\" alt=\"Antonio ready in his blue suit for the wedding at the Cathedral of Havana\" \/>\t\t\t\t\t\t\t\t\t\t\t\t\t\t\t<\/div>\n\t\t\t\t<\/div>\n\t\t\t\t<\/div>\n\t\t<div class=\"elementor-element elementor-element-0a35bef e-con-full e-flex e-con e-child\" data-id=\"0a35bef\" data-element_type=\"container\">\n\t\t\t\t<div class=\"elementor-element elementor-element-f06b401 elementor-widget elementor-widget-image\" data-id=\"f06b401\" data-element_type=\"widget\" data-widget_type=\"image.default\">\n\t\t\t\t<div class=\"elementor-widget-container\">\n\t\t\t\t\t\t\t\t\t\t\t\t\t\t\t<img loading=\"lazy\" decoding=\"async\" width=\"683\" height=\"1024\" src=\"https:\/\/airedefiestacuba.com\/wp-content\/uploads\/2024\/02\/groom-groomsmen-havana-cathedral-wedding-683x1024.jpg\" class=\"attachment-large size-large wp-image-3732\" alt=\"Groom in a blue suit with his friends at the wedding in the Cathedral of Havana\" srcset=\"https:\/\/airedefiestacuba.com\/wp-content\/uploads\/2024\/02\/groom-groomsmen-havana-cathedral-wedding-683x1024.jpg 683w, https:\/\/airedefiestacuba.com\/wp-content\/uploads\/2024\/02\/groom-groomsmen-havana-cathedral-wedding-200x300.jpg 200w, https:\/\/airedefiestacuba.com\/wp-content\/uploads\/2024\/02\/groom-groomsmen-havana-cathedral-wedding-768x1152.jpg 768w, https:\/\/airedefiestacuba.com\/wp-content\/uploads\/2024\/02\/groom-groomsmen-havana-cathedral-wedding-1024x1536.jpg 1024w, https:\/\/airedefiestacuba.com\/wp-content\/uploads\/2024\/02\/groom-groomsmen-havana-cathedral-wedding-1365x2048.jpg 1365w, https:\/\/airedefiestacuba.com\/wp-content\/uploads\/2024\/02\/groom-groomsmen-havana-cathedral-wedding-8x12.jpg 8w, https:\/\/airedefiestacuba.com\/wp-content\/uploads\/2024\/02\/groom-groomsmen-havana-cathedral-wedding-scaled.jpg 1280w\" sizes=\"(max-width: 683px) 100vw, 683px\" \/>\t\t\t\t\t\t\t\t\t\t\t\t\t\t\t<\/div>\n\t\t\t\t<\/div>\n\t\t\t\t<\/div>\n\t\t\t\t\t<\/div>\n\t\t\t\t<\/div>\n\t\t<div class=\"elementor-element elementor-element-7713b4f e-flex e-con-boxed e-con e-parent\" data-id=\"7713b4f\" data-element_type=\"container\">\n\t\t\t\t\t<div class=\"e-con-inner\">\n\t\t\t\t<div class=\"elementor-element elementor-element-873b0d3 elementor-widget elementor-widget-image\" data-id=\"873b0d3\" data-element_type=\"widget\" data-widget_type=\"image.default\">\n\t\t\t\t<div class=\"elementor-widget-container\">\n\t\t\t\t\t\t\t\t\t\t\t\t\t\t\t<img loading=\"lazy\" decoding=\"async\" width=\"1920\" height=\"1280\" src=\"https:\/\/airedefiestacuba.com\/wp-content\/uploads\/2024\/02\/groom-convertible-wedding-catedral-havana-scaled.jpg\" class=\"attachment-full size-full wp-image-3735\" alt=\"Antonio rides in a convertible with his groomsmen before his wedding at the Cathedral of Havana\" srcset=\"https:\/\/airedefiestacuba.com\/wp-content\/uploads\/2024\/02\/groom-convertible-wedding-catedral-havana-scaled.jpg 1920w, https:\/\/airedefiestacuba.com\/wp-content\/uploads\/2024\/02\/groom-convertible-wedding-catedral-havana-300x200.jpg 300w, https:\/\/airedefiestacuba.com\/wp-content\/uploads\/2024\/02\/groom-convertible-wedding-catedral-havana-1024x683.jpg 1024w, https:\/\/airedefiestacuba.com\/wp-content\/uploads\/2024\/02\/groom-convertible-wedding-catedral-havana-768x512.jpg 768w, https:\/\/airedefiestacuba.com\/wp-content\/uploads\/2024\/02\/groom-convertible-wedding-catedral-havana-1536x1024.jpg 1536w, https:\/\/airedefiestacuba.com\/wp-content\/uploads\/2024\/02\/groom-convertible-wedding-catedral-havana-2048x1365.jpg 2048w, https:\/\/airedefiestacuba.com\/wp-content\/uploads\/2024\/02\/groom-convertible-wedding-catedral-havana-18x12.jpg 18w\" sizes=\"(max-width: 1920px) 100vw, 1920px\" \/>\t\t\t\t\t\t\t\t\t\t\t\t\t\t\t<\/div>\n\t\t\t\t<\/div>\n\t\t\t\t\t<\/div>\n\t\t\t\t<\/div>\n\t\t<div class=\"elementor-element elementor-element-e636e35 e-flex e-con-boxed e-con e-parent\" data-id=\"e636e35\" data-element_type=\"container\">\n\t\t\t\t\t<div class=\"e-con-inner\">\n\t\t<div class=\"elementor-element elementor-element-bffdb10 e-con-full e-flex e-con e-child\" data-id=\"bffdb10\" data-element_type=\"container\">\n\t\t\t\t<div class=\"elementor-element elementor-element-af96439 elementor-widget elementor-widget-image\" data-id=\"af96439\" data-element_type=\"widget\" data-widget_type=\"image.default\">\n\t\t\t\t<div class=\"elementor-widget-container\">\n\t\t\t\t\t\t\t\t\t\t\t\t\t\t\t<img loading=\"lazy\" decoding=\"async\" width=\"682\" height=\"1024\" src=\"https:\/\/airedefiestacuba.com\/wp-content\/uploads\/2024\/02\/wedding-sign-catedral-havana-cuba-682x1024.jpg\" class=\"attachment-large size-large wp-image-3737\" alt=\"Sign decorated with flowers welcoming guests to the wedding at Havana Cathedral.\" srcset=\"https:\/\/airedefiestacuba.com\/wp-content\/uploads\/2024\/02\/wedding-sign-catedral-havana-cuba-682x1024.jpg 682w, https:\/\/airedefiestacuba.com\/wp-content\/uploads\/2024\/02\/wedding-sign-catedral-havana-cuba-200x300.jpg 200w, https:\/\/airedefiestacuba.com\/wp-content\/uploads\/2024\/02\/wedding-sign-catedral-havana-cuba-768x1153.jpg 768w, https:\/\/airedefiestacuba.com\/wp-content\/uploads\/2024\/02\/wedding-sign-catedral-havana-cuba-1023x1536.jpg 1023w, https:\/\/airedefiestacuba.com\/wp-content\/uploads\/2024\/02\/wedding-sign-catedral-havana-cuba-8x12.jpg 8w, https:\/\/airedefiestacuba.com\/wp-content\/uploads\/2024\/02\/wedding-sign-catedral-havana-cuba.jpg 1279w\" sizes=\"(max-width: 682px) 100vw, 682px\" \/>\t\t\t\t\t\t\t\t\t\t\t\t\t\t\t<\/div>\n\t\t\t\t<\/div>\n\t\t\t\t<\/div>\n\t\t<div class=\"elementor-element elementor-element-8cd4788 e-con-full e-flex e-con e-child\" data-id=\"8cd4788\" data-element_type=\"container\">\n\t\t\t\t<div class=\"elementor-element elementor-element-04df21b elementor-widget elementor-widget-image\" data-id=\"04df21b\" data-element_type=\"widget\" data-widget_type=\"image.default\">\n\t\t\t\t<div class=\"elementor-widget-container\">\n\t\t\t\t\t\t\t\t\t\t\t\t\t\t\t<img loading=\"lazy\" decoding=\"async\" width=\"683\" height=\"1024\" src=\"https:\/\/airedefiestacuba.com\/wp-content\/uploads\/2024\/02\/groom-waiting-cathedral-havana-wedding-683x1024.jpg\" class=\"attachment-large size-large wp-image-3739\" alt=\"Groom in a blue suit waiting at Havana Cathedral.\" srcset=\"https:\/\/airedefiestacuba.com\/wp-content\/uploads\/2024\/02\/groom-waiting-cathedral-havana-wedding-683x1024.jpg 683w, https:\/\/airedefiestacuba.com\/wp-content\/uploads\/2024\/02\/groom-waiting-cathedral-havana-wedding-200x300.jpg 200w, https:\/\/airedefiestacuba.com\/wp-content\/uploads\/2024\/02\/groom-waiting-cathedral-havana-wedding-768x1152.jpg 768w, https:\/\/airedefiestacuba.com\/wp-content\/uploads\/2024\/02\/groom-waiting-cathedral-havana-wedding-1024x1536.jpg 1024w, https:\/\/airedefiestacuba.com\/wp-content\/uploads\/2024\/02\/groom-waiting-cathedral-havana-wedding-8x12.jpg 8w, https:\/\/airedefiestacuba.com\/wp-content\/uploads\/2024\/02\/groom-waiting-cathedral-havana-wedding.jpg 1280w\" sizes=\"(max-width: 683px) 100vw, 683px\" \/>\t\t\t\t\t\t\t\t\t\t\t\t\t\t\t<\/div>\n\t\t\t\t<\/div>\n\t\t\t\t<\/div>\n\t\t\t\t\t<\/div>\n\t\t\t\t<\/div>\n\t\t<div class=\"elementor-element elementor-element-cb9fbc7 e-flex e-con-boxed e-con e-parent\" data-id=\"cb9fbc7\" data-element_type=\"container\">\n\t\t\t\t\t<div class=\"e-con-inner\">\n\t\t\t\t<div class=\"elementor-element elementor-element-78bda11 elementor-widget elementor-widget-image\" data-id=\"78bda11\" data-element_type=\"widget\" data-widget_type=\"image.default\">\n\t\t\t\t<div class=\"elementor-widget-container\">\n\t\t\t\t\t\t\t\t\t\t\t\t\t\t\t<img loading=\"lazy\" decoding=\"async\" width=\"1920\" height=\"1280\" src=\"https:\/\/airedefiestacuba.com\/wp-content\/uploads\/2024\/02\/wedding-kids-ceremony-catedral-havana-cuba.jpg\" class=\"attachment-full size-full wp-image-3740\" alt=\"Two smiling children walk at the start of the ceremony at Havana Cathedral.\" srcset=\"https:\/\/airedefiestacuba.com\/wp-content\/uploads\/2024\/02\/wedding-kids-ceremony-catedral-havana-cuba.jpg 1920w, https:\/\/airedefiestacuba.com\/wp-content\/uploads\/2024\/02\/wedding-kids-ceremony-catedral-havana-cuba-300x200.jpg 300w, https:\/\/airedefiestacuba.com\/wp-content\/uploads\/2024\/02\/wedding-kids-ceremony-catedral-havana-cuba-1024x683.jpg 1024w, https:\/\/airedefiestacuba.com\/wp-content\/uploads\/2024\/02\/wedding-kids-ceremony-catedral-havana-cuba-768x512.jpg 768w, https:\/\/airedefiestacuba.com\/wp-content\/uploads\/2024\/02\/wedding-kids-ceremony-catedral-havana-cuba-1536x1024.jpg 1536w, https:\/\/airedefiestacuba.com\/wp-content\/uploads\/2024\/02\/wedding-kids-ceremony-catedral-havana-cuba-18x12.jpg 18w\" sizes=\"(max-width: 1920px) 100vw, 1920px\" \/>\t\t\t\t\t\t\t\t\t\t\t\t\t\t\t<\/div>\n\t\t\t\t<\/div>\n\t\t\t\t\t<\/div>\n\t\t\t\t<\/div>\n\t\t<div class=\"elementor-element elementor-element-e2eebe2 e-flex e-con-boxed e-con e-parent\" data-id=\"e2eebe2\" data-element_type=\"container\">\n\t\t\t\t\t<div class=\"e-con-inner\">\n\t\t\t\t<div class=\"elementor-element elementor-element-d2198de elementor-widget elementor-widget-image\" data-id=\"d2198de\" data-element_type=\"widget\" data-widget_type=\"image.default\">\n\t\t\t\t<div class=\"elementor-widget-container\">\n\t\t\t\t\t\t\t\t\t\t\t\t\t\t\t<img loading=\"lazy\" decoding=\"async\" width=\"1920\" height=\"1280\" src=\"https:\/\/airedefiestacuba.com\/wp-content\/uploads\/2024\/02\/bride-walking-cathedral-havana-wedding-cuba.jpg\" class=\"attachment-full size-full wp-image-3741\" alt=\"The bride enters arm in arm with her mother at the wedding in Havana Cathedral.\" srcset=\"https:\/\/airedefiestacuba.com\/wp-content\/uploads\/2024\/02\/bride-walking-cathedral-havana-wedding-cuba.jpg 1920w, https:\/\/airedefiestacuba.com\/wp-content\/uploads\/2024\/02\/bride-walking-cathedral-havana-wedding-cuba-300x200.jpg 300w, https:\/\/airedefiestacuba.com\/wp-content\/uploads\/2024\/02\/bride-walking-cathedral-havana-wedding-cuba-1024x683.jpg 1024w, https:\/\/airedefiestacuba.com\/wp-content\/uploads\/2024\/02\/bride-walking-cathedral-havana-wedding-cuba-768x512.jpg 768w, https:\/\/airedefiestacuba.com\/wp-content\/uploads\/2024\/02\/bride-walking-cathedral-havana-wedding-cuba-1536x1024.jpg 1536w, https:\/\/airedefiestacuba.com\/wp-content\/uploads\/2024\/02\/bride-walking-cathedral-havana-wedding-cuba-18x12.jpg 18w\" sizes=\"(max-width: 1920px) 100vw, 1920px\" \/>\t\t\t\t\t\t\t\t\t\t\t\t\t\t\t<\/div>\n\t\t\t\t<\/div>\n\t\t\t\t\t<\/div>\n\t\t\t\t<\/div>\n\t\t<div class=\"elementor-element elementor-element-43b389b e-flex e-con-boxed e-con e-parent\" data-id=\"43b389b\" data-element_type=\"container\">\n\t\t\t\t\t<div class=\"e-con-inner\">\n\t\t<div class=\"elementor-element elementor-element-dbb195d e-con-full e-flex e-con e-child\" data-id=\"dbb195d\" data-element_type=\"container\">\n\t\t\t\t<div class=\"elementor-element elementor-element-7452cf6 elementor-widget elementor-widget-image\" data-id=\"7452cf6\" data-element_type=\"widget\" data-widget_type=\"image.default\">\n\t\t\t\t<div class=\"elementor-widget-container\">\n\t\t\t\t\t\t\t\t\t\t\t\t\t\t\t<img loading=\"lazy\" decoding=\"async\" width=\"683\" height=\"1024\" src=\"https:\/\/airedefiestacuba.com\/wp-content\/uploads\/2024\/02\/wedding-havana-cathedral-ceremony-look-683x1024.jpg\" class=\"attachment-large size-large wp-image-3742\" alt=\"Bride and groom at their wedding in Havana Cathedral during the ceremony\" srcset=\"https:\/\/airedefiestacuba.com\/wp-content\/uploads\/2024\/02\/wedding-havana-cathedral-ceremony-look-683x1024.jpg 683w, https:\/\/airedefiestacuba.com\/wp-content\/uploads\/2024\/02\/wedding-havana-cathedral-ceremony-look-200x300.jpg 200w, https:\/\/airedefiestacuba.com\/wp-content\/uploads\/2024\/02\/wedding-havana-cathedral-ceremony-look-768x1152.jpg 768w, https:\/\/airedefiestacuba.com\/wp-content\/uploads\/2024\/02\/wedding-havana-cathedral-ceremony-look-1024x1536.jpg 1024w, https:\/\/airedefiestacuba.com\/wp-content\/uploads\/2024\/02\/wedding-havana-cathedral-ceremony-look-8x12.jpg 8w, https:\/\/airedefiestacuba.com\/wp-content\/uploads\/2024\/02\/wedding-havana-cathedral-ceremony-look.jpg 1280w\" sizes=\"(max-width: 683px) 100vw, 683px\" \/>\t\t\t\t\t\t\t\t\t\t\t\t\t\t\t<\/div>\n\t\t\t\t<\/div>\n\t\t\t\t<\/div>\n\t\t<div class=\"elementor-element elementor-element-85f5251 e-con-full e-flex e-con e-child\" data-id=\"85f5251\" data-element_type=\"container\">\n\t\t\t\t<div class=\"elementor-element elementor-element-cfb7ddf elementor-widget elementor-widget-image\" data-id=\"cfb7ddf\" data-element_type=\"widget\" data-widget_type=\"image.default\">\n\t\t\t\t<div class=\"elementor-widget-container\">\n\t\t\t\t\t\t\t\t\t\t\t\t\t\t\t<img loading=\"lazy\" decoding=\"async\" width=\"683\" height=\"1024\" src=\"https:\/\/airedefiestacuba.com\/wp-content\/uploads\/2024\/02\/wedding-havana-cathedral-ceremony-decoration-683x1024.jpg\" class=\"attachment-large size-large wp-image-3743\" alt=\"Wedding decoration at Havana Cathedral by Aire de Fiesta\" srcset=\"https:\/\/airedefiestacuba.com\/wp-content\/uploads\/2024\/02\/wedding-havana-cathedral-ceremony-decoration-683x1024.jpg 683w, https:\/\/airedefiestacuba.com\/wp-content\/uploads\/2024\/02\/wedding-havana-cathedral-ceremony-decoration-200x300.jpg 200w, https:\/\/airedefiestacuba.com\/wp-content\/uploads\/2024\/02\/wedding-havana-cathedral-ceremony-decoration-768x1152.jpg 768w, https:\/\/airedefiestacuba.com\/wp-content\/uploads\/2024\/02\/wedding-havana-cathedral-ceremony-decoration-1024x1536.jpg 1024w, https:\/\/airedefiestacuba.com\/wp-content\/uploads\/2024\/02\/wedding-havana-cathedral-ceremony-decoration-8x12.jpg 8w, https:\/\/airedefiestacuba.com\/wp-content\/uploads\/2024\/02\/wedding-havana-cathedral-ceremony-decoration.jpg 1280w\" sizes=\"(max-width: 683px) 100vw, 683px\" \/>\t\t\t\t\t\t\t\t\t\t\t\t\t\t\t<\/div>\n\t\t\t\t<\/div>\n\t\t\t\t<\/div>\n\t\t\t\t\t<\/div>\n\t\t\t\t<\/div>\n\t\t<div class=\"elementor-element elementor-element-3a3f5f5 e-flex e-con-boxed e-con e-parent\" data-id=\"3a3f5f5\" data-element_type=\"container\">\n\t\t\t\t\t<div class=\"e-con-inner\">\n\t\t\t\t<div class=\"elementor-element elementor-element-467459d elementor-widget elementor-widget-image\" data-id=\"467459d\" data-element_type=\"widget\" data-widget_type=\"image.default\">\n\t\t\t\t<div class=\"elementor-widget-container\">\n\t\t\t\t\t\t\t\t\t\t\t\t\t\t\t<img loading=\"lazy\" decoding=\"async\" width=\"1920\" height=\"1280\" src=\"https:\/\/airedefiestacuba.com\/wp-content\/uploads\/2024\/02\/havana-cathedral-wedding-ceremony-view.jpg\" class=\"attachment-full size-full wp-image-3744\" alt=\"Full view of the couple from behind at the altar of Havana Cathedral\" srcset=\"https:\/\/airedefiestacuba.com\/wp-content\/uploads\/2024\/02\/havana-cathedral-wedding-ceremony-view.jpg 1920w, https:\/\/airedefiestacuba.com\/wp-content\/uploads\/2024\/02\/havana-cathedral-wedding-ceremony-view-300x200.jpg 300w, https:\/\/airedefiestacuba.com\/wp-content\/uploads\/2024\/02\/havana-cathedral-wedding-ceremony-view-1024x683.jpg 1024w, https:\/\/airedefiestacuba.com\/wp-content\/uploads\/2024\/02\/havana-cathedral-wedding-ceremony-view-768x512.jpg 768w, https:\/\/airedefiestacuba.com\/wp-content\/uploads\/2024\/02\/havana-cathedral-wedding-ceremony-view-1536x1024.jpg 1536w, https:\/\/airedefiestacuba.com\/wp-content\/uploads\/2024\/02\/havana-cathedral-wedding-ceremony-view-18x12.jpg 18w\" sizes=\"(max-width: 1920px) 100vw, 1920px\" \/>\t\t\t\t\t\t\t\t\t\t\t\t\t\t\t<\/div>\n\t\t\t\t<\/div>\n\t\t\t\t\t<\/div>\n\t\t\t\t<\/div>\n\t\t<div class=\"elementor-element elementor-element-7e6f829 e-flex e-con-boxed e-con e-parent\" data-id=\"7e6f829\" data-element_type=\"container\">\n\t\t\t\t\t<div class=\"e-con-inner\">\n\t\t\t\t<div class=\"elementor-element elementor-element-bf7f057 elementor-widget elementor-widget-image\" data-id=\"bf7f057\" data-element_type=\"widget\" data-widget_type=\"image.default\">\n\t\t\t\t<div class=\"elementor-widget-container\">\n\t\t\t\t\t\t\t\t\t\t\t\t\t\t\t<img loading=\"lazy\" decoding=\"async\" width=\"1920\" height=\"1280\" src=\"https:\/\/airedefiestacuba.com\/wp-content\/uploads\/2024\/02\/hands-during-havana-cathedral-wedding.jpg\" class=\"attachment-full size-full wp-image-3746\" alt=\"Gabriela and Antonio holding hands during their wedding ceremony at Havana Cathedral\" srcset=\"https:\/\/airedefiestacuba.com\/wp-content\/uploads\/2024\/02\/hands-during-havana-cathedral-wedding.jpg 1920w, https:\/\/airedefiestacuba.com\/wp-content\/uploads\/2024\/02\/hands-during-havana-cathedral-wedding-300x200.jpg 300w, https:\/\/airedefiestacuba.com\/wp-content\/uploads\/2024\/02\/hands-during-havana-cathedral-wedding-1024x683.jpg 1024w, https:\/\/airedefiestacuba.com\/wp-content\/uploads\/2024\/02\/hands-during-havana-cathedral-wedding-768x512.jpg 768w, https:\/\/airedefiestacuba.com\/wp-content\/uploads\/2024\/02\/hands-during-havana-cathedral-wedding-1536x1024.jpg 1536w, https:\/\/airedefiestacuba.com\/wp-content\/uploads\/2024\/02\/hands-during-havana-cathedral-wedding-18x12.jpg 18w\" sizes=\"(max-width: 1920px) 100vw, 1920px\" \/>\t\t\t\t\t\t\t\t\t\t\t\t\t\t\t<\/div>\n\t\t\t\t<\/div>\n\t\t\t\t\t<\/div>\n\t\t\t\t<\/div>\n\t\t<div class=\"elementor-element elementor-element-eedb257 e-flex e-con-boxed e-con e-parent\" data-id=\"eedb257\" data-element_type=\"container\">\n\t\t\t\t\t<div class=\"e-con-inner\">\n\t\t<div class=\"elementor-element elementor-element-9708d21 e-con-full e-flex e-con e-child\" data-id=\"9708d21\" data-element_type=\"container\">\n\t\t\t\t<div class=\"elementor-element elementor-element-3c64c32 elementor-widget elementor-widget-image\" data-id=\"3c64c32\" data-element_type=\"widget\" data-widget_type=\"image.default\">\n\t\t\t\t<div class=\"elementor-widget-container\">\n\t\t\t\t\t\t\t\t\t\t\t\t\t\t\t<img loading=\"lazy\" decoding=\"async\" width=\"683\" height=\"1024\" src=\"https:\/\/airedefiestacuba.com\/wp-content\/uploads\/2024\/02\/wedding-kiss-catedral-havana-cuba-683x1024.jpg\" class=\"attachment-large size-large wp-image-3747\" alt=\"Gabriela and Antonio kiss after their wedding at the Cathedral of Havana.\" srcset=\"https:\/\/airedefiestacuba.com\/wp-content\/uploads\/2024\/02\/wedding-kiss-catedral-havana-cuba-683x1024.jpg 683w, https:\/\/airedefiestacuba.com\/wp-content\/uploads\/2024\/02\/wedding-kiss-catedral-havana-cuba-200x300.jpg 200w, https:\/\/airedefiestacuba.com\/wp-content\/uploads\/2024\/02\/wedding-kiss-catedral-havana-cuba-768x1152.jpg 768w, https:\/\/airedefiestacuba.com\/wp-content\/uploads\/2024\/02\/wedding-kiss-catedral-havana-cuba-1024x1536.jpg 1024w, https:\/\/airedefiestacuba.com\/wp-content\/uploads\/2024\/02\/wedding-kiss-catedral-havana-cuba-8x12.jpg 8w, https:\/\/airedefiestacuba.com\/wp-content\/uploads\/2024\/02\/wedding-kiss-catedral-havana-cuba.jpg 1280w\" sizes=\"(max-width: 683px) 100vw, 683px\" \/>\t\t\t\t\t\t\t\t\t\t\t\t\t\t\t<\/div>\n\t\t\t\t<\/div>\n\t\t\t\t<\/div>\n\t\t<div class=\"elementor-element elementor-element-a09e8c8 e-con-full e-flex e-con e-child\" data-id=\"a09e8c8\" data-element_type=\"container\">\n\t\t\t\t<div class=\"elementor-element elementor-element-8ee4d34 elementor-widget elementor-widget-image\" data-id=\"8ee4d34\" data-element_type=\"widget\" data-widget_type=\"image.default\">\n\t\t\t\t<div class=\"elementor-widget-container\">\n\t\t\t\t\t\t\t\t\t\t\t\t\t\t\t<img loading=\"lazy\" decoding=\"async\" width=\"683\" height=\"1024\" src=\"https:\/\/airedefiestacuba.com\/wp-content\/uploads\/2024\/02\/wedding-exit-cathedral-havana-cuba-683x1024.jpg\" class=\"attachment-large size-large wp-image-3748\" alt=\"Gabriela and Antonio exit the Cathedral of Havana after their wedding.\" srcset=\"https:\/\/airedefiestacuba.com\/wp-content\/uploads\/2024\/02\/wedding-exit-cathedral-havana-cuba-683x1024.jpg 683w, https:\/\/airedefiestacuba.com\/wp-content\/uploads\/2024\/02\/wedding-exit-cathedral-havana-cuba-200x300.jpg 200w, https:\/\/airedefiestacuba.com\/wp-content\/uploads\/2024\/02\/wedding-exit-cathedral-havana-cuba-768x1152.jpg 768w, https:\/\/airedefiestacuba.com\/wp-content\/uploads\/2024\/02\/wedding-exit-cathedral-havana-cuba-1024x1536.jpg 1024w, https:\/\/airedefiestacuba.com\/wp-content\/uploads\/2024\/02\/wedding-exit-cathedral-havana-cuba-8x12.jpg 8w, https:\/\/airedefiestacuba.com\/wp-content\/uploads\/2024\/02\/wedding-exit-cathedral-havana-cuba.jpg 1280w\" sizes=\"(max-width: 683px) 100vw, 683px\" \/>\t\t\t\t\t\t\t\t\t\t\t\t\t\t\t<\/div>\n\t\t\t\t<\/div>\n\t\t\t\t<\/div>\n\t\t\t\t\t<\/div>\n\t\t\t\t<\/div>\n\t\t<div class=\"elementor-element elementor-element-9f0fc29 e-flex e-con-boxed e-con e-parent\" data-id=\"9f0fc29\" data-element_type=\"container\">\n\t\t\t\t\t<div class=\"e-con-inner\">\n\t\t\t\t<div class=\"elementor-element elementor-element-3c73665 elementor-widget elementor-widget-image\" data-id=\"3c73665\" data-element_type=\"widget\" data-widget_type=\"image.default\">\n\t\t\t\t<div class=\"elementor-widget-container\">\n\t\t\t\t\t\t\t\t\t\t\t\t\t\t\t<img loading=\"lazy\" decoding=\"async\" width=\"1920\" height=\"1280\" src=\"https:\/\/airedefiestacuba.com\/wp-content\/uploads\/2024\/02\/havana-cathedral-wedding-exit-guests-applause.jpg\" class=\"attachment-full size-full wp-image-3749\" alt=\"Wide view of the couple walking down the central aisle of the Cathedral of Havana.\" srcset=\"https:\/\/airedefiestacuba.com\/wp-content\/uploads\/2024\/02\/havana-cathedral-wedding-exit-guests-applause.jpg 1920w, https:\/\/airedefiestacuba.com\/wp-content\/uploads\/2024\/02\/havana-cathedral-wedding-exit-guests-applause-300x200.jpg 300w, https:\/\/airedefiestacuba.com\/wp-content\/uploads\/2024\/02\/havana-cathedral-wedding-exit-guests-applause-1024x683.jpg 1024w, https:\/\/airedefiestacuba.com\/wp-content\/uploads\/2024\/02\/havana-cathedral-wedding-exit-guests-applause-768x512.jpg 768w, https:\/\/airedefiestacuba.com\/wp-content\/uploads\/2024\/02\/havana-cathedral-wedding-exit-guests-applause-1536x1024.jpg 1536w, https:\/\/airedefiestacuba.com\/wp-content\/uploads\/2024\/02\/havana-cathedral-wedding-exit-guests-applause-18x12.jpg 18w\" sizes=\"(max-width: 1920px) 100vw, 1920px\" \/>\t\t\t\t\t\t\t\t\t\t\t\t\t\t\t<\/div>\n\t\t\t\t<\/div>\n\t\t\t\t\t<\/div>\n\t\t\t\t<\/div>\n\t\t<div class=\"elementor-element elementor-element-a5db332 e-flex e-con-boxed e-con e-parent\" data-id=\"a5db332\" data-element_type=\"container\">\n\t\t\t\t\t<div class=\"e-con-inner\">\n\t\t\t\t<div class=\"elementor-element elementor-element-cd48bac elementor-widget elementor-widget-image\" data-id=\"cd48bac\" data-element_type=\"widget\" data-widget_type=\"image.default\">\n\t\t\t\t<div class=\"elementor-widget-container\">\n\t\t\t\t\t\t\t\t\t\t\t\t\t\t\t<img loading=\"lazy\" decoding=\"async\" width=\"1920\" height=\"1280\" src=\"https:\/\/airedefiestacuba.com\/wp-content\/uploads\/2024\/02\/wedding-exit-catedral-havana-bride-groom.jpg\" class=\"attachment-full size-full wp-image-3750\" alt=\"The couple exiting the Cathedral of Havana as their guests throw rice.\" srcset=\"https:\/\/airedefiestacuba.com\/wp-content\/uploads\/2024\/02\/wedding-exit-catedral-havana-bride-groom.jpg 1920w, https:\/\/airedefiestacuba.com\/wp-content\/uploads\/2024\/02\/wedding-exit-catedral-havana-bride-groom-300x200.jpg 300w, https:\/\/airedefiestacuba.com\/wp-content\/uploads\/2024\/02\/wedding-exit-catedral-havana-bride-groom-1024x683.jpg 1024w, https:\/\/airedefiestacuba.com\/wp-content\/uploads\/2024\/02\/wedding-exit-catedral-havana-bride-groom-768x512.jpg 768w, https:\/\/airedefiestacuba.com\/wp-content\/uploads\/2024\/02\/wedding-exit-catedral-havana-bride-groom-1536x1024.jpg 1536w, https:\/\/airedefiestacuba.com\/wp-content\/uploads\/2024\/02\/wedding-exit-catedral-havana-bride-groom-18x12.jpg 18w\" sizes=\"(max-width: 1920px) 100vw, 1920px\" \/>\t\t\t\t\t\t\t\t\t\t\t\t\t\t\t<\/div>\n\t\t\t\t<\/div>\n\t\t\t\t\t<\/div>\n\t\t\t\t<\/div>\n\t\t<div class=\"elementor-element elementor-element-48c7b4b e-flex e-con-boxed e-con e-parent\" data-id=\"48c7b4b\" data-element_type=\"container\">\n\t\t\t\t\t<div class=\"e-con-inner\">\n\t\t\t\t<div class=\"elementor-element elementor-element-8830c12 elementor-widget elementor-widget-image\" data-id=\"8830c12\" data-element_type=\"widget\" data-widget_type=\"image.default\">\n\t\t\t\t<div class=\"elementor-widget-container\">\n\t\t\t\t\t\t\t\t\t\t\t\t\t\t\t<img loading=\"lazy\" decoding=\"async\" width=\"1920\" height=\"1280\" src=\"https:\/\/airedefiestacuba.com\/wp-content\/uploads\/2024\/02\/wedding-party-catedral-havana-photo.jpg\" class=\"attachment-full size-full wp-image-3751\" alt=\"The couple with their bridesmaids and groomsmen in front of the Cathedral of Havana.\" srcset=\"https:\/\/airedefiestacuba.com\/wp-content\/uploads\/2024\/02\/wedding-party-catedral-havana-photo.jpg 1920w, https:\/\/airedefiestacuba.com\/wp-content\/uploads\/2024\/02\/wedding-party-catedral-havana-photo-300x200.jpg 300w, https:\/\/airedefiestacuba.com\/wp-content\/uploads\/2024\/02\/wedding-party-catedral-havana-photo-1024x683.jpg 1024w, https:\/\/airedefiestacuba.com\/wp-content\/uploads\/2024\/02\/wedding-party-catedral-havana-photo-768x512.jpg 768w, https:\/\/airedefiestacuba.com\/wp-content\/uploads\/2024\/02\/wedding-party-catedral-havana-photo-1536x1024.jpg 1536w, https:\/\/airedefiestacuba.com\/wp-content\/uploads\/2024\/02\/wedding-party-catedral-havana-photo-18x12.jpg 18w\" sizes=\"(max-width: 1920px) 100vw, 1920px\" \/>\t\t\t\t\t\t\t\t\t\t\t\t\t\t\t<\/div>\n\t\t\t\t<\/div>\n\t\t\t\t\t<\/div>\n\t\t\t\t<\/div>\n\t\t<div class=\"elementor-element elementor-element-fe944c6 e-flex e-con-boxed e-con e-parent\" data-id=\"fe944c6\" data-element_type=\"container\">\n\t\t\t\t\t<div class=\"e-con-inner\">\n\t\t\t\t<div class=\"elementor-element elementor-element-4c5d5ff elementor-widget elementor-widget-image\" data-id=\"4c5d5ff\" data-element_type=\"widget\" data-widget_type=\"image.default\">\n\t\t\t\t<div class=\"elementor-widget-container\">\n\t\t\t\t\t\t\t\t\t\t\t\t\t\t\t<img loading=\"lazy\" decoding=\"async\" width=\"1920\" height=\"1280\" src=\"https:\/\/airedefiestacuba.com\/wp-content\/uploads\/2024\/02\/wedding-couple-havana-session.jpg\" class=\"attachment-full size-full wp-image-3754\" alt=\"Gabriela and Antonio in a photo session after their wedding in Havana.\" srcset=\"https:\/\/airedefiestacuba.com\/wp-content\/uploads\/2024\/02\/wedding-couple-havana-session.jpg 1920w, https:\/\/airedefiestacuba.com\/wp-content\/uploads\/2024\/02\/wedding-couple-havana-session-300x200.jpg 300w, https:\/\/airedefiestacuba.com\/wp-content\/uploads\/2024\/02\/wedding-couple-havana-session-1024x683.jpg 1024w, https:\/\/airedefiestacuba.com\/wp-content\/uploads\/2024\/02\/wedding-couple-havana-session-768x512.jpg 768w, https:\/\/airedefiestacuba.com\/wp-content\/uploads\/2024\/02\/wedding-couple-havana-session-1536x1024.jpg 1536w, https:\/\/airedefiestacuba.com\/wp-content\/uploads\/2024\/02\/wedding-couple-havana-session-18x12.jpg 18w\" sizes=\"(max-width: 1920px) 100vw, 1920px\" \/>\t\t\t\t\t\t\t\t\t\t\t\t\t\t\t<\/div>\n\t\t\t\t<\/div>\n\t\t\t\t\t<\/div>\n\t\t\t\t<\/div>\n\t\t<div class=\"elementor-element elementor-element-c1d9e95 e-flex e-con-boxed e-con e-parent\" data-id=\"c1d9e95\" data-element_type=\"container\">\n\t\t\t\t\t<div class=\"e-con-inner\">\n\t\t\t\t<div class=\"elementor-element elementor-element-f75ce97 elementor-widget elementor-widget-image\" data-id=\"f75ce97\" data-element_type=\"widget\" data-widget_type=\"image.default\">\n\t\t\t\t<div class=\"elementor-widget-container\">\n\t\t\t\t\t\t\t\t\t\t\t\t\t\t\t<img loading=\"lazy\" decoding=\"async\" width=\"1920\" height=\"1280\" src=\"https:\/\/airedefiestacuba.com\/wp-content\/uploads\/2024\/02\/wedding-party-havana-reception.jpg\" class=\"attachment-full size-full wp-image-3755\" alt=\"Gabriela and Antonio\u2019s wedding party enjoying the reception at La Divina Pastora.\" srcset=\"https:\/\/airedefiestacuba.com\/wp-content\/uploads\/2024\/02\/wedding-party-havana-reception.jpg 1920w, https:\/\/airedefiestacuba.com\/wp-content\/uploads\/2024\/02\/wedding-party-havana-reception-300x200.jpg 300w, https:\/\/airedefiestacuba.com\/wp-content\/uploads\/2024\/02\/wedding-party-havana-reception-1024x683.jpg 1024w, https:\/\/airedefiestacuba.com\/wp-content\/uploads\/2024\/02\/wedding-party-havana-reception-768x512.jpg 768w, https:\/\/airedefiestacuba.com\/wp-content\/uploads\/2024\/02\/wedding-party-havana-reception-1536x1024.jpg 1536w, https:\/\/airedefiestacuba.com\/wp-content\/uploads\/2024\/02\/wedding-party-havana-reception-18x12.jpg 18w\" sizes=\"(max-width: 1920px) 100vw, 1920px\" \/>\t\t\t\t\t\t\t\t\t\t\t\t\t\t\t<\/div>\n\t\t\t\t<\/div>\n\t\t\t\t\t<\/div>\n\t\t\t\t<\/div>\n\t\t<div class=\"elementor-element elementor-element-a8778ff e-flex e-con-boxed e-con e-parent\" data-id=\"a8778ff\" data-element_type=\"container\">\n\t\t\t\t\t<div class=\"e-con-inner\">\n\t\t\t\t<div class=\"elementor-element elementor-element-7388f53 elementor-widget elementor-widget-image\" data-id=\"7388f53\" data-element_type=\"widget\" data-widget_type=\"image.default\">\n\t\t\t\t<div class=\"elementor-widget-container\">\n\t\t\t\t\t\t\t\t\t\t\t\t\t\t\t<img loading=\"lazy\" decoding=\"async\" width=\"1920\" height=\"1280\" src=\"https:\/\/airedefiestacuba.com\/wp-content\/uploads\/2024\/02\/catholic-wedding-havana-kiss-reception.jpg\" class=\"attachment-full size-full wp-image-3756\" alt=\"Bride and groom kissing while guests celebrate during the reception.\" srcset=\"https:\/\/airedefiestacuba.com\/wp-content\/uploads\/2024\/02\/catholic-wedding-havana-kiss-reception.jpg 1920w, https:\/\/airedefiestacuba.com\/wp-content\/uploads\/2024\/02\/catholic-wedding-havana-kiss-reception-300x200.jpg 300w, https:\/\/airedefiestacuba.com\/wp-content\/uploads\/2024\/02\/catholic-wedding-havana-kiss-reception-1024x683.jpg 1024w, https:\/\/airedefiestacuba.com\/wp-content\/uploads\/2024\/02\/catholic-wedding-havana-kiss-reception-768x512.jpg 768w, https:\/\/airedefiestacuba.com\/wp-content\/uploads\/2024\/02\/catholic-wedding-havana-kiss-reception-1536x1024.jpg 1536w, https:\/\/airedefiestacuba.com\/wp-content\/uploads\/2024\/02\/catholic-wedding-havana-kiss-reception-18x12.jpg 18w\" sizes=\"(max-width: 1920px) 100vw, 1920px\" \/>\t\t\t\t\t\t\t\t\t\t\t\t\t\t\t<\/div>\n\t\t\t\t<\/div>\n\t\t\t\t\t<\/div>\n\t\t\t\t<\/div>\n\t\t<div class=\"elementor-element elementor-element-a0adead e-flex e-con-boxed e-con e-parent\" data-id=\"a0adead\" data-element_type=\"container\">\n\t\t\t\t\t<div class=\"e-con-inner\">\n\t\t\t\t<div class=\"elementor-element elementor-element-37f6992 elementor-widget elementor-widget-image\" data-id=\"37f6992\" data-element_type=\"widget\" data-widget_type=\"image.default\">\n\t\t\t\t<div class=\"elementor-widget-container\">\n\t\t\t\t\t\t\t\t\t\t\t\t\t\t\t<img loading=\"lazy\" decoding=\"async\" width=\"1920\" height=\"1280\" src=\"https:\/\/airedefiestacuba.com\/wp-content\/uploads\/2024\/02\/bride-bridesmaids-sunset-havana-wedding.jpg\" class=\"attachment-full size-full wp-image-3758\" alt=\"Bride with her bridesmaids by the sea at sunset.\" srcset=\"https:\/\/airedefiestacuba.com\/wp-content\/uploads\/2024\/02\/bride-bridesmaids-sunset-havana-wedding.jpg 1920w, https:\/\/airedefiestacuba.com\/wp-content\/uploads\/2024\/02\/bride-bridesmaids-sunset-havana-wedding-300x200.jpg 300w, https:\/\/airedefiestacuba.com\/wp-content\/uploads\/2024\/02\/bride-bridesmaids-sunset-havana-wedding-1024x683.jpg 1024w, https:\/\/airedefiestacuba.com\/wp-content\/uploads\/2024\/02\/bride-bridesmaids-sunset-havana-wedding-768x512.jpg 768w, https:\/\/airedefiestacuba.com\/wp-content\/uploads\/2024\/02\/bride-bridesmaids-sunset-havana-wedding-1536x1024.jpg 1536w, https:\/\/airedefiestacuba.com\/wp-content\/uploads\/2024\/02\/bride-bridesmaids-sunset-havana-wedding-18x12.jpg 18w\" sizes=\"(max-width: 1920px) 100vw, 1920px\" \/>\t\t\t\t\t\t\t\t\t\t\t\t\t\t\t<\/div>\n\t\t\t\t<\/div>\n\t\t\t\t\t<\/div>\n\t\t\t\t<\/div>\n\t\t<div class=\"elementor-element elementor-element-163cae51 e-flex e-con-boxed e-con e-parent\" data-id=\"163cae51\" data-element_type=\"container\">\n\t\t\t\t\t<div class=\"e-con-inner\">\n\t\t<div class=\"elementor-element elementor-element-7065fbeb e-con-full e-flex e-con e-child\" data-id=\"7065fbeb\" data-element_type=\"container\">\n\t\t\t\t<div class=\"elementor-element elementor-element-40a5b620 elementor-widget elementor-widget-image\" data-id=\"40a5b620\" data-element_type=\"widget\" data-widget_type=\"image.default\">\n\t\t\t\t<div class=\"elementor-widget-container\">\n\t\t\t\t\t\t\t\t\t\t\t\t\t\t\t<img loading=\"lazy\" decoding=\"async\" width=\"682\" height=\"1024\" src=\"https:\/\/airedefiestacuba.com\/wp-content\/uploads\/2024\/02\/white-green-centerpiece-wedding-catedral-havana-682x1024.jpg\" class=\"attachment-large size-large wp-image-3765\" alt=\"White and green floral arrangement on the wedding table at the Cathedral of Havana.\" srcset=\"https:\/\/airedefiestacuba.com\/wp-content\/uploads\/2024\/02\/white-green-centerpiece-wedding-catedral-havana-682x1024.jpg 682w, https:\/\/airedefiestacuba.com\/wp-content\/uploads\/2024\/02\/white-green-centerpiece-wedding-catedral-havana-200x300.jpg 200w, https:\/\/airedefiestacuba.com\/wp-content\/uploads\/2024\/02\/white-green-centerpiece-wedding-catedral-havana-768x1153.jpg 768w, https:\/\/airedefiestacuba.com\/wp-content\/uploads\/2024\/02\/white-green-centerpiece-wedding-catedral-havana-1023x1536.jpg 1023w, https:\/\/airedefiestacuba.com\/wp-content\/uploads\/2024\/02\/white-green-centerpiece-wedding-catedral-havana-8x12.jpg 8w, https:\/\/airedefiestacuba.com\/wp-content\/uploads\/2024\/02\/white-green-centerpiece-wedding-catedral-havana.jpg 1279w\" sizes=\"(max-width: 682px) 100vw, 682px\" \/>\t\t\t\t\t\t\t\t\t\t\t\t\t\t\t<\/div>\n\t\t\t\t<\/div>\n\t\t\t\t<\/div>\n\t\t<div class=\"elementor-element elementor-element-40d84af8 e-con-full e-flex e-con e-child\" data-id=\"40d84af8\" data-element_type=\"container\">\n\t\t\t\t<div class=\"elementor-element elementor-element-787a7e34 elementor-widget elementor-widget-image\" data-id=\"787a7e34\" data-element_type=\"widget\" data-widget_type=\"image.default\">\n\t\t\t\t<div class=\"elementor-widget-container\">\n\t\t\t\t\t\t\t\t\t\t\t\t\t\t\t<img loading=\"lazy\" decoding=\"async\" width=\"683\" height=\"1024\" src=\"https:\/\/airedefiestacuba.com\/wp-content\/uploads\/2024\/02\/personalized-setting-catedral-havana-wedding-683x1024.jpg\" class=\"attachment-large size-large wp-image-3759\" alt=\"Individual place setting with personalized card at a wedding in the Cathedral of Havana.\" srcset=\"https:\/\/airedefiestacuba.com\/wp-content\/uploads\/2024\/02\/personalized-setting-catedral-havana-wedding-683x1024.jpg 683w, https:\/\/airedefiestacuba.com\/wp-content\/uploads\/2024\/02\/personalized-setting-catedral-havana-wedding-200x300.jpg 200w, https:\/\/airedefiestacuba.com\/wp-content\/uploads\/2024\/02\/personalized-setting-catedral-havana-wedding-768x1152.jpg 768w, https:\/\/airedefiestacuba.com\/wp-content\/uploads\/2024\/02\/personalized-setting-catedral-havana-wedding-1024x1536.jpg 1024w, https:\/\/airedefiestacuba.com\/wp-content\/uploads\/2024\/02\/personalized-setting-catedral-havana-wedding-8x12.jpg 8w, https:\/\/airedefiestacuba.com\/wp-content\/uploads\/2024\/02\/personalized-setting-catedral-havana-wedding.jpg 1280w\" sizes=\"(max-width: 683px) 100vw, 683px\" \/>\t\t\t\t\t\t\t\t\t\t\t\t\t\t\t<\/div>\n\t\t\t\t<\/div>\n\t\t\t\t<\/div>\n\t\t\t\t\t<\/div>\n\t\t\t\t<\/div>\n\t\t<div class=\"elementor-element elementor-element-34d984f e-flex e-con-boxed e-con e-parent\" data-id=\"34d984f\" data-element_type=\"container\">\n\t\t\t\t\t<div class=\"e-con-inner\">\n\t\t\t\t<div class=\"elementor-element elementor-element-8dcf293 elementor-widget elementor-widget-image\" data-id=\"8dcf293\" data-element_type=\"widget\" data-widget_type=\"image.default\">\n\t\t\t\t<div class=\"elementor-widget-container\">\n\t\t\t\t\t\t\t\t\t\t\t\t\t\t\t<img loading=\"lazy\" decoding=\"async\" width=\"1916\" height=\"1277\" src=\"https:\/\/airedefiestacuba.com\/wp-content\/uploads\/2024\/02\/wedding-light-ceiling-reception-cuba.jpg\" class=\"attachment-full size-full wp-image-3761\" alt=\"Bride and groom dancing under a canopy of lights at their wedding reception in Havana.\" srcset=\"https:\/\/airedefiestacuba.com\/wp-content\/uploads\/2024\/02\/wedding-light-ceiling-reception-cuba.jpg 1916w, https:\/\/airedefiestacuba.com\/wp-content\/uploads\/2024\/02\/wedding-light-ceiling-reception-cuba-300x200.jpg 300w, https:\/\/airedefiestacuba.com\/wp-content\/uploads\/2024\/02\/wedding-light-ceiling-reception-cuba-1024x682.jpg 1024w, https:\/\/airedefiestacuba.com\/wp-content\/uploads\/2024\/02\/wedding-light-ceiling-reception-cuba-768x512.jpg 768w, https:\/\/airedefiestacuba.com\/wp-content\/uploads\/2024\/02\/wedding-light-ceiling-reception-cuba-1536x1024.jpg 1536w, https:\/\/airedefiestacuba.com\/wp-content\/uploads\/2024\/02\/wedding-light-ceiling-reception-cuba-18x12.jpg 18w\" sizes=\"(max-width: 1916px) 100vw, 1916px\" \/>\t\t\t\t\t\t\t\t\t\t\t\t\t\t\t<\/div>\n\t\t\t\t<\/div>\n\t\t\t\t\t<\/div>\n\t\t\t\t<\/div>\n\t\t<div class=\"elementor-element elementor-element-9dd83ee e-flex e-con-boxed e-con e-parent\" data-id=\"9dd83ee\" data-element_type=\"container\">\n\t\t\t\t\t<div class=\"e-con-inner\">\n\t\t<div class=\"elementor-element elementor-element-2550763 e-con-full e-flex e-con e-child\" data-id=\"2550763\" data-element_type=\"container\">\n\t\t\t\t<div class=\"elementor-element elementor-element-5e24f03 elementor-widget elementor-widget-image\" data-id=\"5e24f03\" data-element_type=\"widget\" data-widget_type=\"image.default\">\n\t\t\t\t<div class=\"elementor-widget-container\">\n\t\t\t\t\t\t\t\t\t\t\t\t\t\t\t<img loading=\"lazy\" decoding=\"async\" width=\"682\" height=\"1024\" src=\"https:\/\/airedefiestacuba.com\/wp-content\/uploads\/2024\/02\/seating-plan-vintage-wedding-cuba-682x1024.jpg\" class=\"attachment-large size-large wp-image-3766\" alt=\"Seating plan sign on vintage glass panels with white flowers.\" srcset=\"https:\/\/airedefiestacuba.com\/wp-content\/uploads\/2024\/02\/seating-plan-vintage-wedding-cuba-682x1024.jpg 682w, https:\/\/airedefiestacuba.com\/wp-content\/uploads\/2024\/02\/seating-plan-vintage-wedding-cuba-200x300.jpg 200w, https:\/\/airedefiestacuba.com\/wp-content\/uploads\/2024\/02\/seating-plan-vintage-wedding-cuba-768x1153.jpg 768w, https:\/\/airedefiestacuba.com\/wp-content\/uploads\/2024\/02\/seating-plan-vintage-wedding-cuba-1023x1536.jpg 1023w, https:\/\/airedefiestacuba.com\/wp-content\/uploads\/2024\/02\/seating-plan-vintage-wedding-cuba-8x12.jpg 8w, https:\/\/airedefiestacuba.com\/wp-content\/uploads\/2024\/02\/seating-plan-vintage-wedding-cuba.jpg 1279w\" sizes=\"(max-width: 682px) 100vw, 682px\" \/>\t\t\t\t\t\t\t\t\t\t\t\t\t\t\t<\/div>\n\t\t\t\t<\/div>\n\t\t\t\t<\/div>\n\t\t<div class=\"elementor-element elementor-element-538878e e-con-full e-flex e-con e-child\" data-id=\"538878e\" data-element_type=\"container\">\n\t\t\t\t<div class=\"elementor-element elementor-element-18cee5b elementor-widget elementor-widget-image\" data-id=\"18cee5b\" data-element_type=\"widget\" data-widget_type=\"image.default\">\n\t\t\t\t<div class=\"elementor-widget-container\">\n\t\t\t\t\t\t\t\t\t\t\t\t\t\t\t<img loading=\"lazy\" decoding=\"async\" width=\"682\" height=\"1024\" src=\"https:\/\/airedefiestacuba.com\/wp-content\/uploads\/2024\/02\/wedding-reception-dinner-lighting-havana-682x1024.jpg\" class=\"attachment-large size-large wp-image-3770\" alt=\"Table decoration with white flowers and illuminated ceiling at the reception.\" srcset=\"https:\/\/airedefiestacuba.com\/wp-content\/uploads\/2024\/02\/wedding-reception-dinner-lighting-havana-682x1024.jpg 682w, https:\/\/airedefiestacuba.com\/wp-content\/uploads\/2024\/02\/wedding-reception-dinner-lighting-havana-200x300.jpg 200w, https:\/\/airedefiestacuba.com\/wp-content\/uploads\/2024\/02\/wedding-reception-dinner-lighting-havana-768x1153.jpg 768w, https:\/\/airedefiestacuba.com\/wp-content\/uploads\/2024\/02\/wedding-reception-dinner-lighting-havana-1023x1536.jpg 1023w, https:\/\/airedefiestacuba.com\/wp-content\/uploads\/2024\/02\/wedding-reception-dinner-lighting-havana-8x12.jpg 8w, https:\/\/airedefiestacuba.com\/wp-content\/uploads\/2024\/02\/wedding-reception-dinner-lighting-havana.jpg 1279w\" sizes=\"(max-width: 682px) 100vw, 682px\" \/>\t\t\t\t\t\t\t\t\t\t\t\t\t\t\t<\/div>\n\t\t\t\t<\/div>\n\t\t\t\t<\/div>\n\t\t\t\t\t<\/div>\n\t\t\t\t<\/div>\n\t\t<div class=\"elementor-element elementor-element-7391f004 e-flex e-con-boxed e-con e-parent\" data-id=\"7391f004\" data-element_type=\"container\">\n\t\t\t\t\t<div class=\"e-con-inner\">\n\t\t\t\t<div class=\"elementor-element elementor-element-2416f92f elementor-widget elementor-widget-image\" data-id=\"2416f92f\" data-element_type=\"widget\" data-widget_type=\"image.default\">\n\t\t\t\t<div class=\"elementor-widget-container\">\n\t\t\t\t\t\t\t\t\t\t\t\t\t\t\t<img loading=\"lazy\" decoding=\"async\" width=\"1920\" height=\"1280\" src=\"https:\/\/airedefiestacuba.com\/wp-content\/uploads\/2024\/02\/head-table-wedding-dinner-divina-pastora.jpg\" class=\"attachment-full size-full wp-image-3768\" alt=\"Gabriela and Antonio at the head table during their wedding at La Divina Pastora.\" srcset=\"https:\/\/airedefiestacuba.com\/wp-content\/uploads\/2024\/02\/head-table-wedding-dinner-divina-pastora.jpg 1920w, https:\/\/airedefiestacuba.com\/wp-content\/uploads\/2024\/02\/head-table-wedding-dinner-divina-pastora-300x200.jpg 300w, https:\/\/airedefiestacuba.com\/wp-content\/uploads\/2024\/02\/head-table-wedding-dinner-divina-pastora-1024x683.jpg 1024w, https:\/\/airedefiestacuba.com\/wp-content\/uploads\/2024\/02\/head-table-wedding-dinner-divina-pastora-768x512.jpg 768w, https:\/\/airedefiestacuba.com\/wp-content\/uploads\/2024\/02\/head-table-wedding-dinner-divina-pastora-1536x1024.jpg 1536w, https:\/\/airedefiestacuba.com\/wp-content\/uploads\/2024\/02\/head-table-wedding-dinner-divina-pastora-18x12.jpg 18w\" sizes=\"(max-width: 1920px) 100vw, 1920px\" \/>\t\t\t\t\t\t\t\t\t\t\t\t\t\t\t<\/div>\n\t\t\t\t<\/div>\n\t\t\t\t\t<\/div>\n\t\t\t\t<\/div>\n\t\t<div class=\"elementor-element elementor-element-3e324a5 e-flex e-con-boxed e-con e-parent\" data-id=\"3e324a5\" data-element_type=\"container\">\n\t\t\t\t\t<div class=\"e-con-inner\">\n\t\t\t\t<div class=\"elementor-element elementor-element-3d7bbee elementor-widget elementor-widget-image\" data-id=\"3d7bbee\" data-element_type=\"widget\" data-widget_type=\"image.default\">\n\t\t\t\t<div class=\"elementor-widget-container\">\n\t\t\t\t\t\t\t\t\t\t\t\t\t\t\t<img loading=\"lazy\" decoding=\"async\" width=\"1920\" height=\"1279\" src=\"https:\/\/airedefiestacuba.com\/wp-content\/uploads\/2024\/02\/havana-wedding-toast-divina-pastora.jpg\" class=\"attachment-full size-full wp-image-3767\" alt=\"Guests toasting at the reception under a ceiling of lights.\" srcset=\"https:\/\/airedefiestacuba.com\/wp-content\/uploads\/2024\/02\/havana-wedding-toast-divina-pastora.jpg 1920w, https:\/\/airedefiestacuba.com\/wp-content\/uploads\/2024\/02\/havana-wedding-toast-divina-pastora-300x200.jpg 300w, https:\/\/airedefiestacuba.com\/wp-content\/uploads\/2024\/02\/havana-wedding-toast-divina-pastora-1024x682.jpg 1024w, https:\/\/airedefiestacuba.com\/wp-content\/uploads\/2024\/02\/havana-wedding-toast-divina-pastora-768x512.jpg 768w, https:\/\/airedefiestacuba.com\/wp-content\/uploads\/2024\/02\/havana-wedding-toast-divina-pastora-1536x1023.jpg 1536w, https:\/\/airedefiestacuba.com\/wp-content\/uploads\/2024\/02\/havana-wedding-toast-divina-pastora-18x12.jpg 18w\" sizes=\"(max-width: 1920px) 100vw, 1920px\" \/>\t\t\t\t\t\t\t\t\t\t\t\t\t\t\t<\/div>\n\t\t\t\t<\/div>\n\t\t\t\t\t<\/div>\n\t\t\t\t<\/div>\n\t\t<div class=\"elementor-element elementor-element-4f0a535 e-flex e-con-boxed e-con e-parent\" data-id=\"4f0a535\" data-element_type=\"container\">\n\t\t\t\t\t<div class=\"e-con-inner\">\n\t\t\t\t<div class=\"elementor-element elementor-element-5861ced elementor-widget elementor-widget-image\" data-id=\"5861ced\" data-element_type=\"widget\" data-widget_type=\"image.default\">\n\t\t\t\t<div class=\"elementor-widget-container\">\n\t\t\t\t\t\t\t\t\t\t\t\t\t\t\t<img loading=\"lazy\" decoding=\"async\" width=\"1916\" height=\"1277\" src=\"https:\/\/airedefiestacuba.com\/wp-content\/uploads\/2024\/02\/cake-toast-wedding-divina-pastora.jpg\" class=\"attachment-full size-full wp-image-3763\" alt=\"Gabriela and Antonio toast by the dessert table at their wedding in La Divina Pastora.\" srcset=\"https:\/\/airedefiestacuba.com\/wp-content\/uploads\/2024\/02\/cake-toast-wedding-divina-pastora.jpg 1916w, https:\/\/airedefiestacuba.com\/wp-content\/uploads\/2024\/02\/cake-toast-wedding-divina-pastora-300x200.jpg 300w, https:\/\/airedefiestacuba.com\/wp-content\/uploads\/2024\/02\/cake-toast-wedding-divina-pastora-1024x682.jpg 1024w, https:\/\/airedefiestacuba.com\/wp-content\/uploads\/2024\/02\/cake-toast-wedding-divina-pastora-768x512.jpg 768w, https:\/\/airedefiestacuba.com\/wp-content\/uploads\/2024\/02\/cake-toast-wedding-divina-pastora-1536x1024.jpg 1536w, https:\/\/airedefiestacuba.com\/wp-content\/uploads\/2024\/02\/cake-toast-wedding-divina-pastora-18x12.jpg 18w\" sizes=\"(max-width: 1916px) 100vw, 1916px\" \/>\t\t\t\t\t\t\t\t\t\t\t\t\t\t\t<\/div>\n\t\t\t\t<\/div>\n\t\t\t\t\t<\/div>\n\t\t\t\t<\/div>\n\t\t<div class=\"elementor-element elementor-element-c4e4ddb e-flex e-con-boxed e-con e-parent\" data-id=\"c4e4ddb\" data-element_type=\"container\">\n\t\t\t\t\t<div class=\"e-con-inner\">\n\t\t\t\t<div class=\"elementor-element elementor-element-6a012bc elementor-widget elementor-widget-image\" data-id=\"6a012bc\" data-element_type=\"widget\" data-widget_type=\"image.default\">\n\t\t\t\t<div class=\"elementor-widget-container\">\n\t\t\t\t\t\t\t\t\t\t\t\t\t\t\t<img loading=\"lazy\" decoding=\"async\" width=\"1916\" height=\"1277\" src=\"https:\/\/airedefiestacuba.com\/wp-content\/uploads\/2024\/02\/rustic-cake-cutting-wedding-havana.jpg\" class=\"attachment-full size-full wp-image-3771\" alt=\"Gabriela and Antonio cut their multi-tier rustic cake during the reception.\" srcset=\"https:\/\/airedefiestacuba.com\/wp-content\/uploads\/2024\/02\/rustic-cake-cutting-wedding-havana.jpg 1916w, https:\/\/airedefiestacuba.com\/wp-content\/uploads\/2024\/02\/rustic-cake-cutting-wedding-havana-300x200.jpg 300w, https:\/\/airedefiestacuba.com\/wp-content\/uploads\/2024\/02\/rustic-cake-cutting-wedding-havana-1024x682.jpg 1024w, https:\/\/airedefiestacuba.com\/wp-content\/uploads\/2024\/02\/rustic-cake-cutting-wedding-havana-768x512.jpg 768w, https:\/\/airedefiestacuba.com\/wp-content\/uploads\/2024\/02\/rustic-cake-cutting-wedding-havana-1536x1024.jpg 1536w, https:\/\/airedefiestacuba.com\/wp-content\/uploads\/2024\/02\/rustic-cake-cutting-wedding-havana-18x12.jpg 18w\" sizes=\"(max-width: 1916px) 100vw, 1916px\" \/>\t\t\t\t\t\t\t\t\t\t\t\t\t\t\t<\/div>\n\t\t\t\t<\/div>\n\t\t\t\t\t<\/div>\n\t\t\t\t<\/div>\n\t\t<div class=\"elementor-element elementor-element-f0d45f2 e-flex e-con-boxed e-con e-parent\" data-id=\"f0d45f2\" data-element_type=\"container\">\n\t\t\t\t\t<div class=\"e-con-inner\">\n\t\t\t\t<div class=\"elementor-element elementor-element-fd72cc8 elementor-widget elementor-widget-image\" data-id=\"fd72cc8\" data-element_type=\"widget\" data-widget_type=\"image.default\">\n\t\t\t\t<div class=\"elementor-widget-container\">\n\t\t\t\t\t\t\t\t\t\t\t\t\t\t\t<img loading=\"lazy\" decoding=\"async\" width=\"1916\" height=\"1277\" src=\"https:\/\/airedefiestacuba.com\/wp-content\/uploads\/2024\/02\/wedding-dance-havana-cathedral-reception.jpg\" class=\"attachment-full size-full wp-image-3772\" alt=\"Just married couple dancing at the lit-up reception in La Divina Pastora.\" srcset=\"https:\/\/airedefiestacuba.com\/wp-content\/uploads\/2024\/02\/wedding-dance-havana-cathedral-reception.jpg 1916w, https:\/\/airedefiestacuba.com\/wp-content\/uploads\/2024\/02\/wedding-dance-havana-cathedral-reception-300x200.jpg 300w, https:\/\/airedefiestacuba.com\/wp-content\/uploads\/2024\/02\/wedding-dance-havana-cathedral-reception-1024x682.jpg 1024w, https:\/\/airedefiestacuba.com\/wp-content\/uploads\/2024\/02\/wedding-dance-havana-cathedral-reception-768x512.jpg 768w, https:\/\/airedefiestacuba.com\/wp-content\/uploads\/2024\/02\/wedding-dance-havana-cathedral-reception-1536x1024.jpg 1536w, https:\/\/airedefiestacuba.com\/wp-content\/uploads\/2024\/02\/wedding-dance-havana-cathedral-reception-18x12.jpg 18w\" sizes=\"(max-width: 1916px) 100vw, 1916px\" \/>\t\t\t\t\t\t\t\t\t\t\t\t\t\t\t<\/div>\n\t\t\t\t<\/div>\n\t\t\t\t\t<\/div>\n\t\t\t\t<\/div>\n\t\t<div class=\"elementor-element elementor-element-c17da07 e-flex e-con-boxed e-con e-parent\" data-id=\"c17da07\" data-element_type=\"container\">\n\t\t\t\t\t<div class=\"e-con-inner\">\n\t\t\t\t<div class=\"elementor-element elementor-element-ae37035 elementor-widget elementor-widget-image\" data-id=\"ae37035\" data-element_type=\"widget\" data-widget_type=\"image.default\">\n\t\t\t\t<div class=\"elementor-widget-container\">\n\t\t\t\t\t\t\t\t\t\t\t\t\t\t\t<img loading=\"lazy\" decoding=\"async\" width=\"1920\" height=\"1280\" src=\"https:\/\/airedefiestacuba.com\/wp-content\/uploads\/2024\/02\/havana-cathedral-wedding-reception-party.jpg\" class=\"attachment-full size-full wp-image-3775\" alt=\"Guests dancing outdoors at the reception with hanging lights.\" srcset=\"https:\/\/airedefiestacuba.com\/wp-content\/uploads\/2024\/02\/havana-cathedral-wedding-reception-party.jpg 1920w, https:\/\/airedefiestacuba.com\/wp-content\/uploads\/2024\/02\/havana-cathedral-wedding-reception-party-300x200.jpg 300w, https:\/\/airedefiestacuba.com\/wp-content\/uploads\/2024\/02\/havana-cathedral-wedding-reception-party-1024x683.jpg 1024w, https:\/\/airedefiestacuba.com\/wp-content\/uploads\/2024\/02\/havana-cathedral-wedding-reception-party-768x512.jpg 768w, https:\/\/airedefiestacuba.com\/wp-content\/uploads\/2024\/02\/havana-cathedral-wedding-reception-party-1536x1024.jpg 1536w, https:\/\/airedefiestacuba.com\/wp-content\/uploads\/2024\/02\/havana-cathedral-wedding-reception-party-18x12.jpg 18w\" sizes=\"(max-width: 1920px) 100vw, 1920px\" \/>\t\t\t\t\t\t\t\t\t\t\t\t\t\t\t<\/div>\n\t\t\t\t<\/div>\n\t\t\t\t\t<\/div>\n\t\t\t\t<\/div>\n\t\t<div class=\"elementor-element elementor-element-6868c47 e-flex e-con-boxed e-con e-parent\" data-id=\"6868c47\" data-element_type=\"container\">\n\t\t\t\t\t<div class=\"e-con-inner\">\n\t\t\t\t<div class=\"elementor-element elementor-element-1a0c354 elementor-widget elementor-widget-image\" data-id=\"1a0c354\" data-element_type=\"widget\" data-widget_type=\"image.default\">\n\t\t\t\t<div class=\"elementor-widget-container\">\n\t\t\t\t\t\t\t\t\t\t\t\t\t\t\t<img loading=\"lazy\" decoding=\"async\" width=\"1916\" height=\"1277\" src=\"https:\/\/airedefiestacuba.com\/wp-content\/uploads\/2024\/02\/wedding-havana-cathedral-reception-party-lights.jpg\" class=\"attachment-full size-full wp-image-3776\" alt=\"Guests dancing outdoors at the reception with hanging lights.\" srcset=\"https:\/\/airedefiestacuba.com\/wp-content\/uploads\/2024\/02\/wedding-havana-cathedral-reception-party-lights.jpg 1916w, https:\/\/airedefiestacuba.com\/wp-content\/uploads\/2024\/02\/wedding-havana-cathedral-reception-party-lights-300x200.jpg 300w, https:\/\/airedefiestacuba.com\/wp-content\/uploads\/2024\/02\/wedding-havana-cathedral-reception-party-lights-1024x682.jpg 1024w, https:\/\/airedefiestacuba.com\/wp-content\/uploads\/2024\/02\/wedding-havana-cathedral-reception-party-lights-768x512.jpg 768w, https:\/\/airedefiestacuba.com\/wp-content\/uploads\/2024\/02\/wedding-havana-cathedral-reception-party-lights-1536x1024.jpg 1536w, https:\/\/airedefiestacuba.com\/wp-content\/uploads\/2024\/02\/wedding-havana-cathedral-reception-party-lights-18x12.jpg 18w\" sizes=\"(max-width: 1916px) 100vw, 1916px\" \/>\t\t\t\t\t\t\t\t\t\t\t\t\t\t\t<\/div>\n\t\t\t\t<\/div>\n\t\t\t\t\t<\/div>\n\t\t\t\t<\/div>\n\t\t<div class=\"elementor-element elementor-element-ed3a4de e-flex e-con-boxed e-con e-parent\" data-id=\"ed3a4de\" data-element_type=\"container\">\n\t\t\t\t\t<div class=\"e-con-inner\">\n\t\t\t\t<div class=\"elementor-element elementor-element-c55a2c7 elementor-widget elementor-widget-image\" data-id=\"c55a2c7\" data-element_type=\"widget\" data-widget_type=\"image.default\">\n\t\t\t\t<div class=\"elementor-widget-container\">\n\t\t\t\t\t\t\t\t\t\t\t\t\t\t\t<img loading=\"lazy\" decoding=\"async\" width=\"1916\" height=\"1277\" src=\"https:\/\/airedefiestacuba.com\/wp-content\/uploads\/2024\/02\/cuba-wedding-party-havana-cathedral-comparsa.jpg\" class=\"attachment-full size-full wp-image-3777\" alt=\"The bride and her guests dancing with carnival dancers during the party.\" srcset=\"https:\/\/airedefiestacuba.com\/wp-content\/uploads\/2024\/02\/cuba-wedding-party-havana-cathedral-comparsa.jpg 1916w, https:\/\/airedefiestacuba.com\/wp-content\/uploads\/2024\/02\/cuba-wedding-party-havana-cathedral-comparsa-300x200.jpg 300w, https:\/\/airedefiestacuba.com\/wp-content\/uploads\/2024\/02\/cuba-wedding-party-havana-cathedral-comparsa-1024x682.jpg 1024w, https:\/\/airedefiestacuba.com\/wp-content\/uploads\/2024\/02\/cuba-wedding-party-havana-cathedral-comparsa-768x512.jpg 768w, https:\/\/airedefiestacuba.com\/wp-content\/uploads\/2024\/02\/cuba-wedding-party-havana-cathedral-comparsa-1536x1024.jpg 1536w, https:\/\/airedefiestacuba.com\/wp-content\/uploads\/2024\/02\/cuba-wedding-party-havana-cathedral-comparsa-18x12.jpg 18w\" sizes=\"(max-width: 1916px) 100vw, 1916px\" \/>\t\t\t\t\t\t\t\t\t\t\t\t\t\t\t<\/div>\n\t\t\t\t<\/div>\n\t\t\t\t\t<\/div>\n\t\t\t\t<\/div>\n\t\t<div class=\"elementor-element elementor-element-70d658d7 e-flex e-con-boxed e-con e-parent\" data-id=\"70d658d7\" data-element_type=\"container\">\n\t\t\t\t\t<div class=\"e-con-inner\">\n\t\t\t\t<div class=\"elementor-element elementor-element-5981f443 elementor-widget elementor-widget-video\" data-id=\"5981f443\" data-element_type=\"widget\" data-settings=\"{&quot;youtube_url&quot;:&quot;https:\\\/\\\/youtu.be\\\/PiW7P02nvOs&quot;,&quot;video_type&quot;:&quot;youtube&quot;,&quot;controls&quot;:&quot;yes&quot;}\" data-widget_type=\"video.default\">\n\t\t\t\t<div class=\"elementor-widget-container\">\n\t\t\t\t\t\t\t<div class=\"elementor-wrapper elementor-open-inline\">\n\t\t\t<div class=\"elementor-video\"><\/div>\t\t<\/div>\n\t\t\t\t\t\t<\/div>\n\t\t\t\t<\/div>\n\t\t\t\t\t<\/div>\n\t\t\t\t<\/div>\n\t\t<div class=\"elementor-element elementor-element-54793a9c e-flex e-con-boxed e-con e-parent\" data-id=\"54793a9c\" data-element_type=\"container\">\n\t\t\t\t\t<div class=\"e-con-inner\">\n\t\t\t\t<div class=\"elementor-element elementor-element-5d6dd68e elementor-widget elementor-widget-text-editor\" data-id=\"5d6dd68e\" data-element_type=\"widget\" data-widget_type=\"text-editor.default\">\n\t\t\t\t<div class=\"elementor-widget-container\">\n\t\t\t\t\t\t\t\t\t<p class=\"texto-image\" style=\"text-align: center;\"><strong>SHARE THIS MOMENT<\/strong><\/p>\t\t\t\t\t\t\t\t<\/div>\n\t\t\t\t<\/div>\n\t\t\t\t\t<\/div>\n\t\t\t\t<\/div>\n\t\t\t\t<\/div>","protected":false},"excerpt":{"rendered":"<p>Gabriela and Antonio\u2019s wedding combined a ceremony at the Cathedral of Havana with a reception at La Divina Pastora, surrounded by iconic views and landmarks.<\/p>","protected":false},"author":1,"featured_media":3753,"comment_status":"open","ping_status":"open","sticky":false,"template":"","format":"standard","meta":{"site-sidebar-layout":"default","site-content-layout":"","ast-site-content-layout":"default","site-content-style":"default","site-sidebar-style":"default","ast-global-header-display":"","ast-banner-title-visibility":"","ast-main-header-display":"","ast-hfb-above-header-display":"","ast-hfb-below-header-display":"","ast-hfb-mobile-header-display":"","site-post-title":"","ast-breadcrumbs-content":"","ast-featured-img":"","footer-sml-layout":"","theme-transparent-header-meta":"","adv-header-id-meta":"","stick-header-meta":"","header-above-stick-meta":"","header-main-stick-meta":"","header-below-stick-meta":"","astra-migrate-meta-layouts":"set","ast-page-background-enabled":"default","ast-page-background-meta":{"desktop":{"background-color":"var(--ast-global-color-4)","background-image":"","background-repeat":"repeat","background-position":"center center","background-size":"auto","background-attachment":"scroll","background-type":"","background-media":"","overlay-type":"","overlay-color":"","overlay-opacity":"","overlay-gradient":""},"tablet":{"background-color":"","background-image":"","background-repeat":"repeat","background-position":"center center","background-size":"auto","background-attachment":"scroll","background-type":"","background-media":"","overlay-type":"","overlay-color":"","overlay-opacity":"","overlay-gradient":""},"mobile":{"background-color":"","background-image":"","background-repeat":"repeat","background-position":"center center","background-size":"auto","background-attachment":"scroll","background-type":"","background-media":"","overlay-type":"","overlay-color":"","overlay-opacity":"","overlay-gradient":""}},"ast-content-background-meta":{"desktop":{"background-color":"var(--ast-global-color-5)","background-image":"","background-repeat":"repeat","background-position":"center center","background-size":"auto","background-attachment":"scroll","background-type":"","background-media":"","overlay-type":"","overlay-color":"","overlay-opacity":"","overlay-gradient":""},"tablet":{"background-color":"var(--ast-global-color-5)","background-image":"","background-repeat":"repeat","background-position":"center center","background-size":"auto","background-attachment":"scroll","background-type":"","background-media":"","overlay-type":"","overlay-color":"","overlay-opacity":"","overlay-gradient":""},"mobile":{"background-color":"var(--ast-global-color-5)","background-image":"","background-repeat":"repeat","background-position":"center center","background-size":"auto","background-attachment":"scroll","background-type":"","background-media":"","overlay-type":"","overlay-color":"","overlay-opacity":"","overlay-gradient":""}},"footnotes":""},"categories":[17,258],"tags":[51,9,71,44,72,41,46],"class_list":["post-3716","post","type-post","status-publish","format-standard","has-post-thumbnail","hentry","category-bodas","category-bodas-en-la-habana","tag-boda-de-ciudad","tag-boda-en-cuba","tag-boda-en-la-catedral","tag-boda-en-la-habana","tag-boda-religiosa","tag-wedding-planner","tag-wedding-planners-cuba"],"yoast_head":"<!-- This site is optimized with the Yoast SEO Premium plugin v24.1 (Yoast SEO v26.7) - https:\/\/yoast.com\/wordpress\/plugins\/seo\/ -->\n<title>Gabriela y Antonio, boda en la Catedral de La Habana | Aire de Fiesta<\/title>\n<meta name=\"description\" content=\"No es fortuito que los novios que planean una ceremonia religiosa en Cuba elijan hacer su boda en La Catedral de La Habana.\" \/>\n<meta name=\"robots\" content=\"index, follow, max-snippet:-1, max-image-preview:large, max-video-preview:-1\" \/>\n<link rel=\"canonical\" href=\"https:\/\/airedefiestacuba.com\/en\/gabriela-y-antonio-boda-en-la-catedral-de-la-habana\/\" \/>\n<meta property=\"og:locale\" content=\"en_US\" \/>\n<meta property=\"og:type\" content=\"article\" \/>\n<meta property=\"og:title\" content=\"Gabriela y Antonio, boda en la Catedral de La Habana\" \/>\n<meta property=\"og:description\" content=\"No es fortuito que los novios que planean una ceremonia religiosa en Cuba elijan hacer su boda en La Catedral de La Habana.\" \/>\n<meta property=\"og:url\" content=\"https:\/\/airedefiestacuba.com\/en\/gabriela-y-antonio-boda-en-la-catedral-de-la-habana\/\" \/>\n<meta property=\"og:site_name\" content=\"Bodas en Cuba | Organizadores Expertos con +10 A\u00f1os de \u00c9xito\" \/>\n<meta property=\"article:published_time\" content=\"2024-02-13T19:45:03+00:00\" \/>\n<meta property=\"article:modified_time\" content=\"2025-06-26T05:06:11+00:00\" \/>\n<meta property=\"og:image\" content=\"https:\/\/airedefiestacuba.com\/wp-content\/uploads\/2024\/02\/fun-wedding-photo-havana-cathedral-court.jpg\" \/>\n\t<meta property=\"og:image:width\" content=\"1280\" \/>\n\t<meta property=\"og:image:height\" content=\"1920\" \/>\n\t<meta property=\"og:image:type\" content=\"image\/jpeg\" \/>\n<meta name=\"author\" content=\"airedefiestacuba.com\" \/>\n<meta name=\"twitter:card\" content=\"summary_large_image\" \/>\n<meta name=\"twitter:description\" content=\"No es fortuito que los novios que planean una ceremonia religiosa en Cuba elijan hacer su boda en La Catedral de La Habana.\" \/>\n<meta name=\"twitter:label1\" content=\"Written by\" \/>\n\t<meta name=\"twitter:data1\" content=\"airedefiestacuba.com\" \/>\n\t<meta name=\"twitter:label2\" content=\"Est. reading time\" \/>\n\t<meta name=\"twitter:data2\" content=\"11 minutes\" \/>\n<script type=\"application\/ld+json\" class=\"yoast-schema-graph\">{\"@context\":\"https:\/\/schema.org\",\"@graph\":[{\"@type\":\"Article\",\"@id\":\"https:\/\/airedefiestacuba.com\/gabriela-y-antonio-boda-en-la-catedral-de-la-habana\/#article\",\"isPartOf\":{\"@id\":\"https:\/\/airedefiestacuba.com\/gabriela-y-antonio-boda-en-la-catedral-de-la-habana\/\"},\"author\":{\"name\":\"airedefiestacuba.com\",\"@id\":\"https:\/\/airedefiestacuba.com\/#\/schema\/person\/5865234420ad0876562c26f9fd5dcf12\"},\"headline\":\"Gabriela y Antonio, boda en la Catedral de La Habana\",\"datePublished\":\"2024-02-13T19:45:03+00:00\",\"dateModified\":\"2025-06-26T05:06:11+00:00\",\"mainEntityOfPage\":{\"@id\":\"https:\/\/airedefiestacuba.com\/gabriela-y-antonio-boda-en-la-catedral-de-la-habana\/\"},\"wordCount\":420,\"commentCount\":0,\"publisher\":{\"@id\":\"https:\/\/airedefiestacuba.com\/#organization\"},\"image\":{\"@id\":\"https:\/\/airedefiestacuba.com\/gabriela-y-antonio-boda-en-la-catedral-de-la-habana\/#primaryimage\"},\"thumbnailUrl\":\"https:\/\/airedefiestacuba.com\/wp-content\/uploads\/2024\/02\/fun-wedding-photo-havana-cathedral-court.jpg\",\"keywords\":[\"boda de ciudad\",\"boda en cuba\",\"boda en la catedral\",\"boda en la habana\",\"boda religiosa\",\"wedding planner\",\"wedding planners cuba\"],\"articleSection\":[\"Bodas\",\"Habana\"],\"inLanguage\":\"en-US\",\"potentialAction\":[{\"@type\":\"CommentAction\",\"name\":\"Comment\",\"target\":[\"https:\/\/airedefiestacuba.com\/gabriela-y-antonio-boda-en-la-catedral-de-la-habana\/#respond\"]}]},{\"@type\":\"WebPage\",\"@id\":\"https:\/\/airedefiestacuba.com\/gabriela-y-antonio-boda-en-la-catedral-de-la-habana\/\",\"url\":\"https:\/\/airedefiestacuba.com\/gabriela-y-antonio-boda-en-la-catedral-de-la-habana\/\",\"name\":\"Gabriela y Antonio, boda en la Catedral de La Habana | Aire de Fiesta\",\"isPartOf\":{\"@id\":\"https:\/\/airedefiestacuba.com\/#website\"},\"primaryImageOfPage\":{\"@id\":\"https:\/\/airedefiestacuba.com\/gabriela-y-antonio-boda-en-la-catedral-de-la-habana\/#primaryimage\"},\"image\":{\"@id\":\"https:\/\/airedefiestacuba.com\/gabriela-y-antonio-boda-en-la-catedral-de-la-habana\/#primaryimage\"},\"thumbnailUrl\":\"https:\/\/airedefiestacuba.com\/wp-content\/uploads\/2024\/02\/fun-wedding-photo-havana-cathedral-court.jpg\",\"datePublished\":\"2024-02-13T19:45:03+00:00\",\"dateModified\":\"2025-06-26T05:06:11+00:00\",\"description\":\"No es fortuito que los novios que planean una ceremonia religiosa en Cuba elijan hacer su boda en La Catedral de La Habana.\",\"breadcrumb\":{\"@id\":\"https:\/\/airedefiestacuba.com\/gabriela-y-antonio-boda-en-la-catedral-de-la-habana\/#breadcrumb\"},\"inLanguage\":\"en-US\",\"potentialAction\":[{\"@type\":\"ReadAction\",\"target\":[\"https:\/\/airedefiestacuba.com\/gabriela-y-antonio-boda-en-la-catedral-de-la-habana\/\"]}]},{\"@type\":\"ImageObject\",\"inLanguage\":\"en-US\",\"@id\":\"https:\/\/airedefiestacuba.com\/gabriela-y-antonio-boda-en-la-catedral-de-la-habana\/#primaryimage\",\"url\":\"https:\/\/airedefiestacuba.com\/wp-content\/uploads\/2024\/02\/fun-wedding-photo-havana-cathedral-court.jpg\",\"contentUrl\":\"https:\/\/airedefiestacuba.com\/wp-content\/uploads\/2024\/02\/fun-wedding-photo-havana-cathedral-court.jpg\",\"width\":1280,\"height\":1920,\"caption\":\"Y entre fotos formales, tambi\u00e9n hubo espacio para jugar en esta boda en la Catedral de La Habana\"},{\"@type\":\"BreadcrumbList\",\"@id\":\"https:\/\/airedefiestacuba.com\/gabriela-y-antonio-boda-en-la-catedral-de-la-habana\/#breadcrumb\",\"itemListElement\":[{\"@type\":\"ListItem\",\"position\":1,\"name\":\"Home\",\"item\":\"https:\/\/airedefiestacuba.com\/\"},{\"@type\":\"ListItem\",\"position\":2,\"name\":\"Gabriela y Antonio, boda en la Catedral de La Habana\"}]},{\"@type\":\"WebSite\",\"@id\":\"https:\/\/airedefiestacuba.com\/#website\",\"url\":\"https:\/\/airedefiestacuba.com\/\",\"name\":\"Bodas en Cuba | Organizadores Expertos con +10 A\u00f1os de \u00c9xito\",\"description\":\"Expertos en bodas de destino en Cuba. Convertimos tu visi\u00f3n en una celebraci\u00f3n perfecta. Garantizamos que tu \u00fanico trabajo sea decir &quot;S\u00ed, quiero&quot;.\",\"publisher\":{\"@id\":\"https:\/\/airedefiestacuba.com\/#organization\"},\"potentialAction\":[{\"@type\":\"SearchAction\",\"target\":{\"@type\":\"EntryPoint\",\"urlTemplate\":\"https:\/\/airedefiestacuba.com\/?s={search_term_string}\"},\"query-input\":{\"@type\":\"PropertyValueSpecification\",\"valueRequired\":true,\"valueName\":\"search_term_string\"}}],\"inLanguage\":\"en-US\"},{\"@type\":\"Organization\",\"@id\":\"https:\/\/airedefiestacuba.com\/#organization\",\"name\":\"Bodas en Cuba | Organizadores Expertos con +10 A\u00f1os de \u00c9xito\",\"url\":\"https:\/\/airedefiestacuba.com\/\",\"logo\":{\"@type\":\"ImageObject\",\"inLanguage\":\"en-US\",\"@id\":\"https:\/\/airedefiestacuba.com\/#\/schema\/logo\/image\/\",\"url\":\"https:\/\/airedefiestacuba.com\/wp-content\/uploads\/2022\/03\/3Asset-3.png\",\"contentUrl\":\"https:\/\/airedefiestacuba.com\/wp-content\/uploads\/2022\/03\/3Asset-3.png\",\"width\":1460,\"height\":777,\"caption\":\"Bodas en Cuba | Organizadores Expertos con +10 A\u00f1os de \u00c9xito\"},\"image\":{\"@id\":\"https:\/\/airedefiestacuba.com\/#\/schema\/logo\/image\/\"}},{\"@type\":\"Person\",\"@id\":\"https:\/\/airedefiestacuba.com\/#\/schema\/person\/5865234420ad0876562c26f9fd5dcf12\",\"name\":\"airedefiestacuba.com\",\"image\":{\"@type\":\"ImageObject\",\"inLanguage\":\"en-US\",\"@id\":\"https:\/\/airedefiestacuba.com\/#\/schema\/person\/image\/\",\"url\":\"https:\/\/secure.gravatar.com\/avatar\/1f6087c3554fde612f8f41b6a4287ed465978a4cebc9c9b98289655ccf2008ce?s=96&d=mm&r=g\",\"contentUrl\":\"https:\/\/secure.gravatar.com\/avatar\/1f6087c3554fde612f8f41b6a4287ed465978a4cebc9c9b98289655ccf2008ce?s=96&d=mm&r=g\",\"caption\":\"airedefiestacuba.com\"},\"sameAs\":[\"http:\/\/airedefiestacuba.com\"]}]}<\/script>\n<!-- \/ Yoast SEO Premium plugin. -->","yoast_head_json":{"title":"Gabriela y Antonio, boda en la Catedral de La Habana | Aire de Fiesta","description":"It\u2019s no coincidence that couples planning a religious ceremony in Cuba often choose to get married at Havana Cathedral.","robots":{"index":"index","follow":"follow","max-snippet":"max-snippet:-1","max-image-preview":"max-image-preview:large","max-video-preview":"max-video-preview:-1"},"canonical":"https:\/\/airedefiestacuba.com\/en\/gabriela-y-antonio-boda-en-la-catedral-de-la-habana\/","og_locale":"en_US","og_type":"article","og_title":"Gabriela y Antonio, boda en la Catedral de La Habana","og_description":"No es fortuito que los novios que planean una ceremonia religiosa en Cuba elijan hacer su boda en La Catedral de La Habana.","og_url":"https:\/\/airedefiestacuba.com\/en\/gabriela-y-antonio-boda-en-la-catedral-de-la-habana\/","og_site_name":"Bodas en Cuba | Organizadores Expertos con +10 A\u00f1os de \u00c9xito","article_published_time":"2024-02-13T19:45:03+00:00","article_modified_time":"2025-06-26T05:06:11+00:00","og_image":[{"width":1280,"height":1920,"url":"https:\/\/airedefiestacuba.com\/wp-content\/uploads\/2024\/02\/fun-wedding-photo-havana-cathedral-court.jpg","type":"image\/jpeg"}],"author":"airedefiestacuba.com","twitter_card":"summary_large_image","twitter_description":"No es fortuito que los novios que planean una ceremonia religiosa en Cuba elijan hacer su boda en La Catedral de La Habana.","twitter_misc":{"Written by":"airedefiestacuba.com","Est. reading time":"11 minutes"},"schema":{"@context":"https:\/\/schema.org","@graph":[{"@type":"Article","@id":"https:\/\/airedefiestacuba.com\/gabriela-y-antonio-boda-en-la-catedral-de-la-habana\/#article","isPartOf":{"@id":"https:\/\/airedefiestacuba.com\/gabriela-y-antonio-boda-en-la-catedral-de-la-habana\/"},"author":{"name":"airedefiestacuba.com","@id":"https:\/\/airedefiestacuba.com\/#\/schema\/person\/5865234420ad0876562c26f9fd5dcf12"},"headline":"Gabriela y Antonio, boda en la Catedral de La Habana","datePublished":"2024-02-13T19:45:03+00:00","dateModified":"2025-06-26T05:06:11+00:00","mainEntityOfPage":{"@id":"https:\/\/airedefiestacuba.com\/gabriela-y-antonio-boda-en-la-catedral-de-la-habana\/"},"wordCount":420,"commentCount":0,"publisher":{"@id":"https:\/\/airedefiestacuba.com\/#organization"},"image":{"@id":"https:\/\/airedefiestacuba.com\/gabriela-y-antonio-boda-en-la-catedral-de-la-habana\/#primaryimage"},"thumbnailUrl":"https:\/\/airedefiestacuba.com\/wp-content\/uploads\/2024\/02\/fun-wedding-photo-havana-cathedral-court.jpg","keywords":["boda de ciudad","boda en cuba","boda en la catedral","boda en la habana","boda religiosa","wedding planner","wedding planners cuba"],"articleSection":["Bodas","Habana"],"inLanguage":"en-US","potentialAction":[{"@type":"CommentAction","name":"Comment","target":["https:\/\/airedefiestacuba.com\/gabriela-y-antonio-boda-en-la-catedral-de-la-habana\/#respond"]}]},{"@type":"WebPage","@id":"https:\/\/airedefiestacuba.com\/gabriela-y-antonio-boda-en-la-catedral-de-la-habana\/","url":"https:\/\/airedefiestacuba.com\/gabriela-y-antonio-boda-en-la-catedral-de-la-habana\/","name":"Gabriela y Antonio, boda en la Catedral de La Habana | Aire de Fiesta","isPartOf":{"@id":"https:\/\/airedefiestacuba.com\/#website"},"primaryImageOfPage":{"@id":"https:\/\/airedefiestacuba.com\/gabriela-y-antonio-boda-en-la-catedral-de-la-habana\/#primaryimage"},"image":{"@id":"https:\/\/airedefiestacuba.com\/gabriela-y-antonio-boda-en-la-catedral-de-la-habana\/#primaryimage"},"thumbnailUrl":"https:\/\/airedefiestacuba.com\/wp-content\/uploads\/2024\/02\/fun-wedding-photo-havana-cathedral-court.jpg","datePublished":"2024-02-13T19:45:03+00:00","dateModified":"2025-06-26T05:06:11+00:00","description":"It\u2019s no coincidence that couples planning a religious ceremony in Cuba often choose to get married at Havana Cathedral.","breadcrumb":{"@id":"https:\/\/airedefiestacuba.com\/gabriela-y-antonio-boda-en-la-catedral-de-la-habana\/#breadcrumb"},"inLanguage":"en-US","potentialAction":[{"@type":"ReadAction","target":["https:\/\/airedefiestacuba.com\/gabriela-y-antonio-boda-en-la-catedral-de-la-habana\/"]}]},{"@type":"ImageObject","inLanguage":"en-US","@id":"https:\/\/airedefiestacuba.com\/gabriela-y-antonio-boda-en-la-catedral-de-la-habana\/#primaryimage","url":"https:\/\/airedefiestacuba.com\/wp-content\/uploads\/2024\/02\/fun-wedding-photo-havana-cathedral-court.jpg","contentUrl":"https:\/\/airedefiestacuba.com\/wp-content\/uploads\/2024\/02\/fun-wedding-photo-havana-cathedral-court.jpg","width":1280,"height":1920,"caption":"Y entre fotos formales, tambi\u00e9n hubo espacio para jugar en esta boda en la Catedral de La Habana"},{"@type":"BreadcrumbList","@id":"https:\/\/airedefiestacuba.com\/gabriela-y-antonio-boda-en-la-catedral-de-la-habana\/#breadcrumb","itemListElement":[{"@type":"ListItem","position":1,"name":"Home","item":"https:\/\/airedefiestacuba.com\/"},{"@type":"ListItem","position":2,"name":"Gabriela y Antonio, boda en la Catedral de La Habana"}]},{"@type":"WebSite","@id":"https:\/\/airedefiestacuba.com\/#website","url":"https:\/\/airedefiestacuba.com\/","name":"Weddings in Cuba | Expert Planners with 10+ Years of Success","description":"Experts in destination weddings in Cuba. We turn your vision into a perfect celebration. We guarantee that your only job will be to say \"I do.\"","publisher":{"@id":"https:\/\/airedefiestacuba.com\/#organization"},"potentialAction":[{"@type":"SearchAction","target":{"@type":"EntryPoint","urlTemplate":"https:\/\/airedefiestacuba.com\/?s={search_term_string}"},"query-input":{"@type":"PropertyValueSpecification","valueRequired":true,"valueName":"search_term_string"}}],"inLanguage":"en-US"},{"@type":"Organization","@id":"https:\/\/airedefiestacuba.com\/#organization","name":"Weddings in Cuba | Expert Planners with 10+ Years of Success","url":"https:\/\/airedefiestacuba.com\/","logo":{"@type":"ImageObject","inLanguage":"en-US","@id":"https:\/\/airedefiestacuba.com\/#\/schema\/logo\/image\/","url":"https:\/\/airedefiestacuba.com\/wp-content\/uploads\/2022\/03\/3Asset-3.png","contentUrl":"https:\/\/airedefiestacuba.com\/wp-content\/uploads\/2022\/03\/3Asset-3.png","width":1460,"height":777,"caption":"Bodas en Cuba | Organizadores Expertos con +10 A\u00f1os de \u00c9xito"},"image":{"@id":"https:\/\/airedefiestacuba.com\/#\/schema\/logo\/image\/"}},{"@type":"Person","@id":"https:\/\/airedefiestacuba.com\/#\/schema\/person\/5865234420ad0876562c26f9fd5dcf12","name":"airedefiestacuba.com","image":{"@type":"ImageObject","inLanguage":"en-US","@id":"https:\/\/airedefiestacuba.com\/#\/schema\/person\/image\/","url":"https:\/\/secure.gravatar.com\/avatar\/1f6087c3554fde612f8f41b6a4287ed465978a4cebc9c9b98289655ccf2008ce?s=96&d=mm&r=g","contentUrl":"https:\/\/secure.gravatar.com\/avatar\/1f6087c3554fde612f8f41b6a4287ed465978a4cebc9c9b98289655ccf2008ce?s=96&d=mm&r=g","caption":"airedefiestacuba.com"},"sameAs":["http:\/\/airedefiestacuba.com"]}]}},"_links":{"self":[{"href":"https:\/\/airedefiestacuba.com\/en\/wp-json\/wp\/v2\/posts\/3716","targetHints":{"allow":["GET"]}}],"collection":[{"href":"https:\/\/airedefiestacuba.com\/en\/wp-json\/wp\/v2\/posts"}],"about":[{"href":"https:\/\/airedefiestacuba.com\/en\/wp-json\/wp\/v2\/types\/post"}],"author":[{"embeddable":true,"href":"https:\/\/airedefiestacuba.com\/en\/wp-json\/wp\/v2\/users\/1"}],"replies":[{"embeddable":true,"href":"https:\/\/airedefiestacuba.com\/en\/wp-json\/wp\/v2\/comments?post=3716"}],"version-history":[{"count":52,"href":"https:\/\/airedefiestacuba.com\/en\/wp-json\/wp\/v2\/posts\/3716\/revisions"}],"predecessor-version":[{"id":25304,"href":"https:\/\/airedefiestacuba.com\/en\/wp-json\/wp\/v2\/posts\/3716\/revisions\/25304"}],"wp:featuredmedia":[{"embeddable":true,"href":"https:\/\/airedefiestacuba.com\/en\/wp-json\/wp\/v2\/media\/3753"}],"wp:attachment":[{"href":"https:\/\/airedefiestacuba.com\/en\/wp-json\/wp\/v2\/media?parent=3716"}],"wp:term":[{"taxonomy":"category","embeddable":true,"href":"https:\/\/airedefiestacuba.com\/en\/wp-json\/wp\/v2\/categories?post=3716"},{"taxonomy":"post_tag","embeddable":true,"href":"https:\/\/airedefiestacuba.com\/en\/wp-json\/wp\/v2\/tags?post=3716"}],"curies":[{"name":"wp","href":"https:\/\/api.w.org\/{rel}","templated":true}]}}