{"id":3572,"date":"2024-02-11T20:55:46","date_gmt":"2024-02-11T19:55:46","guid":{"rendered":"https:\/\/airedefiestacuba.com\/?p=3572"},"modified":"2025-06-26T07:24:06","modified_gmt":"2025-06-26T05:24:06","slug":"maria-y-jose-boda-viajera-en-la-habana","status":"publish","type":"post","link":"https:\/\/airedefiestacuba.com\/en\/maria-y-jose-boda-viajera-en-la-habana\/","title":{"rendered":"Maria &amp; Jose, a travel-themed wedding"},"content":{"rendered":"<div id=\"ez-toc-container\" class=\"ez-toc-v2_0_80 ez-toc-wrap-left counter-hierarchy ez-toc-counter ez-toc-white ez-toc-container-direction\">\n<div class=\"ez-toc-title-container\">\n<p class=\"ez-toc-title\" style=\"cursor:inherit\">Table of Contents<\/p>\n<span class=\"ez-toc-title-toggle\"><a href=\"#\" class=\"ez-toc-pull-right ez-toc-btn ez-toc-btn-xs ez-toc-btn-default ez-toc-toggle\" aria-label=\"Toggle Table of Content\"><span class=\"ez-toc-js-icon-con\"><span class=\"\"><span class=\"eztoc-hide\" style=\"display:none;\">Toggle<\/span><span class=\"ez-toc-icon-toggle-span\"><svg style=\"fill: #999;color:#999\" xmlns=\"http:\/\/www.w3.org\/2000\/svg\" class=\"list-377408\" width=\"20px\" height=\"20px\" viewbox=\"0 0 24 24\" fill=\"none\"><path d=\"M6 6H4v2h2V6zm14 0H8v2h12V6zM4 11h2v2H4v-2zm16 0H8v2h12v-2zM4 16h2v2H4v-2zm16 0H8v2h12v-2z\" fill=\"currentColor\"><\/path><\/svg><svg style=\"fill: #999;color:#999\" class=\"arrow-unsorted-368013\" xmlns=\"http:\/\/www.w3.org\/2000\/svg\" width=\"10px\" height=\"10px\" viewbox=\"0 0 24 24\" version=\"1.2\" baseprofile=\"tiny\"><path d=\"M18.2 9.3l-6.2-6.3-6.2 6.3c-.2.2-.3.4-.3.7s.1.5.3.7c.2.2.4.3.7.3h11c.3 0 .5-.1.7-.3.2-.2.3-.5.3-.7s-.1-.5-.3-.7zM5.8 14.7l6.2 6.3 6.2-6.3c.2-.2.3-.5.3-.7s-.1-.5-.3-.7c-.2-.2-.4-.3-.7-.3h-11c-.3 0-.5.1-.7.3-.2.2-.3.5-.3.7s.1.5.3.7z\"\/><\/svg><\/span><\/span><\/span><\/a><\/span><\/div>\n<nav><ul class='ez-toc-list ez-toc-list-level-1 eztoc-toggle-hide-by-default' ><li class='ez-toc-page-1 ez-toc-heading-level-2'><a class=\"ez-toc-link ez-toc-heading-1\" href=\"https:\/\/airedefiestacuba.com\/en\/maria-y-jose-boda-viajera-en-la-habana\/#La_Tendencia_de_las_Bodas_Tematicas_Una_Boda_Viajera\" >The Trend of Themed Weddings: A Traveling Wedding<\/a><\/li><li class='ez-toc-page-1 ez-toc-heading-level-2'><a class=\"ez-toc-link ez-toc-heading-2\" href=\"https:\/\/airedefiestacuba.com\/en\/maria-y-jose-boda-viajera-en-la-habana\/#Recuerdos_de_Viaje_en_la_Ceremonia\" >Travel Mementos in the Ceremony<\/a><\/li><li class='ez-toc-page-1 ez-toc-heading-level-2'><a class=\"ez-toc-link ez-toc-heading-3\" href=\"https:\/\/airedefiestacuba.com\/en\/maria-y-jose-boda-viajera-en-la-habana\/#Recepcion_con_Estilo_Viajero\" >Reception with a Traveling Style<\/a><\/li><li class='ez-toc-page-1 ez-toc-heading-level-2'><a class=\"ez-toc-link ez-toc-heading-4\" href=\"https:\/\/airedefiestacuba.com\/en\/maria-y-jose-boda-viajera-en-la-habana\/#Un_Pastel_que_Cuenta_una_Historia\" >A Cake that Tells a Story<\/a><\/li><li class='ez-toc-page-1 ez-toc-heading-level-2'><a class=\"ez-toc-link ez-toc-heading-5\" href=\"https:\/\/airedefiestacuba.com\/en\/maria-y-jose-boda-viajera-en-la-habana\/#Inspiracion_para_Aventureros_del_Amor\" >Inspiration for Love Adventurers<\/a><\/li><li class='ez-toc-page-1 ez-toc-heading-level-2'><a class=\"ez-toc-link ez-toc-heading-6\" href=\"https:\/\/airedefiestacuba.com\/en\/maria-y-jose-boda-viajera-en-la-habana\/#Proveedores\" >Suppliers:<\/a><\/li><\/ul><\/nav><\/div>\n\t\t<div data-elementor-type=\"wp-post\" data-elementor-id=\"3572\" class=\"elementor elementor-3572\" data-elementor-post-type=\"post\">\n\t\t\t\t<div class=\"elementor-element elementor-element-55cbc8d2 e-con-full e-flex e-con e-parent\" data-id=\"55cbc8d2\" data-element_type=\"container\">\n\t\t<div class=\"elementor-element elementor-element-33638aec e-con-full e-flex e-con e-child\" data-id=\"33638aec\" data-element_type=\"container\">\n\t\t\t\t<div class=\"elementor-element elementor-element-99c5694 elementor-widget-tablet__width-initial elementor-widget__width-initial elementor-widget elementor-widget-image\" data-id=\"99c5694\" data-element_type=\"widget\" data-widget_type=\"image.default\">\n\t\t\t\t<div class=\"elementor-widget-container\">\n\t\t\t\t\t\t\t\t\t\t\t\t\t\t\t<img fetchpriority=\"high\" decoding=\"async\" width=\"1024\" height=\"425\" src=\"https:\/\/airedefiestacuba.com\/wp-content\/uploads\/2025\/06\/Asset-23@10x1-1024x425.png\" class=\"attachment-large size-large wp-image-24966\" alt=\"Aire de Fiesta logo, wedding planning in Cuba\" srcset=\"\" sizes=\"(max-width: 1024px) 100vw, 1024px\" data-srcset=\"\" \/>\t\t\t\t\t\t\t\t\t\t\t\t\t\t\t<\/div>\n\t\t\t\t<\/div>\n\t\t\t\t<div class=\"elementor-element elementor-element-7fb5aec3 elementor-hidden-desktop elementor-hidden-tablet elementor-widget elementor-widget-image\" data-id=\"7fb5aec3\" data-element_type=\"widget\" data-widget_type=\"image.default\">\n\t\t\t\t<div class=\"elementor-widget-container\">\n\t\t\t\t\t\t\t\t\t\t\t\t\t\t\t<img decoding=\"async\" width=\"683\" height=\"1024\" src=\"https:\/\/airedefiestacuba.com\/wp-content\/uploads\/2024\/02\/thematic-wedding-ceremony-celebration-1-683x1024.jpg\" class=\"attachment-large size-large wp-image-3599\" alt=\"Rice toss as the couple exits at an outdoor themed wedding.\" srcset=\"https:\/\/airedefiestacuba.com\/wp-content\/uploads\/2024\/02\/thematic-wedding-ceremony-celebration-1-683x1024.jpg 683w, https:\/\/airedefiestacuba.com\/wp-content\/uploads\/2024\/02\/thematic-wedding-ceremony-celebration-1-200x300.jpg 200w, https:\/\/airedefiestacuba.com\/wp-content\/uploads\/2024\/02\/thematic-wedding-ceremony-celebration-1-8x12.jpg 8w, https:\/\/airedefiestacuba.com\/wp-content\/uploads\/2024\/02\/thematic-wedding-ceremony-celebration-1.jpg 720w\" sizes=\"(max-width: 683px) 100vw, 683px\" \/>\t\t\t\t\t\t\t\t\t\t\t\t\t\t\t<\/div>\n\t\t\t\t<\/div>\n\t\t\t\t<div class=\"elementor-element elementor-element-5bab9a65 sumary elementor-widget elementor-widget-text-editor\" data-id=\"5bab9a65\" data-element_type=\"widget\" data-widget_type=\"text-editor.default\">\n\t\t\t\t<div class=\"elementor-widget-container\">\n\t\t\t\t\t\t\t\t\t<h4>Mary and Joseph<\/h4>\n<h1 class=\"fraseClave\">traveling wedding<\/h1>\n<p>The <strong>traveling wedding<\/strong> they are on the rise, and this trend was the perfect inspiration for a couple who shares a passion for exploring new places. their ceremony in the gardens of the Hotel Nacional de Cuba incorporated wooden elements and vintage accents, with globes, travel suitcases, and colorful floral arrangements representing their favorite destinations.<\/p>\t\t\t\t\t\t\t\t<\/div>\n\t\t\t\t<\/div>\n\t\t\t\t<div class=\"elementor-element elementor-element-5cc6f0b7 premium-modal-dismissible-yes elementor-widget elementor-widget-premium-addon-modal-box\" data-id=\"5cc6f0b7\" data-element_type=\"widget\" data-settings=\"{&quot;premium_modal_box_animation&quot;:&quot;fadeInDown&quot;}\" data-widget_type=\"premium-addon-modal-box.default\">\n\t\t\t\t<div class=\"elementor-widget-container\">\n\t\t\t\t\t\r\n\t\t<div class=\"premium-modal-box-container\" data-settings=\"{&quot;trigger&quot;:&quot;button&quot;,&quot;show_on_exit&quot;:false}\">\r\n\t\t\t<div class=\"premium-modal-trigger-container\">\r\n\t\t\t\t\t\t\t\t\t<button data-toggle=\"premium-modal\" data-target=\"#premium-modal-5cc6f0b7\" type=\"button\" class=\"premium-modal-trigger-btn premium-btn-sm premium-button-none\" data-text=\"Leer m\u00e1s\">\r\n\r\n\t\t\t\t\t\t\r\n\t\t\t\t\t\t<div class=\"premium-button-text-icon-wrapper\">\r\n\t\t\t\t\t\t\t<span>Read more<\/span>\r\n\t\t\t\t\t\t<\/div>\r\n\r\n\t\t\t\t\t\t\r\n\t\t\t\t\t\t\r\n\t\t\t\t\t\t\r\n\t\t\t\t\t<\/button>\r\n\t\t\t\t\t\t\t<\/div>\r\n\r\n\t\t\t<div id=\"premium-modal-5cc6f0b7\" class=\"premium-modal-box-modal\"\r\n\t\t\trole=\"dialog\"\r\n\t\t\tstyle=\"display: none\"\r\n\t\t\t>\r\n\t\t\t\t<div class=\"premium-modal-box-modal-dialog\" data-delay-animation=\"\" data-modal-animation=\"fadeInDown animated-fast\">\r\n\t\t\t\t\t\t\t\t\t\t\t<div class=\"premium-modal-box-modal-header\">\r\n\t\t\t\t\t\t\t\t\t\t\t\t\t\t\t<h3 class=\"premium-modal-box-modal-title\">\r\n\t\t\t\t\t\t\t\t\t\t\t\t<img decoding=\"async\" src=\"\" alt=\"\">\r\n\t\t\tCaja en blanco \t\t\t\t\t\t\t\t<\/h3>\r\n\t\t\t\t\t\t\t\t\t\t\t\t\t\t\t\t\t\t\t\t\t\t<div class=\"premium-modal-box-close-button-container\">\r\n\t\t\t\t\t\t\t\t\t<button type=\"button\" class=\"premium-modal-box-modal-close\" data-dismiss=\"premium-modal\">\u00d7<\/button>\r\n\t\t\t\t\t\t\t\t<\/div>\r\n\t\t\t\t\t\t\t\t\t\t\t\t\t<\/div>\r\n\t\t\t\t\t\t\t\t\t\t<div class=\"premium-modal-box-modal-body\">\r\n\t\t\t\t\t\t<h2 class=\"mb-2 last:mb-0\"><span class=\"ez-toc-section\" id=\"La_Tendencia_de_las_Bodas_Tematicas_Una_Boda_Viajera\"><\/span><strong>The Trend of Themed Weddings: A Traveling Wedding<\/strong><span class=\"ez-toc-section-end\"><\/span><\/h2><p class=\"mb-2 last:mb-0\">Themed weddings are in full swing and are a constantly renewing trend. A traveling wedding was the perfect inspiration for these newlyweds who discovered their passion for exploring new places together.<\/p><h2 class=\"mb-2 last:mb-0\"><span class=\"ez-toc-section\" id=\"Recuerdos_de_Viaje_en_la_Ceremonia\"><\/span><strong>Travel Mementos in the Ceremony<\/strong><span class=\"ez-toc-section-end\"><\/span><\/h2><p class=\"mb-2 last:mb-0\">For them, it was essential that the concept of the wedding reminded them of their favorite places around the world. With wooden elements and vintage accents, the ceremony was held in the gardens of the Hotel Nacional de Cuba. Globes in different sizes, travel suitcases, and colorful floral arrangements were the main features of the space. The welcome sign indicated many of those special cities for the newlyweds.<\/p><h2 class=\"mb-2 last:mb-0\"><span class=\"ez-toc-section\" id=\"Recepcion_con_Estilo_Viajero\"><\/span><strong>Reception with a Traveling Style<\/strong><span class=\"ez-toc-section-end\"><\/span><\/h2><p class=\"mb-2 last:mb-0\">The cocktail-style reception was designed to fit the atmosphere of the Vedado Room in the hotel itself. All decorative details were integrated into the theme of this traveling wedding: small travel suitcases as gifts for the guests, compasses, and even postcards from cities around the world complemented the venue's ambiance.<\/p><h2 class=\"mb-2 last:mb-0\"><span class=\"ez-toc-section\" id=\"Un_Pastel_que_Cuenta_una_Historia\"><\/span><strong>A Cake that Tells a Story<\/strong><span class=\"ez-toc-section-end\"><\/span><\/h2><p class=\"mb-2 last:mb-0\">The stars of this space were the wedding cake table, with its golden structures, and the cake itself, a true work of art.<\/p><h3 class=\"mb-2 last:mb-0\"><strong>A Unique and Fun Experience<\/strong><\/h3><p class=\"mb-2 last:mb-0\">The couple wanted to gift their guests a unique experience, which is why they chose a themed wedding that was different, original, and very fun. Their happy moments and passions were integrated into their special day\u2014a metaphor for the wonderful journey embarked upon when saying \"I do.\"<\/p><h2 class=\"mb-2 last:mb-0\"><span class=\"ez-toc-section\" id=\"Inspiracion_para_Aventureros_del_Amor\"><\/span><strong>Inspiration for Love Adventurers<\/strong><span class=\"ez-toc-section-end\"><\/span><\/h2><p class=\"mb-2 last:mb-0\">Total inspiration for couples who love adventure and exploring the world hand in hand. What better idea than to design and organize a wedding with a travel theme?<\/p>\t\t\t\t\t<\/div>\r\n\t\t\t\t\t\t\t\t\t\t\t<div class=\"premium-modal-box-modal-footer\">\r\n\t\t\t\t\t\t\t<button type=\"button\" class=\"premium-modal-box-modal-lower-close\" data-dismiss=\"premium-modal\">\r\n\t\t\t\t\t\t\t\tClose\t\t\t\t\t\t\t<\/button>\r\n\t\t\t\t\t\t<\/div>\r\n\t\t\t\t\t\t\t\t\t<\/div>\r\n\t\t\t<\/div>\r\n\t\t<\/div>\r\n\r\n\t\t\t\t\t\t<\/div>\n\t\t\t\t<\/div>\n\t\t\t\t<\/div>\n\t\t<div class=\"elementor-element elementor-element-110bd046 e-con-full e-flex e-con e-child\" data-id=\"110bd046\" data-element_type=\"container\">\n\t\t\t\t<div class=\"elementor-element elementor-element-15c0631b elementor-hidden-mobile elementor-widget elementor-widget-image\" data-id=\"15c0631b\" data-element_type=\"widget\" data-widget_type=\"image.default\">\n\t\t\t\t<div class=\"elementor-widget-container\">\n\t\t\t\t\t\t\t\t\t\t\t\t\t\t\t<img decoding=\"async\" width=\"683\" height=\"1024\" src=\"https:\/\/airedefiestacuba.com\/wp-content\/uploads\/2024\/02\/thematic-wedding-ceremony-celebration-1-683x1024.jpg\" class=\"attachment-large size-large wp-image-3599\" alt=\"Rice toss as the couple exits at an outdoor themed wedding.\" srcset=\"https:\/\/airedefiestacuba.com\/wp-content\/uploads\/2024\/02\/thematic-wedding-ceremony-celebration-1-683x1024.jpg 683w, https:\/\/airedefiestacuba.com\/wp-content\/uploads\/2024\/02\/thematic-wedding-ceremony-celebration-1-200x300.jpg 200w, https:\/\/airedefiestacuba.com\/wp-content\/uploads\/2024\/02\/thematic-wedding-ceremony-celebration-1-8x12.jpg 8w, https:\/\/airedefiestacuba.com\/wp-content\/uploads\/2024\/02\/thematic-wedding-ceremony-celebration-1.jpg 720w\" sizes=\"(max-width: 683px) 100vw, 683px\" \/>\t\t\t\t\t\t\t\t\t\t\t\t\t\t\t<\/div>\n\t\t\t\t<\/div>\n\t\t\t\t<\/div>\n\t\t\t\t<\/div>\n\t\t<div class=\"elementor-element elementor-element-dc1014 e-flex e-con-boxed e-con e-parent\" data-id=\"dc1014\" data-element_type=\"container\">\n\t\t\t\t\t<div class=\"e-con-inner\">\n\t\t<div class=\"elementor-element elementor-element-492ec36f e-con-full e-flex e-con e-child\" data-id=\"492ec36f\" data-element_type=\"container\">\n\t\t\t\t<\/div>\n\t\t<div class=\"elementor-element elementor-element-8ee49a0 e-con-full e-flex e-con e-child\" data-id=\"8ee49a0\" data-element_type=\"container\">\n\t\t\t\t<div class=\"elementor-element elementor-element-50d7f80a elementor-widget__width-initial provider elementor-widget elementor-widget-text-editor\" data-id=\"50d7f80a\" data-element_type=\"widget\" data-widget_type=\"text-editor.default\">\n\t\t\t\t<div class=\"elementor-widget-container\">\n\t\t\t\t\t\t\t\t\t<h2 class=\"proveedores-titulo\"><span class=\"ez-toc-section\" id=\"Proveedores\"><\/span>Suppliers:<span class=\"ez-toc-section-end\"><\/span><\/h2>\n<h3>Coordination, Decoration, and Floristry:<\/h3>\n<p><a href=\"https:\/\/airedefiestacuba.com\/en\/contacto\/\">Aire de Fiesta<\/a><\/p>\n<h3>Stylist:<\/h3>\n<p>Aida Style<\/p>\n<h3>Location:<\/h3>\n<p><a href=\"https:\/\/hotelnacionaldecuba.com\/\">Hotel Nacional de Cuba<\/a><\/p>\n<h3>Photography:<\/h3>\n<p>Ivan Botello<\/p>\n<p>\u00a0<\/p>\n<p>\u00a0<\/p>\t\t\t\t\t\t\t\t<\/div>\n\t\t\t\t<\/div>\n\t\t\t\t<\/div>\n\t\t\t\t\t<\/div>\n\t\t\t\t<\/div>\n\t\t<div class=\"elementor-element elementor-element-142eaada e-flex e-con-boxed e-con e-parent\" data-id=\"142eaada\" data-element_type=\"container\">\n\t\t\t\t\t<div class=\"e-con-inner\">\n\t\t\t\t<div class=\"elementor-element elementor-element-543acd21 elementor-widget elementor-widget-video\" data-id=\"543acd21\" data-element_type=\"widget\" data-settings=\"{&quot;youtube_url&quot;:&quot;https:\\\/\\\/youtu.be\\\/oXFVN09qx3w&quot;,&quot;video_type&quot;:&quot;youtube&quot;,&quot;controls&quot;:&quot;yes&quot;}\" data-widget_type=\"video.default\">\n\t\t\t\t<div class=\"elementor-widget-container\">\n\t\t\t\t\t\t\t<div class=\"elementor-wrapper elementor-open-inline\">\n\t\t\t<div class=\"elementor-video\"><\/div>\t\t<\/div>\n\t\t\t\t\t\t<\/div>\n\t\t\t\t<\/div>\n\t\t\t\t\t<\/div>\n\t\t\t\t<\/div>\n\t\t<div class=\"elementor-element elementor-element-22486758 e-flex e-con-boxed e-con e-parent\" data-id=\"22486758\" data-element_type=\"container\">\n\t\t\t\t\t<div class=\"e-con-inner\">\n\t\t<div class=\"elementor-element elementor-element-3cb724d3 e-con-full e-flex e-con e-child\" data-id=\"3cb724d3\" data-element_type=\"container\">\n\t\t\t\t<div class=\"elementor-element elementor-element-1a14ec77 elementor-widget elementor-widget-image\" data-id=\"1a14ec77\" data-element_type=\"widget\" data-widget_type=\"image.default\">\n\t\t\t\t<div class=\"elementor-widget-container\">\n\t\t\t\t\t\t\t\t\t\t\t\t\t\t\t<img decoding=\"async\" width=\"683\" height=\"1024\" src=\"https:\/\/airedefiestacuba.com\/wp-content\/uploads\/2024\/02\/bride-writing-vows-themed-wedding-683x1024.jpg\" class=\"attachment-large size-large wp-image-3578\" alt=\"Bride writing her vows during the preparations for her themed wedding.\" srcset=\"https:\/\/airedefiestacuba.com\/wp-content\/uploads\/2024\/02\/bride-writing-vows-themed-wedding-683x1024.jpg 683w, https:\/\/airedefiestacuba.com\/wp-content\/uploads\/2024\/02\/bride-writing-vows-themed-wedding-200x300.jpg 200w, https:\/\/airedefiestacuba.com\/wp-content\/uploads\/2024\/02\/bride-writing-vows-themed-wedding-8x12.jpg 8w, https:\/\/airedefiestacuba.com\/wp-content\/uploads\/2024\/02\/bride-writing-vows-themed-wedding.jpg 720w\" sizes=\"(max-width: 683px) 100vw, 683px\" \/>\t\t\t\t\t\t\t\t\t\t\t\t\t\t\t<\/div>\n\t\t\t\t<\/div>\n\t\t\t\t<\/div>\n\t\t<div class=\"elementor-element elementor-element-e5698a5 e-con-full e-flex e-con e-child\" data-id=\"e5698a5\" data-element_type=\"container\">\n\t\t\t\t<div class=\"elementor-element elementor-element-4f30eb6 elementor-widget elementor-widget-image\" data-id=\"4f30eb6\" data-element_type=\"widget\" data-widget_type=\"image.default\">\n\t\t\t\t<div class=\"elementor-widget-container\">\n\t\t\t\t\t\t\t\t\t\t\t\t\t\t\t<img loading=\"lazy\" decoding=\"async\" width=\"683\" height=\"1024\" src=\"https:\/\/airedefiestacuba.com\/wp-content\/uploads\/2024\/02\/bridal-bouquet-travel-themed-wedding-683x1024.jpg\" class=\"attachment-large size-large wp-image-3575\" alt=\"Bridal bouquet with white and pink flowers at a themed wedding.\" srcset=\"https:\/\/airedefiestacuba.com\/wp-content\/uploads\/2024\/02\/bridal-bouquet-travel-themed-wedding-683x1024.jpg 683w, https:\/\/airedefiestacuba.com\/wp-content\/uploads\/2024\/02\/bridal-bouquet-travel-themed-wedding-200x300.jpg 200w, https:\/\/airedefiestacuba.com\/wp-content\/uploads\/2024\/02\/bridal-bouquet-travel-themed-wedding-8x12.jpg 8w, https:\/\/airedefiestacuba.com\/wp-content\/uploads\/2024\/02\/bridal-bouquet-travel-themed-wedding.jpg 720w\" sizes=\"(max-width: 683px) 100vw, 683px\" \/>\t\t\t\t\t\t\t\t\t\t\t\t\t\t\t<\/div>\n\t\t\t\t<\/div>\n\t\t\t\t<\/div>\n\t\t\t\t\t<\/div>\n\t\t\t\t<\/div>\n\t\t<div class=\"elementor-element elementor-element-1dff158 e-flex e-con-boxed e-con e-parent\" data-id=\"1dff158\" data-element_type=\"container\">\n\t\t\t\t\t<div class=\"e-con-inner\">\n\t\t<div class=\"elementor-element elementor-element-c81d054 e-con-full e-flex e-con e-child\" data-id=\"c81d054\" data-element_type=\"container\">\n\t\t\t\t<div class=\"elementor-element elementor-element-562057c elementor-widget elementor-widget-image\" data-id=\"562057c\" data-element_type=\"widget\" data-widget_type=\"image.default\">\n\t\t\t\t<div class=\"elementor-widget-container\">\n\t\t\t\t\t\t\t\t\t\t\t\t\t\t\t<img loading=\"lazy\" decoding=\"async\" width=\"683\" height=\"1024\" src=\"https:\/\/airedefiestacuba.com\/wp-content\/uploads\/2024\/02\/maria-wedding-bouquet-themed-wedding-683x1024.jpg\" class=\"attachment-large size-large wp-image-3582\" alt=\"Mar\u00eda with her bridal bouquet before heading to the ceremony of her themed wedding.\" srcset=\"https:\/\/airedefiestacuba.com\/wp-content\/uploads\/2024\/02\/maria-wedding-bouquet-themed-wedding-683x1024.jpg 683w, https:\/\/airedefiestacuba.com\/wp-content\/uploads\/2024\/02\/maria-wedding-bouquet-themed-wedding-200x300.jpg 200w, https:\/\/airedefiestacuba.com\/wp-content\/uploads\/2024\/02\/maria-wedding-bouquet-themed-wedding-8x12.jpg 8w, https:\/\/airedefiestacuba.com\/wp-content\/uploads\/2024\/02\/maria-wedding-bouquet-themed-wedding.jpg 720w\" sizes=\"(max-width: 683px) 100vw, 683px\" \/>\t\t\t\t\t\t\t\t\t\t\t\t\t\t\t<\/div>\n\t\t\t\t<\/div>\n\t\t\t\t<\/div>\n\t\t<div class=\"elementor-element elementor-element-2c3d5eb e-con-full e-flex e-con e-child\" data-id=\"2c3d5eb\" data-element_type=\"container\">\n\t\t\t\t<div class=\"elementor-element elementor-element-f8e3d5d elementor-widget elementor-widget-image\" data-id=\"f8e3d5d\" data-element_type=\"widget\" data-widget_type=\"image.default\">\n\t\t\t\t<div class=\"elementor-widget-container\">\n\t\t\t\t\t\t\t\t\t\t\t\t\t\t\t<img loading=\"lazy\" decoding=\"async\" width=\"683\" height=\"1024\" src=\"https:\/\/airedefiestacuba.com\/wp-content\/uploads\/2024\/02\/bridal-portrait-themed-wedding-preparations-683x1024.jpg\" class=\"attachment-large size-large wp-image-3583\" alt=\"Close-up of Mar\u00eda with her bouquet during the preparations for her themed wedding.\" srcset=\"https:\/\/airedefiestacuba.com\/wp-content\/uploads\/2024\/02\/bridal-portrait-themed-wedding-preparations-683x1024.jpg 683w, https:\/\/airedefiestacuba.com\/wp-content\/uploads\/2024\/02\/bridal-portrait-themed-wedding-preparations-200x300.jpg 200w, https:\/\/airedefiestacuba.com\/wp-content\/uploads\/2024\/02\/bridal-portrait-themed-wedding-preparations-8x12.jpg 8w, https:\/\/airedefiestacuba.com\/wp-content\/uploads\/2024\/02\/bridal-portrait-themed-wedding-preparations.jpg 720w\" sizes=\"(max-width: 683px) 100vw, 683px\" \/>\t\t\t\t\t\t\t\t\t\t\t\t\t\t\t<\/div>\n\t\t\t\t<\/div>\n\t\t\t\t<\/div>\n\t\t\t\t\t<\/div>\n\t\t\t\t<\/div>\n\t\t<div class=\"elementor-element elementor-element-1b293067 e-flex e-con-boxed e-con e-parent\" data-id=\"1b293067\" data-element_type=\"container\">\n\t\t\t\t\t<div class=\"e-con-inner\">\n\t\t\t\t<div class=\"elementor-element elementor-element-1fe42966 elementor-widget elementor-widget-image\" data-id=\"1fe42966\" data-element_type=\"widget\" data-widget_type=\"image.default\">\n\t\t\t\t<div class=\"elementor-widget-container\">\n\t\t\t\t\t\t\t\t\t\t\t\t\t\t\t<img loading=\"lazy\" decoding=\"async\" width=\"1080\" height=\"720\" src=\"https:\/\/airedefiestacuba.com\/wp-content\/uploads\/2024\/02\/groom-details-boutonniere-wedding-rings.jpg\" class=\"attachment-full size-full wp-image-3574\" alt=\"White boutonniere with wedding rings on a suitcase.\" srcset=\"https:\/\/airedefiestacuba.com\/wp-content\/uploads\/2024\/02\/groom-details-boutonniere-wedding-rings.jpg 1080w, https:\/\/airedefiestacuba.com\/wp-content\/uploads\/2024\/02\/groom-details-boutonniere-wedding-rings-300x200.jpg 300w, https:\/\/airedefiestacuba.com\/wp-content\/uploads\/2024\/02\/groom-details-boutonniere-wedding-rings-1024x683.jpg 1024w, https:\/\/airedefiestacuba.com\/wp-content\/uploads\/2024\/02\/groom-details-boutonniere-wedding-rings-768x512.jpg 768w, https:\/\/airedefiestacuba.com\/wp-content\/uploads\/2024\/02\/groom-details-boutonniere-wedding-rings-18x12.jpg 18w\" sizes=\"(max-width: 1080px) 100vw, 1080px\" \/>\t\t\t\t\t\t\t\t\t\t\t\t\t\t\t<\/div>\n\t\t\t\t<\/div>\n\t\t\t\t\t<\/div>\n\t\t\t\t<\/div>\n\t\t<div class=\"elementor-element elementor-element-b2ac6d1 e-flex e-con-boxed e-con e-parent\" data-id=\"b2ac6d1\" data-element_type=\"container\">\n\t\t\t\t\t<div class=\"e-con-inner\">\n\t\t\t\t<div class=\"elementor-element elementor-element-3cb57ec elementor-widget elementor-widget-image\" data-id=\"3cb57ec\" data-element_type=\"widget\" data-widget_type=\"image.default\">\n\t\t\t\t<div class=\"elementor-widget-container\">\n\t\t\t\t\t\t\t\t\t\t\t\t\t\t\t<img loading=\"lazy\" decoding=\"async\" width=\"1080\" height=\"720\" src=\"https:\/\/airedefiestacuba.com\/wp-content\/uploads\/2024\/02\/wedding-bracelet-mother-themed-wedding.jpg\" class=\"attachment-full size-full wp-image-3581\" alt=\"The bride\u2019s mother adjusts the bracelet before the ceremony at this themed wedding.\" srcset=\"https:\/\/airedefiestacuba.com\/wp-content\/uploads\/2024\/02\/wedding-bracelet-mother-themed-wedding.jpg 1080w, https:\/\/airedefiestacuba.com\/wp-content\/uploads\/2024\/02\/wedding-bracelet-mother-themed-wedding-300x200.jpg 300w, https:\/\/airedefiestacuba.com\/wp-content\/uploads\/2024\/02\/wedding-bracelet-mother-themed-wedding-1024x683.jpg 1024w, https:\/\/airedefiestacuba.com\/wp-content\/uploads\/2024\/02\/wedding-bracelet-mother-themed-wedding-768x512.jpg 768w, https:\/\/airedefiestacuba.com\/wp-content\/uploads\/2024\/02\/wedding-bracelet-mother-themed-wedding-18x12.jpg 18w\" sizes=\"(max-width: 1080px) 100vw, 1080px\" \/>\t\t\t\t\t\t\t\t\t\t\t\t\t\t\t<\/div>\n\t\t\t\t<\/div>\n\t\t\t\t\t<\/div>\n\t\t\t\t<\/div>\n\t\t<div class=\"elementor-element elementor-element-ee75e37 e-flex e-con-boxed e-con e-parent\" data-id=\"ee75e37\" data-element_type=\"container\">\n\t\t\t\t\t<div class=\"e-con-inner\">\n\t\t\t\t<div class=\"elementor-element elementor-element-493301c elementor-widget elementor-widget-image\" data-id=\"493301c\" data-element_type=\"widget\" data-widget_type=\"image.default\">\n\t\t\t\t<div class=\"elementor-widget-container\">\n\t\t\t\t\t\t\t\t\t\t\t\t\t\t\t<img loading=\"lazy\" decoding=\"async\" width=\"1080\" height=\"720\" src=\"https:\/\/airedefiestacuba.com\/wp-content\/uploads\/2024\/02\/groom-preparations-father-helping-shirt-1.jpg\" class=\"attachment-full size-full wp-image-3580\" alt=\"Pap\u00e1 del novio ajust\u00e1ndole la camisa durante los preparativos\" srcset=\"https:\/\/airedefiestacuba.com\/wp-content\/uploads\/2024\/02\/groom-preparations-father-helping-shirt-1.jpg 1080w, https:\/\/airedefiestacuba.com\/wp-content\/uploads\/2024\/02\/groom-preparations-father-helping-shirt-1-300x200.jpg 300w, https:\/\/airedefiestacuba.com\/wp-content\/uploads\/2024\/02\/groom-preparations-father-helping-shirt-1-1024x683.jpg 1024w, https:\/\/airedefiestacuba.com\/wp-content\/uploads\/2024\/02\/groom-preparations-father-helping-shirt-1-768x512.jpg 768w, https:\/\/airedefiestacuba.com\/wp-content\/uploads\/2024\/02\/groom-preparations-father-helping-shirt-1-18x12.jpg 18w\" sizes=\"(max-width: 1080px) 100vw, 1080px\" \/>\t\t\t\t\t\t\t\t\t\t\t\t\t\t\t<\/div>\n\t\t\t\t<\/div>\n\t\t\t\t\t<\/div>\n\t\t\t\t<\/div>\n\t\t<div class=\"elementor-element elementor-element-be92f13 e-flex e-con-boxed e-con e-parent\" data-id=\"be92f13\" data-element_type=\"container\">\n\t\t\t\t\t<div class=\"e-con-inner\">\n\t\t\t\t<div class=\"elementor-element elementor-element-6564faf elementor-widget elementor-widget-image\" data-id=\"6564faf\" data-element_type=\"widget\" data-widget_type=\"image.default\">\n\t\t\t\t<div class=\"elementor-widget-container\">\n\t\t\t\t\t\t\t\t\t\t\t\t\t\t\t<img loading=\"lazy\" decoding=\"async\" width=\"1080\" height=\"720\" src=\"https:\/\/airedefiestacuba.com\/wp-content\/uploads\/2024\/02\/groom-writing-wedding-vows-theme-wedding.jpg\" class=\"attachment-full size-full wp-image-3579\" alt=\"Novio escribiendo a mano sus votos antes de la ceremonia\" srcset=\"https:\/\/airedefiestacuba.com\/wp-content\/uploads\/2024\/02\/groom-writing-wedding-vows-theme-wedding.jpg 1080w, https:\/\/airedefiestacuba.com\/wp-content\/uploads\/2024\/02\/groom-writing-wedding-vows-theme-wedding-300x200.jpg 300w, https:\/\/airedefiestacuba.com\/wp-content\/uploads\/2024\/02\/groom-writing-wedding-vows-theme-wedding-1024x683.jpg 1024w, https:\/\/airedefiestacuba.com\/wp-content\/uploads\/2024\/02\/groom-writing-wedding-vows-theme-wedding-768x512.jpg 768w, https:\/\/airedefiestacuba.com\/wp-content\/uploads\/2024\/02\/groom-writing-wedding-vows-theme-wedding-18x12.jpg 18w\" sizes=\"(max-width: 1080px) 100vw, 1080px\" \/>\t\t\t\t\t\t\t\t\t\t\t\t\t\t\t<\/div>\n\t\t\t\t<\/div>\n\t\t\t\t\t<\/div>\n\t\t\t\t<\/div>\n\t\t<div class=\"elementor-element elementor-element-c6c1f80 e-flex e-con-boxed e-con e-parent\" data-id=\"c6c1f80\" data-element_type=\"container\">\n\t\t\t\t\t<div class=\"e-con-inner\">\n\t\t<div class=\"elementor-element elementor-element-7a61d74 e-con-full e-flex e-con e-child\" data-id=\"7a61d74\" data-element_type=\"container\">\n\t\t\t\t<div class=\"elementor-element elementor-element-bc130e8 elementor-widget elementor-widget-image\" data-id=\"bc130e8\" data-element_type=\"widget\" data-widget_type=\"image.default\">\n\t\t\t\t<div class=\"elementor-widget-container\">\n\t\t\t\t\t\t\t\t\t\t\t\t\t\t\t<img loading=\"lazy\" decoding=\"async\" width=\"683\" height=\"1024\" src=\"https:\/\/airedefiestacuba.com\/wp-content\/uploads\/2024\/02\/first-look-beach-wedding-smile-groom-683x1024.jpg\" class=\"attachment-large size-large wp-image-3584\" alt=\"El novio sonr\u00ede mientras espera a la novia durante el first look\" srcset=\"https:\/\/airedefiestacuba.com\/wp-content\/uploads\/2024\/02\/first-look-beach-wedding-smile-groom-683x1024.jpg 683w, https:\/\/airedefiestacuba.com\/wp-content\/uploads\/2024\/02\/first-look-beach-wedding-smile-groom-200x300.jpg 200w, https:\/\/airedefiestacuba.com\/wp-content\/uploads\/2024\/02\/first-look-beach-wedding-smile-groom-8x12.jpg 8w, https:\/\/airedefiestacuba.com\/wp-content\/uploads\/2024\/02\/first-look-beach-wedding-smile-groom.jpg 720w\" sizes=\"(max-width: 683px) 100vw, 683px\" \/>\t\t\t\t\t\t\t\t\t\t\t\t\t\t\t<\/div>\n\t\t\t\t<\/div>\n\t\t\t\t<\/div>\n\t\t<div class=\"elementor-element elementor-element-2667b6f e-con-full e-flex e-con e-child\" data-id=\"2667b6f\" data-element_type=\"container\">\n\t\t\t\t<div class=\"elementor-element elementor-element-2c3398d elementor-widget elementor-widget-image\" data-id=\"2c3398d\" data-element_type=\"widget\" data-widget_type=\"image.default\">\n\t\t\t\t<div class=\"elementor-widget-container\">\n\t\t\t\t\t\t\t\t\t\t\t\t\t\t\t<img loading=\"lazy\" decoding=\"async\" width=\"683\" height=\"1024\" src=\"https:\/\/airedefiestacuba.com\/wp-content\/uploads\/2024\/02\/first-look-bride-reaction-wedding-theme-683x1024.jpg\" class=\"attachment-large size-large wp-image-3585\" alt=\"La novia sonr\u00ede emocionada mientras el novio la recibe con los brazos abiertos\" srcset=\"https:\/\/airedefiestacuba.com\/wp-content\/uploads\/2024\/02\/first-look-bride-reaction-wedding-theme-683x1024.jpg 683w, https:\/\/airedefiestacuba.com\/wp-content\/uploads\/2024\/02\/first-look-bride-reaction-wedding-theme-200x300.jpg 200w, https:\/\/airedefiestacuba.com\/wp-content\/uploads\/2024\/02\/first-look-bride-reaction-wedding-theme-8x12.jpg 8w, https:\/\/airedefiestacuba.com\/wp-content\/uploads\/2024\/02\/first-look-bride-reaction-wedding-theme.jpg 720w\" sizes=\"(max-width: 683px) 100vw, 683px\" \/>\t\t\t\t\t\t\t\t\t\t\t\t\t\t\t<\/div>\n\t\t\t\t<\/div>\n\t\t\t\t<\/div>\n\t\t\t\t\t<\/div>\n\t\t\t\t<\/div>\n\t\t<div class=\"elementor-element elementor-element-50ab572 e-flex e-con-boxed e-con e-parent\" data-id=\"50ab572\" data-element_type=\"container\">\n\t\t\t\t\t<div class=\"e-con-inner\">\n\t\t<div class=\"elementor-element elementor-element-912b1cd e-con-full e-flex e-con e-child\" data-id=\"912b1cd\" data-element_type=\"container\">\n\t\t\t\t<div class=\"elementor-element elementor-element-cc7498f elementor-widget elementor-widget-image\" data-id=\"cc7498f\" data-element_type=\"widget\" data-widget_type=\"image.default\">\n\t\t\t\t<div class=\"elementor-widget-container\">\n\t\t\t\t\t\t\t\t\t\t\t\t\t\t\t<img loading=\"lazy\" decoding=\"async\" width=\"683\" height=\"1024\" src=\"https:\/\/airedefiestacuba.com\/wp-content\/uploads\/2024\/02\/vintage-wedding-ceremony-flower-bike-detail-683x1024.jpg\" class=\"attachment-large size-large wp-image-3587\" alt=\"Cesta con flores frescas en la parte trasera de una bicicleta\" srcset=\"https:\/\/airedefiestacuba.com\/wp-content\/uploads\/2024\/02\/vintage-wedding-ceremony-flower-bike-detail-683x1024.jpg 683w, https:\/\/airedefiestacuba.com\/wp-content\/uploads\/2024\/02\/vintage-wedding-ceremony-flower-bike-detail-200x300.jpg 200w, https:\/\/airedefiestacuba.com\/wp-content\/uploads\/2024\/02\/vintage-wedding-ceremony-flower-bike-detail-8x12.jpg 8w, https:\/\/airedefiestacuba.com\/wp-content\/uploads\/2024\/02\/vintage-wedding-ceremony-flower-bike-detail.jpg 720w\" sizes=\"(max-width: 683px) 100vw, 683px\" \/>\t\t\t\t\t\t\t\t\t\t\t\t\t\t\t<\/div>\n\t\t\t\t<\/div>\n\t\t\t\t<\/div>\n\t\t<div class=\"elementor-element elementor-element-f89b843 e-con-full e-flex e-con e-child\" data-id=\"f89b843\" data-element_type=\"container\">\n\t\t\t\t<div class=\"elementor-element elementor-element-9f34309 elementor-widget elementor-widget-image\" data-id=\"9f34309\" data-element_type=\"widget\" data-widget_type=\"image.default\">\n\t\t\t\t<div class=\"elementor-widget-container\">\n\t\t\t\t\t\t\t\t\t\t\t\t\t\t\t<img loading=\"lazy\" decoding=\"async\" width=\"683\" height=\"1024\" src=\"https:\/\/airedefiestacuba.com\/wp-content\/uploads\/2024\/02\/vintage-suitcase-flower-wedding-ceremony-decor-683x1024.jpg\" class=\"attachment-large size-large wp-image-3588\" alt=\"Maleta antigua decorada con flores y letrero \u201cHappy\u201d en boda tem\u00e1tica\" srcset=\"https:\/\/airedefiestacuba.com\/wp-content\/uploads\/2024\/02\/vintage-suitcase-flower-wedding-ceremony-decor-683x1024.jpg 683w, https:\/\/airedefiestacuba.com\/wp-content\/uploads\/2024\/02\/vintage-suitcase-flower-wedding-ceremony-decor-200x300.jpg 200w, https:\/\/airedefiestacuba.com\/wp-content\/uploads\/2024\/02\/vintage-suitcase-flower-wedding-ceremony-decor-8x12.jpg 8w, https:\/\/airedefiestacuba.com\/wp-content\/uploads\/2024\/02\/vintage-suitcase-flower-wedding-ceremony-decor.jpg 720w\" sizes=\"(max-width: 683px) 100vw, 683px\" \/>\t\t\t\t\t\t\t\t\t\t\t\t\t\t\t<\/div>\n\t\t\t\t<\/div>\n\t\t\t\t<\/div>\n\t\t\t\t\t<\/div>\n\t\t\t\t<\/div>\n\t\t<div class=\"elementor-element elementor-element-8340da0 e-flex e-con-boxed e-con e-parent\" data-id=\"8340da0\" data-element_type=\"container\">\n\t\t\t\t\t<div class=\"e-con-inner\">\n\t\t<div class=\"elementor-element elementor-element-09432eb e-con-full e-flex e-con e-child\" data-id=\"09432eb\" data-element_type=\"container\">\n\t\t\t\t<div class=\"elementor-element elementor-element-8d55dda elementor-widget elementor-widget-image\" data-id=\"8d55dda\" data-element_type=\"widget\" data-widget_type=\"image.default\">\n\t\t\t\t<div class=\"elementor-widget-container\">\n\t\t\t\t\t\t\t\t\t\t\t\t\t\t\t<img loading=\"lazy\" decoding=\"async\" width=\"683\" height=\"1024\" src=\"https:\/\/airedefiestacuba.com\/wp-content\/uploads\/2024\/02\/thematic-beach-wedding-ceremony-hotel-nacional-683x1024.jpg\" class=\"attachment-large size-large wp-image-3589\" alt=\"Decoraci\u00f3n colorida de boda tem\u00e1tica frente al mar en el Hotel Nacional de Cuba\" srcset=\"https:\/\/airedefiestacuba.com\/wp-content\/uploads\/2024\/02\/thematic-beach-wedding-ceremony-hotel-nacional-683x1024.jpg 683w, https:\/\/airedefiestacuba.com\/wp-content\/uploads\/2024\/02\/thematic-beach-wedding-ceremony-hotel-nacional-200x300.jpg 200w, https:\/\/airedefiestacuba.com\/wp-content\/uploads\/2024\/02\/thematic-beach-wedding-ceremony-hotel-nacional-8x12.jpg 8w, https:\/\/airedefiestacuba.com\/wp-content\/uploads\/2024\/02\/thematic-beach-wedding-ceremony-hotel-nacional.jpg 720w\" sizes=\"(max-width: 683px) 100vw, 683px\" \/>\t\t\t\t\t\t\t\t\t\t\t\t\t\t\t<\/div>\n\t\t\t\t<\/div>\n\t\t\t\t<\/div>\n\t\t<div class=\"elementor-element elementor-element-275108c e-con-full e-flex e-con e-child\" data-id=\"275108c\" data-element_type=\"container\">\n\t\t\t\t<div class=\"elementor-element elementor-element-761b959 elementor-widget elementor-widget-image\" data-id=\"761b959\" data-element_type=\"widget\" data-widget_type=\"image.default\">\n\t\t\t\t<div class=\"elementor-widget-container\">\n\t\t\t\t\t\t\t\t\t\t\t\t\t\t\t<img loading=\"lazy\" decoding=\"async\" width=\"683\" height=\"1024\" src=\"https:\/\/airedefiestacuba.com\/wp-content\/uploads\/2024\/02\/wedding-theme-details-globe-flower-decor-683x1024.jpg\" class=\"attachment-large size-large wp-image-3590\" alt=\"Floral arrangement with globe used as decoration at a themed wedding.\" srcset=\"https:\/\/airedefiestacuba.com\/wp-content\/uploads\/2024\/02\/wedding-theme-details-globe-flower-decor-683x1024.jpg 683w, https:\/\/airedefiestacuba.com\/wp-content\/uploads\/2024\/02\/wedding-theme-details-globe-flower-decor-200x300.jpg 200w, https:\/\/airedefiestacuba.com\/wp-content\/uploads\/2024\/02\/wedding-theme-details-globe-flower-decor-8x12.jpg 8w, https:\/\/airedefiestacuba.com\/wp-content\/uploads\/2024\/02\/wedding-theme-details-globe-flower-decor.jpg 720w\" sizes=\"(max-width: 683px) 100vw, 683px\" \/>\t\t\t\t\t\t\t\t\t\t\t\t\t\t\t<\/div>\n\t\t\t\t<\/div>\n\t\t\t\t<\/div>\n\t\t\t\t\t<\/div>\n\t\t\t\t<\/div>\n\t\t<div class=\"elementor-element elementor-element-4e1917b e-flex e-con-boxed e-con e-parent\" data-id=\"4e1917b\" data-element_type=\"container\">\n\t\t\t\t\t<div class=\"e-con-inner\">\n\t\t<div class=\"elementor-element elementor-element-518adc9 e-con-full e-flex e-con e-child\" data-id=\"518adc9\" data-element_type=\"container\">\n\t\t\t\t<div class=\"elementor-element elementor-element-c5cdd7e elementor-widget elementor-widget-image\" data-id=\"c5cdd7e\" data-element_type=\"widget\" data-widget_type=\"image.default\">\n\t\t\t\t<div class=\"elementor-widget-container\">\n\t\t\t\t\t\t\t\t\t\t\t\t\t\t\t<img loading=\"lazy\" decoding=\"async\" width=\"683\" height=\"1024\" src=\"https:\/\/airedefiestacuba.com\/wp-content\/uploads\/2024\/02\/wedding-destination-sign-thematic-wedding-683x1024.jpg\" class=\"attachment-large size-large wp-image-3592\" alt=\"Wooden sign with city names and flowers next to a globe.\" srcset=\"https:\/\/airedefiestacuba.com\/wp-content\/uploads\/2024\/02\/wedding-destination-sign-thematic-wedding-683x1024.jpg 683w, https:\/\/airedefiestacuba.com\/wp-content\/uploads\/2024\/02\/wedding-destination-sign-thematic-wedding-200x300.jpg 200w, https:\/\/airedefiestacuba.com\/wp-content\/uploads\/2024\/02\/wedding-destination-sign-thematic-wedding-8x12.jpg 8w, https:\/\/airedefiestacuba.com\/wp-content\/uploads\/2024\/02\/wedding-destination-sign-thematic-wedding.jpg 720w\" sizes=\"(max-width: 683px) 100vw, 683px\" \/>\t\t\t\t\t\t\t\t\t\t\t\t\t\t\t<\/div>\n\t\t\t\t<\/div>\n\t\t\t\t<\/div>\n\t\t<div class=\"elementor-element elementor-element-c5cd3af e-con-full e-flex e-con e-child\" data-id=\"c5cd3af\" data-element_type=\"container\">\n\t\t\t\t<div class=\"elementor-element elementor-element-f9ef24f elementor-widget elementor-widget-image\" data-id=\"f9ef24f\" data-element_type=\"widget\" data-widget_type=\"image.default\">\n\t\t\t\t<div class=\"elementor-widget-container\">\n\t\t\t\t\t\t\t\t\t\t\t\t\t\t\t<img loading=\"lazy\" decoding=\"async\" width=\"683\" height=\"1024\" src=\"https:\/\/airedefiestacuba.com\/wp-content\/uploads\/2024\/02\/vintage-suitcases-thematic-wedding-decor-683x1024.jpg\" class=\"attachment-large size-large wp-image-3591\" alt=\"Vintage suitcases with flowers, globe, and LOVE sign as part of the ceremony.\" srcset=\"https:\/\/airedefiestacuba.com\/wp-content\/uploads\/2024\/02\/vintage-suitcases-thematic-wedding-decor-683x1024.jpg 683w, https:\/\/airedefiestacuba.com\/wp-content\/uploads\/2024\/02\/vintage-suitcases-thematic-wedding-decor-200x300.jpg 200w, https:\/\/airedefiestacuba.com\/wp-content\/uploads\/2024\/02\/vintage-suitcases-thematic-wedding-decor-8x12.jpg 8w, https:\/\/airedefiestacuba.com\/wp-content\/uploads\/2024\/02\/vintage-suitcases-thematic-wedding-decor.jpg 720w\" sizes=\"(max-width: 683px) 100vw, 683px\" \/>\t\t\t\t\t\t\t\t\t\t\t\t\t\t\t<\/div>\n\t\t\t\t<\/div>\n\t\t\t\t<\/div>\n\t\t\t\t\t<\/div>\n\t\t\t\t<\/div>\n\t\t<div class=\"elementor-element elementor-element-888c218 e-flex e-con-boxed e-con e-parent\" data-id=\"888c218\" data-element_type=\"container\">\n\t\t\t\t\t<div class=\"e-con-inner\">\n\t\t\t\t<div class=\"elementor-element elementor-element-64e9fe9 elementor-widget elementor-widget-image\" data-id=\"64e9fe9\" data-element_type=\"widget\" data-widget_type=\"image.default\">\n\t\t\t\t<div class=\"elementor-widget-container\">\n\t\t\t\t\t\t\t\t\t\t\t\t\t\t\t<img loading=\"lazy\" decoding=\"async\" width=\"1080\" height=\"720\" src=\"https:\/\/airedefiestacuba.com\/wp-content\/uploads\/2024\/02\/themed-wedding-seaside-ceremony-havana.jpg\" class=\"attachment-full size-full wp-image-3593\" alt=\"Ceremony d\u00e9cor by the sea with a floral altar and rustic benches for a themed wedding.\" srcset=\"https:\/\/airedefiestacuba.com\/wp-content\/uploads\/2024\/02\/themed-wedding-seaside-ceremony-havana.jpg 1080w, https:\/\/airedefiestacuba.com\/wp-content\/uploads\/2024\/02\/themed-wedding-seaside-ceremony-havana-300x200.jpg 300w, https:\/\/airedefiestacuba.com\/wp-content\/uploads\/2024\/02\/themed-wedding-seaside-ceremony-havana-1024x683.jpg 1024w, https:\/\/airedefiestacuba.com\/wp-content\/uploads\/2024\/02\/themed-wedding-seaside-ceremony-havana-768x512.jpg 768w, https:\/\/airedefiestacuba.com\/wp-content\/uploads\/2024\/02\/themed-wedding-seaside-ceremony-havana-18x12.jpg 18w\" sizes=\"(max-width: 1080px) 100vw, 1080px\" \/>\t\t\t\t\t\t\t\t\t\t\t\t\t\t\t<\/div>\n\t\t\t\t<\/div>\n\t\t\t\t\t<\/div>\n\t\t\t\t<\/div>\n\t\t<div class=\"elementor-element elementor-element-ef03c6b e-flex e-con-boxed e-con e-parent\" data-id=\"ef03c6b\" data-element_type=\"container\">\n\t\t\t\t\t<div class=\"e-con-inner\">\n\t\t\t\t<div class=\"elementor-element elementor-element-6bc93fd elementor-widget elementor-widget-image\" data-id=\"6bc93fd\" data-element_type=\"widget\" data-widget_type=\"image.default\">\n\t\t\t\t<div class=\"elementor-widget-container\">\n\t\t\t\t\t\t\t\t\t\t\t\t\t\t\t<img loading=\"lazy\" decoding=\"async\" width=\"1080\" height=\"720\" src=\"https:\/\/airedefiestacuba.com\/wp-content\/uploads\/2024\/02\/floral-details-themed-wedding-ceremony.jpg\" class=\"attachment-full size-full wp-image-3594\" alt=\"Floral arrangements next to the benches along the aisle to the ceremony of a themed wedding.\" srcset=\"https:\/\/airedefiestacuba.com\/wp-content\/uploads\/2024\/02\/floral-details-themed-wedding-ceremony.jpg 1080w, https:\/\/airedefiestacuba.com\/wp-content\/uploads\/2024\/02\/floral-details-themed-wedding-ceremony-300x200.jpg 300w, https:\/\/airedefiestacuba.com\/wp-content\/uploads\/2024\/02\/floral-details-themed-wedding-ceremony-1024x683.jpg 1024w, https:\/\/airedefiestacuba.com\/wp-content\/uploads\/2024\/02\/floral-details-themed-wedding-ceremony-768x512.jpg 768w, https:\/\/airedefiestacuba.com\/wp-content\/uploads\/2024\/02\/floral-details-themed-wedding-ceremony-18x12.jpg 18w\" sizes=\"(max-width: 1080px) 100vw, 1080px\" \/>\t\t\t\t\t\t\t\t\t\t\t\t\t\t\t<\/div>\n\t\t\t\t<\/div>\n\t\t\t\t\t<\/div>\n\t\t\t\t<\/div>\n\t\t<div class=\"elementor-element elementor-element-61dbe66 e-flex e-con-boxed e-con e-parent\" data-id=\"61dbe66\" data-element_type=\"container\">\n\t\t\t\t\t<div class=\"e-con-inner\">\n\t\t\t\t<div class=\"elementor-element elementor-element-b0acb0a elementor-widget elementor-widget-image\" data-id=\"b0acb0a\" data-element_type=\"widget\" data-widget_type=\"image.default\">\n\t\t\t\t<div class=\"elementor-widget-container\">\n\t\t\t\t\t\t\t\t\t\t\t\t\t\t\t<img loading=\"lazy\" decoding=\"async\" width=\"1080\" height=\"720\" src=\"https:\/\/airedefiestacuba.com\/wp-content\/uploads\/2024\/02\/thematic-wedding-bride-groom-walking-aisle.jpg\" class=\"attachment-full size-full wp-image-3586\" alt=\"Bride and groom walking to the altar during their outdoor themed wedding.\" srcset=\"https:\/\/airedefiestacuba.com\/wp-content\/uploads\/2024\/02\/thematic-wedding-bride-groom-walking-aisle.jpg 1080w, https:\/\/airedefiestacuba.com\/wp-content\/uploads\/2024\/02\/thematic-wedding-bride-groom-walking-aisle-300x200.jpg 300w, https:\/\/airedefiestacuba.com\/wp-content\/uploads\/2024\/02\/thematic-wedding-bride-groom-walking-aisle-1024x683.jpg 1024w, https:\/\/airedefiestacuba.com\/wp-content\/uploads\/2024\/02\/thematic-wedding-bride-groom-walking-aisle-768x512.jpg 768w, https:\/\/airedefiestacuba.com\/wp-content\/uploads\/2024\/02\/thematic-wedding-bride-groom-walking-aisle-18x12.jpg 18w\" sizes=\"(max-width: 1080px) 100vw, 1080px\" \/>\t\t\t\t\t\t\t\t\t\t\t\t\t\t\t<\/div>\n\t\t\t\t<\/div>\n\t\t\t\t\t<\/div>\n\t\t\t\t<\/div>\n\t\t<div class=\"elementor-element elementor-element-b498779 e-flex e-con-boxed e-con e-parent\" data-id=\"b498779\" data-element_type=\"container\">\n\t\t\t\t\t<div class=\"e-con-inner\">\n\t\t\t\t<div class=\"elementor-element elementor-element-99a18ed elementor-widget elementor-widget-image\" data-id=\"99a18ed\" data-element_type=\"widget\" data-widget_type=\"image.default\">\n\t\t\t\t<div class=\"elementor-widget-container\">\n\t\t\t\t\t\t\t\t\t\t\t\t\t\t\t<img loading=\"lazy\" decoding=\"async\" width=\"1080\" height=\"720\" src=\"https:\/\/airedefiestacuba.com\/wp-content\/uploads\/2024\/02\/thematic-wedding-ceremony-officiant-couple-1.jpg\" class=\"attachment-full size-full wp-image-3595\" alt=\"Bride and groom in front of the officiant at their outdoor themed wedding.\" srcset=\"https:\/\/airedefiestacuba.com\/wp-content\/uploads\/2024\/02\/thematic-wedding-ceremony-officiant-couple-1.jpg 1080w, https:\/\/airedefiestacuba.com\/wp-content\/uploads\/2024\/02\/thematic-wedding-ceremony-officiant-couple-1-300x200.jpg 300w, https:\/\/airedefiestacuba.com\/wp-content\/uploads\/2024\/02\/thematic-wedding-ceremony-officiant-couple-1-1024x683.jpg 1024w, https:\/\/airedefiestacuba.com\/wp-content\/uploads\/2024\/02\/thematic-wedding-ceremony-officiant-couple-1-768x512.jpg 768w, https:\/\/airedefiestacuba.com\/wp-content\/uploads\/2024\/02\/thematic-wedding-ceremony-officiant-couple-1-18x12.jpg 18w\" sizes=\"(max-width: 1080px) 100vw, 1080px\" \/>\t\t\t\t\t\t\t\t\t\t\t\t\t\t\t<\/div>\n\t\t\t\t<\/div>\n\t\t\t\t\t<\/div>\n\t\t\t\t<\/div>\n\t\t<div class=\"elementor-element elementor-element-216c0345 e-flex e-con-boxed e-con e-parent\" data-id=\"216c0345\" data-element_type=\"container\">\n\t\t\t\t\t<div class=\"e-con-inner\">\n\t\t<div class=\"elementor-element elementor-element-28863423 e-con-full e-flex e-con e-child\" data-id=\"28863423\" data-element_type=\"container\">\n\t\t\t\t<div class=\"elementor-element elementor-element-7532dbab elementor-widget elementor-widget-image\" data-id=\"7532dbab\" data-element_type=\"widget\" data-widget_type=\"image.default\">\n\t\t\t\t<div class=\"elementor-widget-container\">\n\t\t\t\t\t\t\t\t\t\t\t\t\t\t\t<img loading=\"lazy\" decoding=\"async\" width=\"683\" height=\"1024\" src=\"https:\/\/airedefiestacuba.com\/wp-content\/uploads\/2024\/02\/bride-reading-vows-thematic-wedding-683x1024.jpg\" class=\"attachment-large size-large wp-image-3596\" alt=\"Bride reading her vows during a themed wedding by the sea.\" srcset=\"https:\/\/airedefiestacuba.com\/wp-content\/uploads\/2024\/02\/bride-reading-vows-thematic-wedding-683x1024.jpg 683w, https:\/\/airedefiestacuba.com\/wp-content\/uploads\/2024\/02\/bride-reading-vows-thematic-wedding-200x300.jpg 200w, https:\/\/airedefiestacuba.com\/wp-content\/uploads\/2024\/02\/bride-reading-vows-thematic-wedding-8x12.jpg 8w, https:\/\/airedefiestacuba.com\/wp-content\/uploads\/2024\/02\/bride-reading-vows-thematic-wedding.jpg 720w\" sizes=\"(max-width: 683px) 100vw, 683px\" \/>\t\t\t\t\t\t\t\t\t\t\t\t\t\t\t<\/div>\n\t\t\t\t<\/div>\n\t\t\t\t<\/div>\n\t\t<div class=\"elementor-element elementor-element-ec2deee e-con-full e-flex e-con e-child\" data-id=\"ec2deee\" data-element_type=\"container\">\n\t\t\t\t<div class=\"elementor-element elementor-element-f69ede9 elementor-widget elementor-widget-image\" data-id=\"f69ede9\" data-element_type=\"widget\" data-widget_type=\"image.default\">\n\t\t\t\t<div class=\"elementor-widget-container\">\n\t\t\t\t\t\t\t\t\t\t\t\t\t\t\t<img loading=\"lazy\" decoding=\"async\" width=\"683\" height=\"1024\" src=\"https:\/\/airedefiestacuba.com\/wp-content\/uploads\/2024\/02\/ceremony-kiss-thematic-wedding-cuba-1-683x1024.jpg\" class=\"attachment-large size-large wp-image-3597\" alt=\"Bride and groom kiss at the end of their outdoor themed wedding.\" srcset=\"https:\/\/airedefiestacuba.com\/wp-content\/uploads\/2024\/02\/ceremony-kiss-thematic-wedding-cuba-1-683x1024.jpg 683w, https:\/\/airedefiestacuba.com\/wp-content\/uploads\/2024\/02\/ceremony-kiss-thematic-wedding-cuba-1-200x300.jpg 200w, https:\/\/airedefiestacuba.com\/wp-content\/uploads\/2024\/02\/ceremony-kiss-thematic-wedding-cuba-1-8x12.jpg 8w, https:\/\/airedefiestacuba.com\/wp-content\/uploads\/2024\/02\/ceremony-kiss-thematic-wedding-cuba-1.jpg 720w\" sizes=\"(max-width: 683px) 100vw, 683px\" \/>\t\t\t\t\t\t\t\t\t\t\t\t\t\t\t<\/div>\n\t\t\t\t<\/div>\n\t\t\t\t<\/div>\n\t\t\t\t\t<\/div>\n\t\t\t\t<\/div>\n\t\t<div class=\"elementor-element elementor-element-613996c e-flex e-con-boxed e-con e-parent\" data-id=\"613996c\" data-element_type=\"container\">\n\t\t\t\t\t<div class=\"e-con-inner\">\n\t\t<div class=\"elementor-element elementor-element-5742229 e-con-full e-flex e-con e-child\" data-id=\"5742229\" data-element_type=\"container\">\n\t\t\t\t<div class=\"elementor-element elementor-element-5c7a07f elementor-widget elementor-widget-image\" data-id=\"5c7a07f\" data-element_type=\"widget\" data-widget_type=\"image.default\">\n\t\t\t\t<div class=\"elementor-widget-container\">\n\t\t\t\t\t\t\t\t\t\t\t\t\t\t\t<img decoding=\"async\" width=\"683\" height=\"1024\" src=\"https:\/\/airedefiestacuba.com\/wp-content\/uploads\/2024\/02\/thematic-wedding-ceremony-celebration-1-683x1024.jpg\" class=\"attachment-large size-large wp-image-3599\" alt=\"Rice toss as the couple exits at an outdoor themed wedding.\" srcset=\"https:\/\/airedefiestacuba.com\/wp-content\/uploads\/2024\/02\/thematic-wedding-ceremony-celebration-1-683x1024.jpg 683w, https:\/\/airedefiestacuba.com\/wp-content\/uploads\/2024\/02\/thematic-wedding-ceremony-celebration-1-200x300.jpg 200w, https:\/\/airedefiestacuba.com\/wp-content\/uploads\/2024\/02\/thematic-wedding-ceremony-celebration-1-8x12.jpg 8w, https:\/\/airedefiestacuba.com\/wp-content\/uploads\/2024\/02\/thematic-wedding-ceremony-celebration-1.jpg 720w\" sizes=\"(max-width: 683px) 100vw, 683px\" \/>\t\t\t\t\t\t\t\t\t\t\t\t\t\t\t<\/div>\n\t\t\t\t<\/div>\n\t\t\t\t<\/div>\n\t\t<div class=\"elementor-element elementor-element-3b2ecd3 e-con-full e-flex e-con e-child\" data-id=\"3b2ecd3\" data-element_type=\"container\">\n\t\t\t\t<div class=\"elementor-element elementor-element-e5bcfa8 elementor-widget elementor-widget-image\" data-id=\"e5bcfa8\" data-element_type=\"widget\" data-widget_type=\"image.default\">\n\t\t\t\t<div class=\"elementor-widget-container\">\n\t\t\t\t\t\t\t\t\t\t\t\t\t\t\t<img loading=\"lazy\" decoding=\"async\" width=\"683\" height=\"1024\" src=\"https:\/\/airedefiestacuba.com\/wp-content\/uploads\/2024\/02\/thematic-wedding-post-ceremony-portrait-683x1024.jpg\" class=\"attachment-large size-large wp-image-3600\" alt=\"Smiling bride and groom in a photo session by the sea after their themed wedding.\" srcset=\"https:\/\/airedefiestacuba.com\/wp-content\/uploads\/2024\/02\/thematic-wedding-post-ceremony-portrait-683x1024.jpg 683w, https:\/\/airedefiestacuba.com\/wp-content\/uploads\/2024\/02\/thematic-wedding-post-ceremony-portrait-200x300.jpg 200w, https:\/\/airedefiestacuba.com\/wp-content\/uploads\/2024\/02\/thematic-wedding-post-ceremony-portrait-8x12.jpg 8w, https:\/\/airedefiestacuba.com\/wp-content\/uploads\/2024\/02\/thematic-wedding-post-ceremony-portrait.jpg 720w\" sizes=\"(max-width: 683px) 100vw, 683px\" \/>\t\t\t\t\t\t\t\t\t\t\t\t\t\t\t<\/div>\n\t\t\t\t<\/div>\n\t\t\t\t<\/div>\n\t\t\t\t\t<\/div>\n\t\t\t\t<\/div>\n\t\t<div class=\"elementor-element elementor-element-59bdd0a e-flex e-con-boxed e-con e-parent\" data-id=\"59bdd0a\" data-element_type=\"container\">\n\t\t\t\t\t<div class=\"e-con-inner\">\n\t\t\t\t<div class=\"elementor-element elementor-element-79a41f8 elementor-widget elementor-widget-image\" data-id=\"79a41f8\" data-element_type=\"widget\" data-widget_type=\"image.default\">\n\t\t\t\t<div class=\"elementor-widget-container\">\n\t\t\t\t\t\t\t\t\t\t\t\t\t\t\t<img loading=\"lazy\" decoding=\"async\" width=\"1080\" height=\"720\" src=\"https:\/\/airedefiestacuba.com\/wp-content\/uploads\/2024\/02\/thematic-wedding-hotel-nacional-walk.jpg\" class=\"attachment-full size-full wp-image-3602\" alt=\"Bride and groom walking through the gardens of the Hotel Nacional after their themed wedding.\" srcset=\"https:\/\/airedefiestacuba.com\/wp-content\/uploads\/2024\/02\/thematic-wedding-hotel-nacional-walk.jpg 1080w, https:\/\/airedefiestacuba.com\/wp-content\/uploads\/2024\/02\/thematic-wedding-hotel-nacional-walk-300x200.jpg 300w, https:\/\/airedefiestacuba.com\/wp-content\/uploads\/2024\/02\/thematic-wedding-hotel-nacional-walk-1024x683.jpg 1024w, https:\/\/airedefiestacuba.com\/wp-content\/uploads\/2024\/02\/thematic-wedding-hotel-nacional-walk-768x512.jpg 768w, https:\/\/airedefiestacuba.com\/wp-content\/uploads\/2024\/02\/thematic-wedding-hotel-nacional-walk-18x12.jpg 18w\" sizes=\"(max-width: 1080px) 100vw, 1080px\" \/>\t\t\t\t\t\t\t\t\t\t\t\t\t\t\t<\/div>\n\t\t\t\t<\/div>\n\t\t\t\t\t<\/div>\n\t\t\t\t<\/div>\n\t\t<div class=\"elementor-element elementor-element-23fcec1 e-flex e-con-boxed e-con e-parent\" data-id=\"23fcec1\" data-element_type=\"container\">\n\t\t\t\t\t<div class=\"e-con-inner\">\n\t\t\t\t<div class=\"elementor-element elementor-element-e8f4ecf elementor-widget elementor-widget-image\" data-id=\"e8f4ecf\" data-element_type=\"widget\" data-widget_type=\"image.default\">\n\t\t\t\t<div class=\"elementor-widget-container\">\n\t\t\t\t\t\t\t\t\t\t\t\t\t\t\t<img loading=\"lazy\" decoding=\"async\" width=\"1080\" height=\"720\" src=\"https:\/\/airedefiestacuba.com\/wp-content\/uploads\/2024\/02\/travel-wedding-invitation-theme-details.jpg\" class=\"attachment-full size-full wp-image-3604\" alt=\"Wedding invitation with travel details, compass, and map background.\" srcset=\"https:\/\/airedefiestacuba.com\/wp-content\/uploads\/2024\/02\/travel-wedding-invitation-theme-details.jpg 1080w, https:\/\/airedefiestacuba.com\/wp-content\/uploads\/2024\/02\/travel-wedding-invitation-theme-details-300x200.jpg 300w, https:\/\/airedefiestacuba.com\/wp-content\/uploads\/2024\/02\/travel-wedding-invitation-theme-details-1024x683.jpg 1024w, https:\/\/airedefiestacuba.com\/wp-content\/uploads\/2024\/02\/travel-wedding-invitation-theme-details-768x512.jpg 768w, https:\/\/airedefiestacuba.com\/wp-content\/uploads\/2024\/02\/travel-wedding-invitation-theme-details-18x12.jpg 18w\" sizes=\"(max-width: 1080px) 100vw, 1080px\" \/>\t\t\t\t\t\t\t\t\t\t\t\t\t\t\t<\/div>\n\t\t\t\t<\/div>\n\t\t\t\t\t<\/div>\n\t\t\t\t<\/div>\n\t\t<div class=\"elementor-element elementor-element-49ba58d e-flex e-con-boxed e-con e-parent\" data-id=\"49ba58d\" data-element_type=\"container\">\n\t\t\t\t\t<div class=\"e-con-inner\">\n\t\t\t\t<div class=\"elementor-element elementor-element-d596417 elementor-widget elementor-widget-image\" data-id=\"d596417\" data-element_type=\"widget\" data-widget_type=\"image.default\">\n\t\t\t\t<div class=\"elementor-widget-container\">\n\t\t\t\t\t\t\t\t\t\t\t\t\t\t\t<img loading=\"lazy\" decoding=\"async\" width=\"1080\" height=\"720\" src=\"https:\/\/airedefiestacuba.com\/wp-content\/uploads\/2024\/02\/paris-wedding-theme-decor-idea.jpg\" class=\"attachment-full size-full wp-image-3603\" alt=\"Decorative detail with a photo of Paris, magnifying glass, and travel tags.\" srcset=\"https:\/\/airedefiestacuba.com\/wp-content\/uploads\/2024\/02\/paris-wedding-theme-decor-idea.jpg 1080w, https:\/\/airedefiestacuba.com\/wp-content\/uploads\/2024\/02\/paris-wedding-theme-decor-idea-300x200.jpg 300w, https:\/\/airedefiestacuba.com\/wp-content\/uploads\/2024\/02\/paris-wedding-theme-decor-idea-1024x683.jpg 1024w, https:\/\/airedefiestacuba.com\/wp-content\/uploads\/2024\/02\/paris-wedding-theme-decor-idea-768x512.jpg 768w, https:\/\/airedefiestacuba.com\/wp-content\/uploads\/2024\/02\/paris-wedding-theme-decor-idea-18x12.jpg 18w\" sizes=\"(max-width: 1080px) 100vw, 1080px\" \/>\t\t\t\t\t\t\t\t\t\t\t\t\t\t\t<\/div>\n\t\t\t\t<\/div>\n\t\t\t\t\t<\/div>\n\t\t\t\t<\/div>\n\t\t<div class=\"elementor-element elementor-element-3b760de e-flex e-con-boxed e-con e-parent\" data-id=\"3b760de\" data-element_type=\"container\">\n\t\t\t\t\t<div class=\"e-con-inner\">\n\t\t\t\t<div class=\"elementor-element elementor-element-afc453b elementor-widget elementor-widget-image\" data-id=\"afc453b\" data-element_type=\"widget\" data-widget_type=\"image.default\">\n\t\t\t\t<div class=\"elementor-widget-container\">\n\t\t\t\t\t\t\t\t\t\t\t\t\t\t\t<img loading=\"lazy\" decoding=\"async\" width=\"1080\" height=\"720\" src=\"https:\/\/airedefiestacuba.com\/wp-content\/uploads\/2024\/02\/vintage-wedding-postcards-custom-cones.jpg\" class=\"attachment-full size-full wp-image-3606\" alt=\"Cones with the couple\u2019s names on vintage postcards in the themed wedding d\u00e9cor.\" srcset=\"https:\/\/airedefiestacuba.com\/wp-content\/uploads\/2024\/02\/vintage-wedding-postcards-custom-cones.jpg 1080w, https:\/\/airedefiestacuba.com\/wp-content\/uploads\/2024\/02\/vintage-wedding-postcards-custom-cones-300x200.jpg 300w, https:\/\/airedefiestacuba.com\/wp-content\/uploads\/2024\/02\/vintage-wedding-postcards-custom-cones-1024x683.jpg 1024w, https:\/\/airedefiestacuba.com\/wp-content\/uploads\/2024\/02\/vintage-wedding-postcards-custom-cones-768x512.jpg 768w, https:\/\/airedefiestacuba.com\/wp-content\/uploads\/2024\/02\/vintage-wedding-postcards-custom-cones-18x12.jpg 18w\" sizes=\"(max-width: 1080px) 100vw, 1080px\" \/>\t\t\t\t\t\t\t\t\t\t\t\t\t\t\t<\/div>\n\t\t\t\t<\/div>\n\t\t\t\t\t<\/div>\n\t\t\t\t<\/div>\n\t\t<div class=\"elementor-element elementor-element-9264512 e-flex e-con-boxed e-con e-parent\" data-id=\"9264512\" data-element_type=\"container\">\n\t\t\t\t\t<div class=\"e-con-inner\">\n\t\t\t\t<div class=\"elementor-element elementor-element-777d0f1 elementor-widget elementor-widget-image\" data-id=\"777d0f1\" data-element_type=\"widget\" data-widget_type=\"image.default\">\n\t\t\t\t<div class=\"elementor-widget-container\">\n\t\t\t\t\t\t\t\t\t\t\t\t\t\t\t<img loading=\"lazy\" decoding=\"async\" width=\"1080\" height=\"720\" src=\"https:\/\/airedefiestacuba.com\/wp-content\/uploads\/2024\/02\/london-themed-wedding-table-centerpiece-1.jpg\" class=\"attachment-full size-full wp-image-3605\" alt=\"Centerpiece with globe, flowers, and photographs of London for a themed wedding.\" srcset=\"https:\/\/airedefiestacuba.com\/wp-content\/uploads\/2024\/02\/london-themed-wedding-table-centerpiece-1.jpg 1080w, https:\/\/airedefiestacuba.com\/wp-content\/uploads\/2024\/02\/london-themed-wedding-table-centerpiece-1-300x200.jpg 300w, https:\/\/airedefiestacuba.com\/wp-content\/uploads\/2024\/02\/london-themed-wedding-table-centerpiece-1-1024x683.jpg 1024w, https:\/\/airedefiestacuba.com\/wp-content\/uploads\/2024\/02\/london-themed-wedding-table-centerpiece-1-768x512.jpg 768w, https:\/\/airedefiestacuba.com\/wp-content\/uploads\/2024\/02\/london-themed-wedding-table-centerpiece-1-18x12.jpg 18w\" sizes=\"(max-width: 1080px) 100vw, 1080px\" \/>\t\t\t\t\t\t\t\t\t\t\t\t\t\t\t<\/div>\n\t\t\t\t<\/div>\n\t\t\t\t\t<\/div>\n\t\t\t\t<\/div>\n\t\t<div class=\"elementor-element elementor-element-7a0448c2 e-flex e-con-boxed e-con e-parent\" data-id=\"7a0448c2\" data-element_type=\"container\">\n\t\t\t\t\t<div class=\"e-con-inner\">\n\t\t<div class=\"elementor-element elementor-element-d448939 e-con-full e-flex e-con e-child\" data-id=\"d448939\" data-element_type=\"container\">\n\t\t\t\t<div class=\"elementor-element elementor-element-1940565c elementor-widget elementor-widget-image\" data-id=\"1940565c\" data-element_type=\"widget\" data-widget_type=\"image.default\">\n\t\t\t\t<div class=\"elementor-widget-container\">\n\t\t\t\t\t\t\t\t\t\t\t\t\t\t\t<img loading=\"lazy\" decoding=\"async\" width=\"683\" height=\"1024\" src=\"https:\/\/airedefiestacuba.com\/wp-content\/uploads\/2024\/02\/wedding-reception-telescope-travel-theme-683x1024.jpg\" class=\"attachment-large size-large wp-image-3607\" alt=\"Antique telescope on a table decorated with photos and details of a themed wedding.\" srcset=\"https:\/\/airedefiestacuba.com\/wp-content\/uploads\/2024\/02\/wedding-reception-telescope-travel-theme-683x1024.jpg 683w, https:\/\/airedefiestacuba.com\/wp-content\/uploads\/2024\/02\/wedding-reception-telescope-travel-theme-200x300.jpg 200w, https:\/\/airedefiestacuba.com\/wp-content\/uploads\/2024\/02\/wedding-reception-telescope-travel-theme-8x12.jpg 8w, https:\/\/airedefiestacuba.com\/wp-content\/uploads\/2024\/02\/wedding-reception-telescope-travel-theme.jpg 720w\" sizes=\"(max-width: 683px) 100vw, 683px\" \/>\t\t\t\t\t\t\t\t\t\t\t\t\t\t\t<\/div>\n\t\t\t\t<\/div>\n\t\t\t\t<\/div>\n\t\t<div class=\"elementor-element elementor-element-22baa6b6 e-con-full e-flex e-con e-child\" data-id=\"22baa6b6\" data-element_type=\"container\">\n\t\t\t\t<div class=\"elementor-element elementor-element-12242717 elementor-widget elementor-widget-image\" data-id=\"12242717\" data-element_type=\"widget\" data-widget_type=\"image.default\">\n\t\t\t\t<div class=\"elementor-widget-container\">\n\t\t\t\t\t\t\t\t\t\t\t\t\t\t\t<img loading=\"lazy\" decoding=\"async\" width=\"683\" height=\"1024\" src=\"https:\/\/airedefiestacuba.com\/wp-content\/uploads\/2024\/02\/travel-themed-wedding-black-base-globe-683x1024.jpg\" class=\"attachment-large size-large wp-image-3608\" alt=\"Decorative globe on a black base as part of a themed wedding setup.\" srcset=\"https:\/\/airedefiestacuba.com\/wp-content\/uploads\/2024\/02\/travel-themed-wedding-black-base-globe-683x1024.jpg 683w, https:\/\/airedefiestacuba.com\/wp-content\/uploads\/2024\/02\/travel-themed-wedding-black-base-globe-200x300.jpg 200w, https:\/\/airedefiestacuba.com\/wp-content\/uploads\/2024\/02\/travel-themed-wedding-black-base-globe-8x12.jpg 8w, https:\/\/airedefiestacuba.com\/wp-content\/uploads\/2024\/02\/travel-themed-wedding-black-base-globe.jpg 720w\" sizes=\"(max-width: 683px) 100vw, 683px\" \/>\t\t\t\t\t\t\t\t\t\t\t\t\t\t\t<\/div>\n\t\t\t\t<\/div>\n\t\t\t\t<\/div>\n\t\t\t\t\t<\/div>\n\t\t\t\t<\/div>\n\t\t<div class=\"elementor-element elementor-element-a3154bc e-flex e-con-boxed e-con e-parent\" data-id=\"a3154bc\" data-element_type=\"container\">\n\t\t\t\t\t<div class=\"e-con-inner\">\n\t\t\t\t<div class=\"elementor-element elementor-element-969ece9 elementor-widget elementor-widget-image\" data-id=\"969ece9\" data-element_type=\"widget\" data-widget_type=\"image.default\">\n\t\t\t\t<div class=\"elementor-widget-container\">\n\t\t\t\t\t\t\t\t\t\t\t\t\t\t\t<img loading=\"lazy\" decoding=\"async\" width=\"1080\" height=\"720\" src=\"https:\/\/airedefiestacuba.com\/wp-content\/uploads\/2024\/02\/wedding-cake-cutting-travel-themed-wedding.jpg\" class=\"attachment-full size-full wp-image-3613\" alt=\"Bride and groom cutting their wedding cake decorated with maps and travel-themed elements.\" srcset=\"https:\/\/airedefiestacuba.com\/wp-content\/uploads\/2024\/02\/wedding-cake-cutting-travel-themed-wedding.jpg 1080w, https:\/\/airedefiestacuba.com\/wp-content\/uploads\/2024\/02\/wedding-cake-cutting-travel-themed-wedding-300x200.jpg 300w, https:\/\/airedefiestacuba.com\/wp-content\/uploads\/2024\/02\/wedding-cake-cutting-travel-themed-wedding-1024x683.jpg 1024w, https:\/\/airedefiestacuba.com\/wp-content\/uploads\/2024\/02\/wedding-cake-cutting-travel-themed-wedding-768x512.jpg 768w, https:\/\/airedefiestacuba.com\/wp-content\/uploads\/2024\/02\/wedding-cake-cutting-travel-themed-wedding-18x12.jpg 18w\" sizes=\"(max-width: 1080px) 100vw, 1080px\" \/>\t\t\t\t\t\t\t\t\t\t\t\t\t\t\t<\/div>\n\t\t\t\t<\/div>\n\t\t\t\t\t<\/div>\n\t\t\t\t<\/div>\n\t\t<div class=\"elementor-element elementor-element-ec5f7ee e-flex e-con-boxed e-con e-parent\" data-id=\"ec5f7ee\" data-element_type=\"container\">\n\t\t\t\t\t<div class=\"e-con-inner\">\n\t\t<div class=\"elementor-element elementor-element-5e5cde0 e-con-full e-flex e-con e-child\" data-id=\"5e5cde0\" data-element_type=\"container\">\n\t\t\t\t<div class=\"elementor-element elementor-element-f9d815f elementor-widget elementor-widget-image\" data-id=\"f9d815f\" data-element_type=\"widget\" data-widget_type=\"image.default\">\n\t\t\t\t<div class=\"elementor-widget-container\">\n\t\t\t\t\t\t\t\t\t\t\t\t\t\t\t<img loading=\"lazy\" decoding=\"async\" width=\"683\" height=\"1024\" src=\"https:\/\/airedefiestacuba.com\/wp-content\/uploads\/2024\/02\/travel-theme-wedding-cake-details-683x1024.jpg\" class=\"attachment-large size-large wp-image-3614\" alt=\"Wedding cake decorated with maps and a compass, on a table with postcards.\" srcset=\"https:\/\/airedefiestacuba.com\/wp-content\/uploads\/2024\/02\/travel-theme-wedding-cake-details-683x1024.jpg 683w, https:\/\/airedefiestacuba.com\/wp-content\/uploads\/2024\/02\/travel-theme-wedding-cake-details-200x300.jpg 200w, https:\/\/airedefiestacuba.com\/wp-content\/uploads\/2024\/02\/travel-theme-wedding-cake-details-8x12.jpg 8w, https:\/\/airedefiestacuba.com\/wp-content\/uploads\/2024\/02\/travel-theme-wedding-cake-details.jpg 720w\" sizes=\"(max-width: 683px) 100vw, 683px\" \/>\t\t\t\t\t\t\t\t\t\t\t\t\t\t\t<\/div>\n\t\t\t\t<\/div>\n\t\t\t\t<\/div>\n\t\t<div class=\"elementor-element elementor-element-a5dae34 e-con-full e-flex e-con e-child\" data-id=\"a5dae34\" data-element_type=\"container\">\n\t\t\t\t<div class=\"elementor-element elementor-element-a6f165f elementor-widget elementor-widget-image\" data-id=\"a6f165f\" data-element_type=\"widget\" data-widget_type=\"image.default\">\n\t\t\t\t<div class=\"elementor-widget-container\">\n\t\t\t\t\t\t\t\t\t\t\t\t\t\t\t<img loading=\"lazy\" decoding=\"async\" width=\"683\" height=\"1024\" src=\"https:\/\/airedefiestacuba.com\/wp-content\/uploads\/2024\/02\/wedding-cake-map-detail-travel-theme-683x1024.jpg\" class=\"attachment-large size-large wp-image-3615\" alt=\"Map decoration on wedding cake with sugar flowers.\" srcset=\"https:\/\/airedefiestacuba.com\/wp-content\/uploads\/2024\/02\/wedding-cake-map-detail-travel-theme-683x1024.jpg 683w, https:\/\/airedefiestacuba.com\/wp-content\/uploads\/2024\/02\/wedding-cake-map-detail-travel-theme-200x300.jpg 200w, https:\/\/airedefiestacuba.com\/wp-content\/uploads\/2024\/02\/wedding-cake-map-detail-travel-theme-8x12.jpg 8w, https:\/\/airedefiestacuba.com\/wp-content\/uploads\/2024\/02\/wedding-cake-map-detail-travel-theme.jpg 720w\" sizes=\"(max-width: 683px) 100vw, 683px\" \/>\t\t\t\t\t\t\t\t\t\t\t\t\t\t\t<\/div>\n\t\t\t\t<\/div>\n\t\t\t\t<\/div>\n\t\t\t\t\t<\/div>\n\t\t\t\t<\/div>\n\t\t<div class=\"elementor-element elementor-element-05e955f e-flex e-con-boxed e-con e-parent\" data-id=\"05e955f\" data-element_type=\"container\">\n\t\t\t\t\t<div class=\"e-con-inner\">\n\t\t<div class=\"elementor-element elementor-element-fe4148a e-con-full e-flex e-con e-child\" data-id=\"fe4148a\" data-element_type=\"container\">\n\t\t\t\t<div class=\"elementor-element elementor-element-1460d48 elementor-widget elementor-widget-image\" data-id=\"1460d48\" data-element_type=\"widget\" data-widget_type=\"image.default\">\n\t\t\t\t<div class=\"elementor-widget-container\">\n\t\t\t\t\t\t\t\t\t\t\t\t\t\t\t<img loading=\"lazy\" decoding=\"async\" width=\"683\" height=\"1024\" src=\"https:\/\/airedefiestacuba.com\/wp-content\/uploads\/2024\/02\/wedding-photo-booth-travel-theme-bicycle-683x1024.jpg\" class=\"attachment-large size-large wp-image-3616\" alt=\"Bride and groom posing next to the photo booth with a decorated bicycle and flowers at a themed wedding.\" srcset=\"https:\/\/airedefiestacuba.com\/wp-content\/uploads\/2024\/02\/wedding-photo-booth-travel-theme-bicycle-683x1024.jpg 683w, https:\/\/airedefiestacuba.com\/wp-content\/uploads\/2024\/02\/wedding-photo-booth-travel-theme-bicycle-200x300.jpg 200w, https:\/\/airedefiestacuba.com\/wp-content\/uploads\/2024\/02\/wedding-photo-booth-travel-theme-bicycle-8x12.jpg 8w, https:\/\/airedefiestacuba.com\/wp-content\/uploads\/2024\/02\/wedding-photo-booth-travel-theme-bicycle.jpg 720w\" sizes=\"(max-width: 683px) 100vw, 683px\" \/>\t\t\t\t\t\t\t\t\t\t\t\t\t\t\t<\/div>\n\t\t\t\t<\/div>\n\t\t\t\t<\/div>\n\t\t<div class=\"elementor-element elementor-element-e55711d e-con-full e-flex e-con e-child\" data-id=\"e55711d\" data-element_type=\"container\">\n\t\t\t\t<div class=\"elementor-element elementor-element-10cf6e5 elementor-widget elementor-widget-image\" data-id=\"10cf6e5\" data-element_type=\"widget\" data-widget_type=\"image.default\">\n\t\t\t\t<div class=\"elementor-widget-container\">\n\t\t\t\t\t\t\t\t\t\t\t\t\t\t\t<img loading=\"lazy\" decoding=\"async\" width=\"683\" height=\"1024\" src=\"https:\/\/airedefiestacuba.com\/wp-content\/uploads\/2024\/02\/travel-themed-wedding-photo-booth-portrait-683x1024.jpg\" class=\"attachment-large size-large wp-image-3617\" alt=\"Bride and groom in front of a photo booth with travel illustrations and a bicycle decorated with flowers.\" srcset=\"https:\/\/airedefiestacuba.com\/wp-content\/uploads\/2024\/02\/travel-themed-wedding-photo-booth-portrait-683x1024.jpg 683w, https:\/\/airedefiestacuba.com\/wp-content\/uploads\/2024\/02\/travel-themed-wedding-photo-booth-portrait-200x300.jpg 200w, https:\/\/airedefiestacuba.com\/wp-content\/uploads\/2024\/02\/travel-themed-wedding-photo-booth-portrait-8x12.jpg 8w, https:\/\/airedefiestacuba.com\/wp-content\/uploads\/2024\/02\/travel-themed-wedding-photo-booth-portrait.jpg 720w\" sizes=\"(max-width: 683px) 100vw, 683px\" \/>\t\t\t\t\t\t\t\t\t\t\t\t\t\t\t<\/div>\n\t\t\t\t<\/div>\n\t\t\t\t<\/div>\n\t\t\t\t\t<\/div>\n\t\t\t\t<\/div>\n\t\t<div class=\"elementor-element elementor-element-a67f871 e-flex e-con-boxed e-con e-parent\" data-id=\"a67f871\" data-element_type=\"container\">\n\t\t\t\t\t<div class=\"e-con-inner\">\n\t\t\t\t<div class=\"elementor-element elementor-element-bd81a06 elementor-widget elementor-widget-image\" data-id=\"bd81a06\" data-element_type=\"widget\" data-widget_type=\"image.default\">\n\t\t\t\t<div class=\"elementor-widget-container\">\n\t\t\t\t\t\t\t\t\t\t\t\t\t\t\t<img loading=\"lazy\" decoding=\"async\" width=\"1080\" height=\"720\" src=\"https:\/\/airedefiestacuba.com\/wp-content\/uploads\/2024\/02\/fun-wedding-photo-booth-travel-theme.jpg\" class=\"attachment-full size-full wp-image-3619\" alt=\"Bride and groom with guests posing playfully at the photo booth of a themed wedding.\" srcset=\"https:\/\/airedefiestacuba.com\/wp-content\/uploads\/2024\/02\/fun-wedding-photo-booth-travel-theme.jpg 1080w, https:\/\/airedefiestacuba.com\/wp-content\/uploads\/2024\/02\/fun-wedding-photo-booth-travel-theme-300x200.jpg 300w, https:\/\/airedefiestacuba.com\/wp-content\/uploads\/2024\/02\/fun-wedding-photo-booth-travel-theme-1024x683.jpg 1024w, https:\/\/airedefiestacuba.com\/wp-content\/uploads\/2024\/02\/fun-wedding-photo-booth-travel-theme-768x512.jpg 768w, https:\/\/airedefiestacuba.com\/wp-content\/uploads\/2024\/02\/fun-wedding-photo-booth-travel-theme-18x12.jpg 18w\" sizes=\"(max-width: 1080px) 100vw, 1080px\" \/>\t\t\t\t\t\t\t\t\t\t\t\t\t\t\t<\/div>\n\t\t\t\t<\/div>\n\t\t\t\t\t<\/div>\n\t\t\t\t<\/div>\n\t\t<div class=\"elementor-element elementor-element-b395c91 e-flex e-con-boxed e-con e-parent\" data-id=\"b395c91\" data-element_type=\"container\">\n\t\t\t\t\t<div class=\"e-con-inner\">\n\t\t\t\t<div class=\"elementor-element elementor-element-5f0812fe elementor-widget elementor-widget-text-editor\" data-id=\"5f0812fe\" data-element_type=\"widget\" data-widget_type=\"text-editor.default\">\n\t\t\t\t<div class=\"elementor-widget-container\">\n\t\t\t\t\t\t\t\t\t<p class=\"texto-image\" style=\"text-align: center;\"><strong>SHARE THIS MOMENT<\/strong><\/p>\t\t\t\t\t\t\t\t<\/div>\n\t\t\t\t<\/div>\n\t\t\t\t\t<\/div>\n\t\t\t\t<\/div>\n\t\t\t\t<\/div>","protected":false},"excerpt":{"rendered":"<p>Estos novios eligieron para su boda en el Hotel Nacional de Cuba una tem\u00e1tica  de viajes ya que su gran pasi\u00f3n es explorar nuevos lugares y su boda fue reflejo de esta pasi\u00f3n.<\/p>","protected":false},"author":1,"featured_media":3599,"comment_status":"open","ping_status":"open","sticky":false,"template":"","format":"standard","meta":{"site-sidebar-layout":"default","site-content-layout":"","ast-site-content-layout":"default","site-content-style":"default","site-sidebar-style":"default","ast-global-header-display":"","ast-banner-title-visibility":"","ast-main-header-display":"","ast-hfb-above-header-display":"","ast-hfb-below-header-display":"","ast-hfb-mobile-header-display":"","site-post-title":"","ast-breadcrumbs-content":"","ast-featured-img":"","footer-sml-layout":"","theme-transparent-header-meta":"","adv-header-id-meta":"","stick-header-meta":"","header-above-stick-meta":"","header-main-stick-meta":"","header-below-stick-meta":"","astra-migrate-meta-layouts":"set","ast-page-background-enabled":"default","ast-page-background-meta":{"desktop":{"background-color":"var(--ast-global-color-4)","background-image":"","background-repeat":"repeat","background-position":"center center","background-size":"auto","background-attachment":"scroll","background-type":"","background-media":"","overlay-type":"","overlay-color":"","overlay-opacity":"","overlay-gradient":""},"tablet":{"background-color":"","background-image":"","background-repeat":"repeat","background-position":"center center","background-size":"auto","background-attachment":"scroll","background-type":"","background-media":"","overlay-type":"","overlay-color":"","overlay-opacity":"","overlay-gradient":""},"mobile":{"background-color":"","background-image":"","background-repeat":"repeat","background-position":"center center","background-size":"auto","background-attachment":"scroll","background-type":"","background-media":"","overlay-type":"","overlay-color":"","overlay-opacity":"","overlay-gradient":""}},"ast-content-background-meta":{"desktop":{"background-color":"var(--ast-global-color-5)","background-image":"","background-repeat":"repeat","background-position":"center center","background-size":"auto","background-attachment":"scroll","background-type":"","background-media":"","overlay-type":"","overlay-color":"","overlay-opacity":"","overlay-gradient":""},"tablet":{"background-color":"var(--ast-global-color-5)","background-image":"","background-repeat":"repeat","background-position":"center center","background-size":"auto","background-attachment":"scroll","background-type":"","background-media":"","overlay-type":"","overlay-color":"","overlay-opacity":"","overlay-gradient":""},"mobile":{"background-color":"var(--ast-global-color-5)","background-image":"","background-repeat":"repeat","background-position":"center center","background-size":"auto","background-attachment":"scroll","background-type":"","background-media":"","overlay-type":"","overlay-color":"","overlay-opacity":"","overlay-gradient":""}},"footnotes":""},"categories":[17,258],"tags":[9,44,59,60,61,41,46],"class_list":["post-3572","post","type-post","status-publish","format-standard","has-post-thumbnail","hentry","category-bodas","category-bodas-en-la-habana","tag-boda-en-cuba","tag-boda-en-la-habana","tag-boda-tematica","tag-boda-tematica-viajes","tag-boda-viajera","tag-wedding-planner","tag-wedding-planners-cuba"],"yoast_head":"<!-- This site is optimized with the Yoast SEO Premium plugin v24.1 (Yoast SEO v26.7) - https:\/\/yoast.com\/wordpress\/plugins\/seo\/ -->\n<title>Mar\u00eda y Jos\u00e9, boda viajera en La Habana | Aire de Fiesta<\/title>\n<meta name=\"description\" content=\"Una boda viajera fue la inspiraci\u00f3n perfecta para estos novios que descubrieron juntos su pasi\u00f3n por conocer sitios nuevos en todo el mundo.\" \/>\n<meta name=\"robots\" content=\"index, follow, max-snippet:-1, max-image-preview:large, max-video-preview:-1\" \/>\n<link rel=\"canonical\" href=\"https:\/\/airedefiestacuba.com\/en\/maria-y-jose-boda-viajera-en-la-habana\/\" \/>\n<meta property=\"og:locale\" content=\"en_US\" \/>\n<meta property=\"og:type\" content=\"article\" \/>\n<meta property=\"og:title\" content=\"Mar\u00eda y Jos\u00e9, boda viajera en La Habana\" \/>\n<meta property=\"og:description\" content=\"Una boda viajera fue la inspiraci\u00f3n perfecta para estos novios que descubrieron juntos su pasi\u00f3n por conocer sitios nuevos en todo el mundo.\" \/>\n<meta property=\"og:url\" content=\"https:\/\/airedefiestacuba.com\/en\/maria-y-jose-boda-viajera-en-la-habana\/\" \/>\n<meta property=\"og:site_name\" content=\"Bodas en Cuba | Organizadores Expertos con +10 A\u00f1os de \u00c9xito\" \/>\n<meta property=\"article:published_time\" content=\"2024-02-11T19:55:46+00:00\" \/>\n<meta property=\"article:modified_time\" content=\"2025-06-26T05:24:06+00:00\" \/>\n<meta property=\"og:image\" content=\"https:\/\/airedefiestacuba.com\/wp-content\/uploads\/2024\/02\/thematic-wedding-ceremony-celebration-1.jpg\" \/>\n\t<meta property=\"og:image:width\" content=\"720\" \/>\n\t<meta property=\"og:image:height\" content=\"1080\" \/>\n\t<meta property=\"og:image:type\" content=\"image\/jpeg\" \/>\n<meta name=\"author\" content=\"airedefiestacuba.com\" \/>\n<meta name=\"twitter:card\" content=\"summary_large_image\" \/>\n<meta name=\"twitter:description\" content=\"Una boda viajera fue la inspiraci\u00f3n perfecta para estos novios que descubrieron juntos su pasi\u00f3n por conocer sitios nuevos en todo el mundo.\" \/>\n<meta name=\"twitter:label1\" content=\"Written by\" \/>\n\t<meta name=\"twitter:data1\" content=\"airedefiestacuba.com\" \/>\n\t<meta name=\"twitter:label2\" content=\"Est. reading time\" \/>\n\t<meta name=\"twitter:data2\" content=\"11 minutes\" \/>\n<script type=\"application\/ld+json\" class=\"yoast-schema-graph\">{\"@context\":\"https:\/\/schema.org\",\"@graph\":[{\"@type\":\"Article\",\"@id\":\"https:\/\/airedefiestacuba.com\/maria-y-jose-boda-viajera-en-la-habana\/#article\",\"isPartOf\":{\"@id\":\"https:\/\/airedefiestacuba.com\/maria-y-jose-boda-viajera-en-la-habana\/\"},\"author\":{\"name\":\"airedefiestacuba.com\",\"@id\":\"https:\/\/airedefiestacuba.com\/#\/schema\/person\/5865234420ad0876562c26f9fd5dcf12\"},\"headline\":\"Mar\u00eda y Jos\u00e9, boda viajera en La Habana\",\"datePublished\":\"2024-02-11T19:55:46+00:00\",\"dateModified\":\"2025-06-26T05:24:06+00:00\",\"mainEntityOfPage\":{\"@id\":\"https:\/\/airedefiestacuba.com\/maria-y-jose-boda-viajera-en-la-habana\/\"},\"wordCount\":432,\"commentCount\":0,\"publisher\":{\"@id\":\"https:\/\/airedefiestacuba.com\/#organization\"},\"image\":{\"@id\":\"https:\/\/airedefiestacuba.com\/maria-y-jose-boda-viajera-en-la-habana\/#primaryimage\"},\"thumbnailUrl\":\"https:\/\/airedefiestacuba.com\/wp-content\/uploads\/2024\/02\/thematic-wedding-ceremony-celebration-1.jpg\",\"keywords\":[\"boda en cuba\",\"boda en la habana\",\"boda tem\u00e1tica\",\"boda tem\u00e1tica viajes\",\"boda viajera\",\"wedding planner\",\"wedding planners cuba\"],\"articleSection\":[\"Bodas\",\"Habana\"],\"inLanguage\":\"en-US\",\"potentialAction\":[{\"@type\":\"CommentAction\",\"name\":\"Comment\",\"target\":[\"https:\/\/airedefiestacuba.com\/maria-y-jose-boda-viajera-en-la-habana\/#respond\"]}]},{\"@type\":\"WebPage\",\"@id\":\"https:\/\/airedefiestacuba.com\/maria-y-jose-boda-viajera-en-la-habana\/\",\"url\":\"https:\/\/airedefiestacuba.com\/maria-y-jose-boda-viajera-en-la-habana\/\",\"name\":\"Mar\u00eda y Jos\u00e9, boda viajera en La Habana | Aire de Fiesta\",\"isPartOf\":{\"@id\":\"https:\/\/airedefiestacuba.com\/#website\"},\"primaryImageOfPage\":{\"@id\":\"https:\/\/airedefiestacuba.com\/maria-y-jose-boda-viajera-en-la-habana\/#primaryimage\"},\"image\":{\"@id\":\"https:\/\/airedefiestacuba.com\/maria-y-jose-boda-viajera-en-la-habana\/#primaryimage\"},\"thumbnailUrl\":\"https:\/\/airedefiestacuba.com\/wp-content\/uploads\/2024\/02\/thematic-wedding-ceremony-celebration-1.jpg\",\"datePublished\":\"2024-02-11T19:55:46+00:00\",\"dateModified\":\"2025-06-26T05:24:06+00:00\",\"description\":\"Una boda viajera fue la inspiraci\u00f3n perfecta para estos novios que descubrieron juntos su pasi\u00f3n por conocer sitios nuevos en todo el mundo.\",\"breadcrumb\":{\"@id\":\"https:\/\/airedefiestacuba.com\/maria-y-jose-boda-viajera-en-la-habana\/#breadcrumb\"},\"inLanguage\":\"en-US\",\"potentialAction\":[{\"@type\":\"ReadAction\",\"target\":[\"https:\/\/airedefiestacuba.com\/maria-y-jose-boda-viajera-en-la-habana\/\"]}]},{\"@type\":\"ImageObject\",\"inLanguage\":\"en-US\",\"@id\":\"https:\/\/airedefiestacuba.com\/maria-y-jose-boda-viajera-en-la-habana\/#primaryimage\",\"url\":\"https:\/\/airedefiestacuba.com\/wp-content\/uploads\/2024\/02\/thematic-wedding-ceremony-celebration-1.jpg\",\"contentUrl\":\"https:\/\/airedefiestacuba.com\/wp-content\/uploads\/2024\/02\/thematic-wedding-ceremony-celebration-1.jpg\",\"width\":720,\"height\":1080,\"caption\":\"Mientras sal\u00edan de la ceremonia, los novios fueron recibidos entre arroz y sonrisas en esta boda tem\u00e1tica frente al mar\"},{\"@type\":\"BreadcrumbList\",\"@id\":\"https:\/\/airedefiestacuba.com\/maria-y-jose-boda-viajera-en-la-habana\/#breadcrumb\",\"itemListElement\":[{\"@type\":\"ListItem\",\"position\":1,\"name\":\"Home\",\"item\":\"https:\/\/airedefiestacuba.com\/\"},{\"@type\":\"ListItem\",\"position\":2,\"name\":\"Mar\u00eda y Jos\u00e9, boda viajera en La Habana\"}]},{\"@type\":\"WebSite\",\"@id\":\"https:\/\/airedefiestacuba.com\/#website\",\"url\":\"https:\/\/airedefiestacuba.com\/\",\"name\":\"Bodas en Cuba | Organizadores Expertos con +10 A\u00f1os de \u00c9xito\",\"description\":\"Expertos en bodas de destino en Cuba. Convertimos tu visi\u00f3n en una celebraci\u00f3n perfecta. Garantizamos que tu \u00fanico trabajo sea decir &quot;S\u00ed, quiero&quot;.\",\"publisher\":{\"@id\":\"https:\/\/airedefiestacuba.com\/#organization\"},\"potentialAction\":[{\"@type\":\"SearchAction\",\"target\":{\"@type\":\"EntryPoint\",\"urlTemplate\":\"https:\/\/airedefiestacuba.com\/?s={search_term_string}\"},\"query-input\":{\"@type\":\"PropertyValueSpecification\",\"valueRequired\":true,\"valueName\":\"search_term_string\"}}],\"inLanguage\":\"en-US\"},{\"@type\":\"Organization\",\"@id\":\"https:\/\/airedefiestacuba.com\/#organization\",\"name\":\"Bodas en Cuba | Organizadores Expertos con +10 A\u00f1os de \u00c9xito\",\"url\":\"https:\/\/airedefiestacuba.com\/\",\"logo\":{\"@type\":\"ImageObject\",\"inLanguage\":\"en-US\",\"@id\":\"https:\/\/airedefiestacuba.com\/#\/schema\/logo\/image\/\",\"url\":\"https:\/\/airedefiestacuba.com\/wp-content\/uploads\/2022\/03\/3Asset-3.png\",\"contentUrl\":\"https:\/\/airedefiestacuba.com\/wp-content\/uploads\/2022\/03\/3Asset-3.png\",\"width\":1460,\"height\":777,\"caption\":\"Bodas en Cuba | Organizadores Expertos con +10 A\u00f1os de \u00c9xito\"},\"image\":{\"@id\":\"https:\/\/airedefiestacuba.com\/#\/schema\/logo\/image\/\"}},{\"@type\":\"Person\",\"@id\":\"https:\/\/airedefiestacuba.com\/#\/schema\/person\/5865234420ad0876562c26f9fd5dcf12\",\"name\":\"airedefiestacuba.com\",\"image\":{\"@type\":\"ImageObject\",\"inLanguage\":\"en-US\",\"@id\":\"https:\/\/airedefiestacuba.com\/#\/schema\/person\/image\/\",\"url\":\"https:\/\/secure.gravatar.com\/avatar\/1f6087c3554fde612f8f41b6a4287ed465978a4cebc9c9b98289655ccf2008ce?s=96&d=mm&r=g\",\"contentUrl\":\"https:\/\/secure.gravatar.com\/avatar\/1f6087c3554fde612f8f41b6a4287ed465978a4cebc9c9b98289655ccf2008ce?s=96&d=mm&r=g\",\"caption\":\"airedefiestacuba.com\"},\"sameAs\":[\"http:\/\/airedefiestacuba.com\"]}]}<\/script>\n<!-- \/ Yoast SEO Premium plugin. -->","yoast_head_json":{"title":"Mar\u00eda and Jos\u00e9, travel-themed wedding in Havana | Aire de Fiesta","description":"A travel-themed wedding was the perfect inspiration for this couple, who discovered together their passion for exploring new places around the world.","robots":{"index":"index","follow":"follow","max-snippet":"max-snippet:-1","max-image-preview":"max-image-preview:large","max-video-preview":"max-video-preview:-1"},"canonical":"https:\/\/airedefiestacuba.com\/en\/maria-y-jose-boda-viajera-en-la-habana\/","og_locale":"en_US","og_type":"article","og_title":"Mar\u00eda y Jos\u00e9, boda viajera en La Habana","og_description":"Una boda viajera fue la inspiraci\u00f3n perfecta para estos novios que descubrieron juntos su pasi\u00f3n por conocer sitios nuevos en todo el mundo.","og_url":"https:\/\/airedefiestacuba.com\/en\/maria-y-jose-boda-viajera-en-la-habana\/","og_site_name":"Bodas en Cuba | Organizadores Expertos con +10 A\u00f1os de \u00c9xito","article_published_time":"2024-02-11T19:55:46+00:00","article_modified_time":"2025-06-26T05:24:06+00:00","og_image":[{"width":720,"height":1080,"url":"https:\/\/airedefiestacuba.com\/wp-content\/uploads\/2024\/02\/thematic-wedding-ceremony-celebration-1.jpg","type":"image\/jpeg"}],"author":"airedefiestacuba.com","twitter_card":"summary_large_image","twitter_description":"Una boda viajera fue la inspiraci\u00f3n perfecta para estos novios que descubrieron juntos su pasi\u00f3n por conocer sitios nuevos en todo el mundo.","twitter_misc":{"Written by":"airedefiestacuba.com","Est. reading time":"11 minutes"},"schema":{"@context":"https:\/\/schema.org","@graph":[{"@type":"Article","@id":"https:\/\/airedefiestacuba.com\/maria-y-jose-boda-viajera-en-la-habana\/#article","isPartOf":{"@id":"https:\/\/airedefiestacuba.com\/maria-y-jose-boda-viajera-en-la-habana\/"},"author":{"name":"airedefiestacuba.com","@id":"https:\/\/airedefiestacuba.com\/#\/schema\/person\/5865234420ad0876562c26f9fd5dcf12"},"headline":"Mar\u00eda y Jos\u00e9, boda viajera en La Habana","datePublished":"2024-02-11T19:55:46+00:00","dateModified":"2025-06-26T05:24:06+00:00","mainEntityOfPage":{"@id":"https:\/\/airedefiestacuba.com\/maria-y-jose-boda-viajera-en-la-habana\/"},"wordCount":432,"commentCount":0,"publisher":{"@id":"https:\/\/airedefiestacuba.com\/#organization"},"image":{"@id":"https:\/\/airedefiestacuba.com\/maria-y-jose-boda-viajera-en-la-habana\/#primaryimage"},"thumbnailUrl":"https:\/\/airedefiestacuba.com\/wp-content\/uploads\/2024\/02\/thematic-wedding-ceremony-celebration-1.jpg","keywords":["boda en cuba","boda en la habana","boda tem\u00e1tica","boda tem\u00e1tica viajes","boda viajera","wedding planner","wedding planners cuba"],"articleSection":["Bodas","Habana"],"inLanguage":"en-US","potentialAction":[{"@type":"CommentAction","name":"Comment","target":["https:\/\/airedefiestacuba.com\/maria-y-jose-boda-viajera-en-la-habana\/#respond"]}]},{"@type":"WebPage","@id":"https:\/\/airedefiestacuba.com\/maria-y-jose-boda-viajera-en-la-habana\/","url":"https:\/\/airedefiestacuba.com\/maria-y-jose-boda-viajera-en-la-habana\/","name":"Mar\u00eda and Jos\u00e9, travel-themed wedding in Havana | Aire de Fiesta","isPartOf":{"@id":"https:\/\/airedefiestacuba.com\/#website"},"primaryImageOfPage":{"@id":"https:\/\/airedefiestacuba.com\/maria-y-jose-boda-viajera-en-la-habana\/#primaryimage"},"image":{"@id":"https:\/\/airedefiestacuba.com\/maria-y-jose-boda-viajera-en-la-habana\/#primaryimage"},"thumbnailUrl":"https:\/\/airedefiestacuba.com\/wp-content\/uploads\/2024\/02\/thematic-wedding-ceremony-celebration-1.jpg","datePublished":"2024-02-11T19:55:46+00:00","dateModified":"2025-06-26T05:24:06+00:00","description":"A travel-themed wedding was the perfect inspiration for this couple, who discovered together their passion for exploring new places around the world.","breadcrumb":{"@id":"https:\/\/airedefiestacuba.com\/maria-y-jose-boda-viajera-en-la-habana\/#breadcrumb"},"inLanguage":"en-US","potentialAction":[{"@type":"ReadAction","target":["https:\/\/airedefiestacuba.com\/maria-y-jose-boda-viajera-en-la-habana\/"]}]},{"@type":"ImageObject","inLanguage":"en-US","@id":"https:\/\/airedefiestacuba.com\/maria-y-jose-boda-viajera-en-la-habana\/#primaryimage","url":"https:\/\/airedefiestacuba.com\/wp-content\/uploads\/2024\/02\/thematic-wedding-ceremony-celebration-1.jpg","contentUrl":"https:\/\/airedefiestacuba.com\/wp-content\/uploads\/2024\/02\/thematic-wedding-ceremony-celebration-1.jpg","width":720,"height":1080,"caption":"Mientras sal\u00edan de la ceremonia, los novios fueron recibidos entre arroz y sonrisas en esta boda tem\u00e1tica frente al mar"},{"@type":"BreadcrumbList","@id":"https:\/\/airedefiestacuba.com\/maria-y-jose-boda-viajera-en-la-habana\/#breadcrumb","itemListElement":[{"@type":"ListItem","position":1,"name":"Home","item":"https:\/\/airedefiestacuba.com\/"},{"@type":"ListItem","position":2,"name":"Mar\u00eda y Jos\u00e9, boda viajera en La Habana"}]},{"@type":"WebSite","@id":"https:\/\/airedefiestacuba.com\/#website","url":"https:\/\/airedefiestacuba.com\/","name":"Weddings in Cuba | Expert Planners with 10+ Years of Success","description":"Experts in destination weddings in Cuba. We turn your vision into a perfect celebration. We guarantee that your only job will be to say \"I do.\"","publisher":{"@id":"https:\/\/airedefiestacuba.com\/#organization"},"potentialAction":[{"@type":"SearchAction","target":{"@type":"EntryPoint","urlTemplate":"https:\/\/airedefiestacuba.com\/?s={search_term_string}"},"query-input":{"@type":"PropertyValueSpecification","valueRequired":true,"valueName":"search_term_string"}}],"inLanguage":"en-US"},{"@type":"Organization","@id":"https:\/\/airedefiestacuba.com\/#organization","name":"Weddings in Cuba | Expert Planners with 10+ Years of Success","url":"https:\/\/airedefiestacuba.com\/","logo":{"@type":"ImageObject","inLanguage":"en-US","@id":"https:\/\/airedefiestacuba.com\/#\/schema\/logo\/image\/","url":"https:\/\/airedefiestacuba.com\/wp-content\/uploads\/2022\/03\/3Asset-3.png","contentUrl":"https:\/\/airedefiestacuba.com\/wp-content\/uploads\/2022\/03\/3Asset-3.png","width":1460,"height":777,"caption":"Bodas en Cuba | Organizadores Expertos con +10 A\u00f1os de \u00c9xito"},"image":{"@id":"https:\/\/airedefiestacuba.com\/#\/schema\/logo\/image\/"}},{"@type":"Person","@id":"https:\/\/airedefiestacuba.com\/#\/schema\/person\/5865234420ad0876562c26f9fd5dcf12","name":"airedefiestacuba.com","image":{"@type":"ImageObject","inLanguage":"en-US","@id":"https:\/\/airedefiestacuba.com\/#\/schema\/person\/image\/","url":"https:\/\/secure.gravatar.com\/avatar\/1f6087c3554fde612f8f41b6a4287ed465978a4cebc9c9b98289655ccf2008ce?s=96&d=mm&r=g","contentUrl":"https:\/\/secure.gravatar.com\/avatar\/1f6087c3554fde612f8f41b6a4287ed465978a4cebc9c9b98289655ccf2008ce?s=96&d=mm&r=g","caption":"airedefiestacuba.com"},"sameAs":["http:\/\/airedefiestacuba.com"]}]}},"_links":{"self":[{"href":"https:\/\/airedefiestacuba.com\/en\/wp-json\/wp\/v2\/posts\/3572","targetHints":{"allow":["GET"]}}],"collection":[{"href":"https:\/\/airedefiestacuba.com\/en\/wp-json\/wp\/v2\/posts"}],"about":[{"href":"https:\/\/airedefiestacuba.com\/en\/wp-json\/wp\/v2\/types\/post"}],"author":[{"embeddable":true,"href":"https:\/\/airedefiestacuba.com\/en\/wp-json\/wp\/v2\/users\/1"}],"replies":[{"embeddable":true,"href":"https:\/\/airedefiestacuba.com\/en\/wp-json\/wp\/v2\/comments?post=3572"}],"version-history":[{"count":55,"href":"https:\/\/airedefiestacuba.com\/en\/wp-json\/wp\/v2\/posts\/3572\/revisions"}],"predecessor-version":[{"id":25957,"href":"https:\/\/airedefiestacuba.com\/en\/wp-json\/wp\/v2\/posts\/3572\/revisions\/25957"}],"wp:featuredmedia":[{"embeddable":true,"href":"https:\/\/airedefiestacuba.com\/en\/wp-json\/wp\/v2\/media\/3599"}],"wp:attachment":[{"href":"https:\/\/airedefiestacuba.com\/en\/wp-json\/wp\/v2\/media?parent=3572"}],"wp:term":[{"taxonomy":"category","embeddable":true,"href":"https:\/\/airedefiestacuba.com\/en\/wp-json\/wp\/v2\/categories?post=3572"},{"taxonomy":"post_tag","embeddable":true,"href":"https:\/\/airedefiestacuba.com\/en\/wp-json\/wp\/v2\/tags?post=3572"}],"curies":[{"name":"wp","href":"https:\/\/api.w.org\/{rel}","templated":true}]}}