{"id":2491,"date":"2024-01-23T18:41:39","date_gmt":"2024-01-23T17:41:39","guid":{"rendered":"https:\/\/airedefiestacuba.com\/?p=2491"},"modified":"2025-06-26T07:06:53","modified_gmt":"2025-06-26T05:06:53","slug":"boda-en-la-habana-bella-y-alejandro","status":"publish","type":"post","link":"https:\/\/airedefiestacuba.com\/en\/boda-en-la-habana-bella-y-alejandro\/","title":{"rendered":"Bella and Alejandro, wedding at Divina Pastora in Havana"},"content":{"rendered":"<div id=\"ez-toc-container\" class=\"ez-toc-v2_0_80 ez-toc-wrap-left counter-hierarchy ez-toc-counter ez-toc-white ez-toc-container-direction\">\n<div class=\"ez-toc-title-container\">\n<p class=\"ez-toc-title\" style=\"cursor:inherit\">Table of Contents<\/p>\n<span class=\"ez-toc-title-toggle\"><a href=\"#\" class=\"ez-toc-pull-right ez-toc-btn ez-toc-btn-xs ez-toc-btn-default ez-toc-toggle\" aria-label=\"Toggle Table of Content\"><span class=\"ez-toc-js-icon-con\"><span class=\"\"><span class=\"eztoc-hide\" style=\"display:none;\">Toggle<\/span><span class=\"ez-toc-icon-toggle-span\"><svg style=\"fill: #999;color:#999\" xmlns=\"http:\/\/www.w3.org\/2000\/svg\" class=\"list-377408\" width=\"20px\" height=\"20px\" viewbox=\"0 0 24 24\" fill=\"none\"><path d=\"M6 6H4v2h2V6zm14 0H8v2h12V6zM4 11h2v2H4v-2zm16 0H8v2h12v-2zM4 16h2v2H4v-2zm16 0H8v2h12v-2z\" fill=\"currentColor\"><\/path><\/svg><svg style=\"fill: #999;color:#999\" class=\"arrow-unsorted-368013\" xmlns=\"http:\/\/www.w3.org\/2000\/svg\" width=\"10px\" height=\"10px\" viewbox=\"0 0 24 24\" version=\"1.2\" baseprofile=\"tiny\"><path d=\"M18.2 9.3l-6.2-6.3-6.2 6.3c-.2.2-.3.4-.3.7s.1.5.3.7c.2.2.4.3.7.3h11c.3 0 .5-.1.7-.3.2-.2.3-.5.3-.7s-.1-.5-.3-.7zM5.8 14.7l6.2 6.3 6.2-6.3c.2-.2.3-.5.3-.7s-.1-.5-.3-.7c-.2-.2-.4-.3-.7-.3h-11c-.3 0-.5.1-.7.3-.2.2-.3.5-.3.7s.1.5.3.7z\"\/><\/svg><\/span><\/span><\/span><\/a><\/span><\/div>\n<nav><ul class='ez-toc-list ez-toc-list-level-1 eztoc-toggle-hide-by-default' ><li class='ez-toc-page-1 ez-toc-heading-level-2'><a class=\"ez-toc-link ez-toc-heading-1\" href=\"https:\/\/airedefiestacuba.com\/en\/boda-en-la-habana-bella-y-alejandro\/#Una_Boda_de_Destino_en_La_Habana\" >Una Boda de Destino en La Habana<\/a><\/li><li class='ez-toc-page-1 ez-toc-heading-level-2'><a class=\"ez-toc-link ez-toc-heading-2\" href=\"https:\/\/airedefiestacuba.com\/en\/boda-en-la-habana-bella-y-alejandro\/#Ceremonia_en_La_Divina_Pastora\" >Ceremonia en La Divina Pastora<\/a><\/li><li class='ez-toc-page-1 ez-toc-heading-level-2'><a class=\"ez-toc-link ez-toc-heading-3\" href=\"https:\/\/airedefiestacuba.com\/en\/boda-en-la-habana-bella-y-alejandro\/#Recepcion_Elegante_y_Colorida\" >Recepci\u00f3n Elegante y Colorida<\/a><\/li><li class='ez-toc-page-1 ez-toc-heading-level-2'><a class=\"ez-toc-link ez-toc-heading-4\" href=\"https:\/\/airedefiestacuba.com\/en\/boda-en-la-habana-bella-y-alejandro\/#Momentos_Memorables_y_Detalles_Unicos\" >Momentos Memorables y Detalles \u00danicos<\/a><\/li><li class='ez-toc-page-1 ez-toc-heading-level-2'><a class=\"ez-toc-link ez-toc-heading-5\" href=\"https:\/\/airedefiestacuba.com\/en\/boda-en-la-habana-bella-y-alejandro\/#Una_Celebracion_Personalizada\" >Una Celebraci\u00f3n Personalizada<\/a><\/li><li class='ez-toc-page-1 ez-toc-heading-level-2'><a class=\"ez-toc-link ez-toc-heading-6\" href=\"https:\/\/airedefiestacuba.com\/en\/boda-en-la-habana-bella-y-alejandro\/#Proveedores\" >Suppliers:<\/a><\/li><\/ul><\/nav><\/div>\n\t\t<div data-elementor-type=\"wp-post\" data-elementor-id=\"2491\" class=\"elementor elementor-2491\" data-elementor-post-type=\"post\">\n\t\t\t\t<div class=\"elementor-element elementor-element-3b980c5 e-con-full e-flex e-con e-parent\" data-id=\"3b980c5\" data-element_type=\"container\">\n\t\t<div class=\"elementor-element elementor-element-3b73d6f2 e-con-full e-flex e-con e-child\" data-id=\"3b73d6f2\" data-element_type=\"container\">\n\t\t\t\t<div class=\"elementor-element elementor-element-197907b elementor-widget-tablet__width-initial elementor-widget__width-initial elementor-widget elementor-widget-image\" data-id=\"197907b\" data-element_type=\"widget\" data-widget_type=\"image.default\">\n\t\t\t\t<div class=\"elementor-widget-container\">\n\t\t\t\t\t\t\t\t\t\t\t\t\t\t\t<img fetchpriority=\"high\" decoding=\"async\" width=\"1024\" height=\"425\" src=\"https:\/\/airedefiestacuba.com\/wp-content\/uploads\/2025\/06\/Asset-23@10x1-1024x425.png\" class=\"attachment-large size-large wp-image-24966\" alt=\"Aire de Fiesta logo, wedding planning in Cuba\" srcset=\"\" sizes=\"(max-width: 1024px) 100vw, 1024px\" data-srcset=\"\" \/>\t\t\t\t\t\t\t\t\t\t\t\t\t\t\t<\/div>\n\t\t\t\t<\/div>\n\t\t\t\t<div class=\"elementor-element elementor-element-6e12fe24 elementor-hidden-desktop elementor-hidden-tablet elementor-widget elementor-widget-image\" data-id=\"6e12fe24\" data-element_type=\"widget\" data-widget_type=\"image.default\">\n\t\t\t\t<div class=\"elementor-widget-container\">\n\t\t\t\t\t\t\t\t\t\t\t\t\t\t\t<img decoding=\"async\" width=\"684\" height=\"1024\" src=\"https:\/\/airedefiestacuba.com\/wp-content\/uploads\/2024\/01\/04-just-married-photo-session_boda-habana-3-684x1024.jpg\" class=\"attachment-large size-large wp-image-2513\" alt=\"Bella y Alejandro compartiendo un beso rom\u00e1ntico junto a la bah\u00eda tras su boda en La Divina Pastora\" srcset=\"https:\/\/airedefiestacuba.com\/wp-content\/uploads\/2024\/01\/04-just-married-photo-session_boda-habana-3-684x1024.jpg 684w, https:\/\/airedefiestacuba.com\/wp-content\/uploads\/2024\/01\/04-just-married-photo-session_boda-habana-3-200x300.jpg 200w, https:\/\/airedefiestacuba.com\/wp-content\/uploads\/2024\/01\/04-just-married-photo-session_boda-habana-3-768x1151.jpg 768w, https:\/\/airedefiestacuba.com\/wp-content\/uploads\/2024\/01\/04-just-married-photo-session_boda-habana-3-1025x1536.jpg 1025w, https:\/\/airedefiestacuba.com\/wp-content\/uploads\/2024\/01\/04-just-married-photo-session_boda-habana-3.jpg 1282w\" sizes=\"(max-width: 684px) 100vw, 684px\" \/>\t\t\t\t\t\t\t\t\t\t\t\t\t\t\t<\/div>\n\t\t\t\t<\/div>\n\t\t\t\t<div class=\"elementor-element elementor-element-528aca6e sumary elementor-widget elementor-widget-text-editor\" data-id=\"528aca6e\" data-element_type=\"widget\" data-widget_type=\"text-editor.default\">\n\t\t\t\t<div class=\"elementor-widget-container\">\n\t\t\t\t\t\t\t\t\t<h4>Bella y Alejandro<\/h4>\n<h1 class=\"fraseClave\">boda en La Divina Pastora<\/h1>\n<p><img class=\"h-100 rounded-md cursor-pointer\" \/><\/p>\n<div class=\"prose break-words dark:prose-invert prose-p:leading-relaxed prose-pre:p-0 fix-max-with-100\">\n<p class=\"mb-2 last:mb-0\">Bella y Alejandro celebraron una encantadora boda en La Divina Pastora, un jard\u00edn destacado de La Habana. La ceremonia, con vistas a la bah\u00eda, present\u00f3 un camino de espejos y estructuras geom\u00e9tricas, realzando el atardecer. La recepci\u00f3n combin\u00f3 mesas en tonos pasteles y blanco, creando un ambiente m\u00e1gico. Momentos memorables incluyeron un recorrido en autos antiguos y l\u00e1mparas de papel con buenos deseos. Esta boda en La Divina Pastora fue una celebraci\u00f3n personalizada y \u00fanica.<\/p>\n<\/div>\t\t\t\t\t\t\t\t<\/div>\n\t\t\t\t<\/div>\n\t\t\t\t<div class=\"elementor-element elementor-element-f41f0a1 premium-modal-dismissible-yes elementor-widget elementor-widget-premium-addon-modal-box\" data-id=\"f41f0a1\" data-element_type=\"widget\" data-settings=\"{&quot;premium_modal_box_animation&quot;:&quot;fadeInDown&quot;}\" data-widget_type=\"premium-addon-modal-box.default\">\n\t\t\t\t<div class=\"elementor-widget-container\">\n\t\t\t\t\t\r\n\t\t<div class=\"premium-modal-box-container\" data-settings=\"{&quot;trigger&quot;:&quot;button&quot;,&quot;show_on_exit&quot;:false}\">\r\n\t\t\t<div class=\"premium-modal-trigger-container\">\r\n\t\t\t\t\t\t\t\t\t<button data-toggle=\"premium-modal\" data-target=\"#premium-modal-f41f0a1\" type=\"button\" class=\"premium-modal-trigger-btn premium-btn-sm premium-button-none\" data-text=\"Leer m\u00e1s\">\r\n\r\n\t\t\t\t\t\t\r\n\t\t\t\t\t\t<div class=\"premium-button-text-icon-wrapper\">\r\n\t\t\t\t\t\t\t<span>Read more<\/span>\r\n\t\t\t\t\t\t<\/div>\r\n\r\n\t\t\t\t\t\t\r\n\t\t\t\t\t\t\r\n\t\t\t\t\t\t\r\n\t\t\t\t\t<\/button>\r\n\t\t\t\t\t\t\t<\/div>\r\n\r\n\t\t\t<div id=\"premium-modal-f41f0a1\" class=\"premium-modal-box-modal\"\r\n\t\t\trole=\"dialog\"\r\n\t\t\tstyle=\"display: none\"\r\n\t\t\t>\r\n\t\t\t\t<div class=\"premium-modal-box-modal-dialog\" data-delay-animation=\"\" data-modal-animation=\"fadeInDown animated-fast\">\r\n\t\t\t\t\t\t\t\t\t\t\t<div class=\"premium-modal-box-modal-header\">\r\n\t\t\t\t\t\t\t\t\t\t\t\t\t\t\t<h3 class=\"premium-modal-box-modal-title\">\r\n\t\t\t\t\t\t\t\t\t\t\t\t<img decoding=\"async\" src=\"\" alt=\"\">\r\n\t\t\tCaja en blanco \t\t\t\t\t\t\t\t<\/h3>\r\n\t\t\t\t\t\t\t\t\t\t\t\t\t\t\t\t\t\t\t\t\t\t<div class=\"premium-modal-box-close-button-container\">\r\n\t\t\t\t\t\t\t\t\t<button type=\"button\" class=\"premium-modal-box-modal-close\" data-dismiss=\"premium-modal\">\u00d7<\/button>\r\n\t\t\t\t\t\t\t\t<\/div>\r\n\t\t\t\t\t\t\t\t\t\t\t\t\t<\/div>\r\n\t\t\t\t\t\t\t\t\t\t<div class=\"premium-modal-box-modal-body\">\r\n\t\t\t\t\t\t<h2><span class=\"ez-toc-section\" id=\"Una_Boda_de_Destino_en_La_Habana\"><\/span>Una Boda de Destino en La Habana<span class=\"ez-toc-section-end\"><\/span><\/h2>\n<p class=\"mb-2 last:mb-0\">Bella and Alejandro marked their special day with an enchanting destination wedding at one of Havana's most coveted gardens. The affair, crafted with modern and elegant style cues, beautifully intertwined classic elements typical of such celebrations.<\/p>\n<h2><span class=\"ez-toc-section\" id=\"Ceremonia_en_La_Divina_Pastora\"><\/span>Ceremonia en La Divina Pastora<span class=\"ez-toc-section-end\"><\/span><\/h2>\n<p class=\"mb-2 last:mb-0\">The ceremony unfolded in the garden of La Divina Pastora restaurant, with a picturesque view of Havana Bay. The bride's aisle was akin to a mirrored runway, adding a touch of glamour. The selection of geometric structures and floral arrangements not only crafted a distinctive setting for the couple but also accentuated the enchanting sunset ambiance, the precise moment chosen by the pair to commence their ceremony.<\/p>\n<h2><span class=\"ez-toc-section\" id=\"Recepcion_Elegante_y_Colorida\"><\/span>Recepci\u00f3n Elegante y Colorida<span class=\"ez-toc-section-end\"><\/span><\/h2>\n<p class=\"mb-2 last:mb-0\">The pastel color palette and classic white tones stole the show at the reception. Round tables were elegantly paired with intricately designed lattice tables for dinner, featuring the dance floor positioned at the heart of it all. The decor seamlessly weaved together various textures and design elements throughout the space.<\/p>\n<h3>Iluminaci\u00f3n M\u00e1gica y Ambiente Encantador<\/h3>\n<p class=\"mb-2 last:mb-0\">The ambient lighting at this Havana wedding, featuring enchanting lamps and wooden structures adorned with white fabrics, played a key role in crafting a truly magical atmosphere for the guests.<\/p>\n<h2><span class=\"ez-toc-section\" id=\"Momentos_Memorables_y_Detalles_Unicos\"><\/span>Momentos Memorables y Detalles \u00danicos<span class=\"ez-toc-section-end\"><\/span><\/h2>\n<p class=\"mb-2 last:mb-0\">Among the most distinctive moments were the newlyweds and guests' ride in vintage cars, stilt walkers in their colorful attire, and paper lanterns carrying well wishes as they soared through the skies of Havana.<\/p>\n<h2><span class=\"ez-toc-section\" id=\"Una_Celebracion_Personalizada\"><\/span>Una Celebraci\u00f3n Personalizada<span class=\"ez-toc-section-end\"><\/span><\/h2>\n<p class=\"mb-2 last:mb-0\">Destination wedding meticulously coordinated, decorated, and personalized down to the smallest detail, in Havana.<\/p>\t\t\t\t\t<\/div>\r\n\t\t\t\t\t\t\t\t\t\t\t<div class=\"premium-modal-box-modal-footer\">\r\n\t\t\t\t\t\t\t<button type=\"button\" class=\"premium-modal-box-modal-lower-close\" data-dismiss=\"premium-modal\">\r\n\t\t\t\t\t\t\t\tClose\t\t\t\t\t\t\t<\/button>\r\n\t\t\t\t\t\t<\/div>\r\n\t\t\t\t\t\t\t\t\t<\/div>\r\n\t\t\t<\/div>\r\n\t\t<\/div>\r\n\r\n\t\t\t\t\t\t<\/div>\n\t\t\t\t<\/div>\n\t\t\t\t<\/div>\n\t\t<div class=\"elementor-element elementor-element-6796c461 e-con-full e-flex e-con e-child\" data-id=\"6796c461\" data-element_type=\"container\">\n\t\t\t\t<div class=\"elementor-element elementor-element-5cfd5c33 elementor-hidden-mobile elementor-widget elementor-widget-image\" data-id=\"5cfd5c33\" data-element_type=\"widget\" data-widget_type=\"image.default\">\n\t\t\t\t<div class=\"elementor-widget-container\">\n\t\t\t\t\t\t\t\t\t\t\t\t\t\t\t<img decoding=\"async\" width=\"684\" height=\"1024\" src=\"https:\/\/airedefiestacuba.com\/wp-content\/uploads\/2024\/01\/04-just-married-photo-session_boda-habana-3-684x1024.jpg\" class=\"attachment-large size-large wp-image-2513\" alt=\"Bella y Alejandro compartiendo un beso rom\u00e1ntico junto a la bah\u00eda tras su boda en La Divina Pastora\" srcset=\"https:\/\/airedefiestacuba.com\/wp-content\/uploads\/2024\/01\/04-just-married-photo-session_boda-habana-3-684x1024.jpg 684w, https:\/\/airedefiestacuba.com\/wp-content\/uploads\/2024\/01\/04-just-married-photo-session_boda-habana-3-200x300.jpg 200w, https:\/\/airedefiestacuba.com\/wp-content\/uploads\/2024\/01\/04-just-married-photo-session_boda-habana-3-768x1151.jpg 768w, https:\/\/airedefiestacuba.com\/wp-content\/uploads\/2024\/01\/04-just-married-photo-session_boda-habana-3-1025x1536.jpg 1025w, https:\/\/airedefiestacuba.com\/wp-content\/uploads\/2024\/01\/04-just-married-photo-session_boda-habana-3.jpg 1282w\" sizes=\"(max-width: 684px) 100vw, 684px\" \/>\t\t\t\t\t\t\t\t\t\t\t\t\t\t\t<\/div>\n\t\t\t\t<\/div>\n\t\t\t\t<\/div>\n\t\t\t\t<\/div>\n\t\t<div class=\"elementor-element elementor-element-5dc278f6 e-flex e-con-boxed e-con e-parent\" data-id=\"5dc278f6\" data-element_type=\"container\">\n\t\t\t\t\t<div class=\"e-con-inner\">\n\t\t<div class=\"elementor-element elementor-element-10dfa497 e-con-full e-flex e-con e-child\" data-id=\"10dfa497\" data-element_type=\"container\">\n\t\t\t\t<\/div>\n\t\t<div class=\"elementor-element elementor-element-13fa325a e-con-full e-flex e-con e-child\" data-id=\"13fa325a\" data-element_type=\"container\">\n\t\t\t\t<div class=\"elementor-element elementor-element-3008d20a elementor-widget__width-initial provider elementor-widget elementor-widget-text-editor\" data-id=\"3008d20a\" data-element_type=\"widget\" data-widget_type=\"text-editor.default\">\n\t\t\t\t<div class=\"elementor-widget-container\">\n\t\t\t\t\t\t\t\t\t<h2 class=\"proveedores-titulo\"><span class=\"ez-toc-section\" id=\"Proveedores\"><\/span>Suppliers:<span class=\"ez-toc-section-end\"><\/span><\/h2>\n<h3>Coordination, Decoration, and Floristry:<\/h3>\n<p>Aire de Fiesta<\/p>\n<h3>International Collaboration:<\/h3>\n<p>Desstour<\/p>\n<h3>Photography:<\/h3>\n<p>LIM Studio<\/p>\n<p>\u00a0<\/p>\n<p>\u00a0<\/p>\t\t\t\t\t\t\t\t<\/div>\n\t\t\t\t<\/div>\n\t\t\t\t<\/div>\n\t\t\t\t\t<\/div>\n\t\t\t\t<\/div>\n\t\t<div class=\"elementor-element elementor-element-6a0777d9 e-flex e-con-boxed e-con e-parent\" data-id=\"6a0777d9\" data-element_type=\"container\">\n\t\t\t\t\t<div class=\"e-con-inner\">\n\t\t\t\t<div class=\"elementor-element elementor-element-42fa46eb elementor-widget elementor-widget-image\" data-id=\"42fa46eb\" data-element_type=\"widget\" data-widget_type=\"image.default\">\n\t\t\t\t<div class=\"elementor-widget-container\">\n\t\t\t\t\t\t\t\t\t\t\t\t\t\t\t<img decoding=\"async\" src=\"https:\/\/airedefiestacuba.com\/wp-content\/uploads\/2024\/01\/00-bride-getting-ready_boda-habana-3-1024x684.jpg\" title=\"\" alt=\"\" loading=\"lazy\" \/>\t\t\t\t\t\t\t\t\t\t\t\t\t\t\t<\/div>\n\t\t\t\t<\/div>\n\t\t\t\t\t<\/div>\n\t\t\t\t<\/div>\n\t\t<div class=\"elementor-element elementor-element-aa91bf6 e-flex e-con-boxed e-con e-parent\" data-id=\"aa91bf6\" data-element_type=\"container\">\n\t\t\t\t\t<div class=\"e-con-inner\">\n\t\t\t\t<div class=\"elementor-element elementor-element-d5da60a elementor-widget elementor-widget-image\" data-id=\"d5da60a\" data-element_type=\"widget\" data-widget_type=\"image.default\">\n\t\t\t\t<div class=\"elementor-widget-container\">\n\t\t\t\t\t\t\t\t\t\t\t\t\t\t\t<img decoding=\"async\" src=\"https:\/\/airedefiestacuba.com\/wp-content\/uploads\/2024\/01\/00-bride-getting-ready_boda-habana-4-1024x684.jpg\" title=\"\" alt=\"\" loading=\"lazy\" \/>\t\t\t\t\t\t\t\t\t\t\t\t\t\t\t<\/div>\n\t\t\t\t<\/div>\n\t\t\t\t\t<\/div>\n\t\t\t\t<\/div>\n\t\t<div class=\"elementor-element elementor-element-25eecf07 e-flex e-con-boxed e-con e-parent\" data-id=\"25eecf07\" data-element_type=\"container\">\n\t\t\t\t\t<div class=\"e-con-inner\">\n\t\t<div class=\"elementor-element elementor-element-6a454d53 e-con-full e-flex e-con e-child\" data-id=\"6a454d53\" data-element_type=\"container\">\n\t\t\t\t<div class=\"elementor-element elementor-element-4961fcd4 elementor-widget elementor-widget-image\" data-id=\"4961fcd4\" data-element_type=\"widget\" data-widget_type=\"image.default\">\n\t\t\t\t<div class=\"elementor-widget-container\">\n\t\t\t\t\t\t\t\t\t\t\t\t\t\t\t<img decoding=\"async\" src=\"https:\/\/airedefiestacuba.com\/wp-content\/uploads\/2024\/01\/00-bride-getting-ready_boda-habana-1-684x1024.jpg\" title=\"\" alt=\"\" loading=\"lazy\" \/>\t\t\t\t\t\t\t\t\t\t\t\t\t\t\t<\/div>\n\t\t\t\t<\/div>\n\t\t\t\t<\/div>\n\t\t<div class=\"elementor-element elementor-element-715db8c6 e-con-full e-flex e-con e-child\" data-id=\"715db8c6\" data-element_type=\"container\">\n\t\t\t\t<div class=\"elementor-element elementor-element-f8adbef elementor-widget elementor-widget-image\" data-id=\"f8adbef\" data-element_type=\"widget\" data-widget_type=\"image.default\">\n\t\t\t\t<div class=\"elementor-widget-container\">\n\t\t\t\t\t\t\t\t\t\t\t\t\t\t\t<img decoding=\"async\" src=\"https:\/\/airedefiestacuba.com\/wp-content\/uploads\/2024\/01\/00-bride-getting-ready_boda-habana-2-684x1024.jpg\" title=\"\" alt=\"\" loading=\"lazy\" \/>\t\t\t\t\t\t\t\t\t\t\t\t\t\t\t<\/div>\n\t\t\t\t<\/div>\n\t\t\t\t<\/div>\n\t\t\t\t\t<\/div>\n\t\t\t\t<\/div>\n\t\t<div class=\"elementor-element elementor-element-1bf7a06 e-flex e-con-boxed e-con e-parent\" data-id=\"1bf7a06\" data-element_type=\"container\">\n\t\t\t\t\t<div class=\"e-con-inner\">\n\t\t<div class=\"elementor-element elementor-element-e87cdce e-con-full e-flex e-con e-child\" data-id=\"e87cdce\" data-element_type=\"container\">\n\t\t\t\t<div class=\"elementor-element elementor-element-895da80 elementor-widget elementor-widget-image\" data-id=\"895da80\" data-element_type=\"widget\" data-widget_type=\"image.default\">\n\t\t\t\t<div class=\"elementor-widget-container\">\n\t\t\t\t\t\t\t\t\t\t\t\t\t\t\t<img decoding=\"async\" src=\"https:\/\/airedefiestacuba.com\/wp-content\/uploads\/2024\/01\/01-bride-first-look_boda-habana-6-684x1024.jpg\" title=\"\" alt=\"\" loading=\"lazy\" \/>\t\t\t\t\t\t\t\t\t\t\t\t\t\t\t<\/div>\n\t\t\t\t<\/div>\n\t\t\t\t<\/div>\n\t\t<div class=\"elementor-element elementor-element-1d8ac04 e-con-full e-flex e-con e-child\" data-id=\"1d8ac04\" data-element_type=\"container\">\n\t\t\t\t<div class=\"elementor-element elementor-element-7e8b7c5 elementor-widget elementor-widget-image\" data-id=\"7e8b7c5\" data-element_type=\"widget\" data-widget_type=\"image.default\">\n\t\t\t\t<div class=\"elementor-widget-container\">\n\t\t\t\t\t\t\t\t\t\t\t\t\t\t\t<img decoding=\"async\" src=\"https:\/\/airedefiestacuba.com\/wp-content\/uploads\/2024\/01\/01-bride-first-look_boda-habana-4-684x1024.jpg\" title=\"\" alt=\"\" loading=\"lazy\" \/>\t\t\t\t\t\t\t\t\t\t\t\t\t\t\t<\/div>\n\t\t\t\t<\/div>\n\t\t\t\t<\/div>\n\t\t\t\t\t<\/div>\n\t\t\t\t<\/div>\n\t\t<div class=\"elementor-element elementor-element-50d82cc e-flex e-con-boxed e-con e-parent\" data-id=\"50d82cc\" data-element_type=\"container\">\n\t\t\t\t\t<div class=\"e-con-inner\">\n\t\t\t\t<div class=\"elementor-element elementor-element-1977e10 elementor-widget elementor-widget-image\" data-id=\"1977e10\" data-element_type=\"widget\" data-widget_type=\"image.default\">\n\t\t\t\t<div class=\"elementor-widget-container\">\n\t\t\t\t\t\t\t\t\t\t\t\t\t\t\t<img decoding=\"async\" src=\"https:\/\/airedefiestacuba.com\/wp-content\/uploads\/2024\/01\/01-bride-first-look_boda-habana-5-1024x684.jpg\" title=\"\" alt=\"\" loading=\"lazy\" \/>\t\t\t\t\t\t\t\t\t\t\t\t\t\t\t<\/div>\n\t\t\t\t<\/div>\n\t\t\t\t\t<\/div>\n\t\t\t\t<\/div>\n\t\t<div class=\"elementor-element elementor-element-62df550 e-flex e-con-boxed e-con e-parent\" data-id=\"62df550\" data-element_type=\"container\">\n\t\t\t\t\t<div class=\"e-con-inner\">\n\t\t\t\t<div class=\"elementor-element elementor-element-58d0fff elementor-widget elementor-widget-image\" data-id=\"58d0fff\" data-element_type=\"widget\" data-widget_type=\"image.default\">\n\t\t\t\t<div class=\"elementor-widget-container\">\n\t\t\t\t\t\t\t\t\t\t\t\t\t\t\t<img decoding=\"async\" src=\"https:\/\/airedefiestacuba.com\/wp-content\/uploads\/2024\/01\/02-groom-getting-ready_boda-habana-1-1024x684.jpg\" title=\"\" alt=\"\" loading=\"lazy\" \/>\t\t\t\t\t\t\t\t\t\t\t\t\t\t\t<\/div>\n\t\t\t\t<\/div>\n\t\t\t\t\t<\/div>\n\t\t\t\t<\/div>\n\t\t<div class=\"elementor-element elementor-element-1d02940 e-flex e-con-boxed e-con e-parent\" data-id=\"1d02940\" data-element_type=\"container\">\n\t\t\t\t\t<div class=\"e-con-inner\">\n\t\t<div class=\"elementor-element elementor-element-61a5531 e-con-full e-flex e-con e-child\" data-id=\"61a5531\" data-element_type=\"container\">\n\t\t\t\t<div class=\"elementor-element elementor-element-45640fc elementor-widget elementor-widget-image\" data-id=\"45640fc\" data-element_type=\"widget\" data-widget_type=\"image.default\">\n\t\t\t\t<div class=\"elementor-widget-container\">\n\t\t\t\t\t\t\t\t\t\t\t\t\t\t\t<img decoding=\"async\" src=\"https:\/\/airedefiestacuba.com\/wp-content\/uploads\/2024\/01\/01-bride-first-look_boda-habana-7-684x1024.jpg\" title=\"\" alt=\"\" loading=\"lazy\" \/>\t\t\t\t\t\t\t\t\t\t\t\t\t\t\t<\/div>\n\t\t\t\t<\/div>\n\t\t\t\t<\/div>\n\t\t<div class=\"elementor-element elementor-element-5a3b876 e-con-full e-flex e-con e-child\" data-id=\"5a3b876\" data-element_type=\"container\">\n\t\t\t\t<div class=\"elementor-element elementor-element-7be6e94 elementor-widget elementor-widget-image\" data-id=\"7be6e94\" data-element_type=\"widget\" data-widget_type=\"image.default\">\n\t\t\t\t<div class=\"elementor-widget-container\">\n\t\t\t\t\t\t\t\t\t\t\t\t\t\t\t<img decoding=\"async\" src=\"https:\/\/airedefiestacuba.com\/wp-content\/uploads\/2024\/01\/03-destination-wedding-ceremony_boda-habana-9-1-684x1024.jpg\" title=\"\" alt=\"\" loading=\"lazy\" \/>\t\t\t\t\t\t\t\t\t\t\t\t\t\t\t<\/div>\n\t\t\t\t<\/div>\n\t\t\t\t<\/div>\n\t\t\t\t\t<\/div>\n\t\t\t\t<\/div>\n\t\t<div class=\"elementor-element elementor-element-43302c5 e-flex e-con-boxed e-con e-parent\" data-id=\"43302c5\" data-element_type=\"container\">\n\t\t\t\t\t<div class=\"e-con-inner\">\n\t\t\t\t<div class=\"elementor-element elementor-element-57f2216 elementor-widget elementor-widget-image\" data-id=\"57f2216\" data-element_type=\"widget\" data-widget_type=\"image.default\">\n\t\t\t\t<div class=\"elementor-widget-container\">\n\t\t\t\t\t\t\t\t\t\t\t\t\t\t\t<img decoding=\"async\" src=\"https:\/\/airedefiestacuba.com\/wp-content\/uploads\/2024\/01\/03-destination-wedding-ceremony_boda-habana-4-1024x684.jpg\" title=\"\" alt=\"\" loading=\"lazy\" \/>\t\t\t\t\t\t\t\t\t\t\t\t\t\t\t<\/div>\n\t\t\t\t<\/div>\n\t\t\t\t\t<\/div>\n\t\t\t\t<\/div>\n\t\t<div class=\"elementor-element elementor-element-0f2a404 e-flex e-con-boxed e-con e-parent\" data-id=\"0f2a404\" data-element_type=\"container\">\n\t\t\t\t\t<div class=\"e-con-inner\">\n\t\t\t\t<div class=\"elementor-element elementor-element-77a9c1d elementor-widget elementor-widget-image\" data-id=\"77a9c1d\" data-element_type=\"widget\" data-widget_type=\"image.default\">\n\t\t\t\t<div class=\"elementor-widget-container\">\n\t\t\t\t\t\t\t\t\t\t\t\t\t\t\t<img decoding=\"async\" src=\"https:\/\/airedefiestacuba.com\/wp-content\/uploads\/2024\/01\/03-destination-wedding-ceremony_boda-habana-3-1024x684.jpg\" title=\"\" alt=\"\" loading=\"lazy\" \/>\t\t\t\t\t\t\t\t\t\t\t\t\t\t\t<\/div>\n\t\t\t\t<\/div>\n\t\t\t\t\t<\/div>\n\t\t\t\t<\/div>\n\t\t<div class=\"elementor-element elementor-element-e598807 e-flex e-con-boxed e-con e-parent\" data-id=\"e598807\" data-element_type=\"container\">\n\t\t\t\t\t<div class=\"e-con-inner\">\n\t\t\t\t<div class=\"elementor-element elementor-element-cf85fe6 elementor-widget elementor-widget-image\" data-id=\"cf85fe6\" data-element_type=\"widget\" data-widget_type=\"image.default\">\n\t\t\t\t<div class=\"elementor-widget-container\">\n\t\t\t\t\t\t\t\t\t\t\t\t\t\t\t<img decoding=\"async\" src=\"https:\/\/airedefiestacuba.com\/wp-content\/uploads\/2024\/01\/03-destination-wedding-ceremony_boda-habana-5-1024x684.jpg\" title=\"\" alt=\"\" loading=\"lazy\" \/>\t\t\t\t\t\t\t\t\t\t\t\t\t\t\t<\/div>\n\t\t\t\t<\/div>\n\t\t\t\t\t<\/div>\n\t\t\t\t<\/div>\n\t\t<div class=\"elementor-element elementor-element-0945992 e-flex e-con-boxed e-con e-parent\" data-id=\"0945992\" data-element_type=\"container\">\n\t\t\t\t\t<div class=\"e-con-inner\">\n\t\t<div class=\"elementor-element elementor-element-7a96be9 e-con-full e-flex e-con e-child\" data-id=\"7a96be9\" data-element_type=\"container\">\n\t\t\t\t<div class=\"elementor-element elementor-element-0d7869d elementor-widget elementor-widget-image\" data-id=\"0d7869d\" data-element_type=\"widget\" data-widget_type=\"image.default\">\n\t\t\t\t<div class=\"elementor-widget-container\">\n\t\t\t\t\t\t\t\t\t\t\t\t\t\t\t<img decoding=\"async\" src=\"https:\/\/airedefiestacuba.com\/wp-content\/uploads\/2024\/01\/04-just-married-photo-session_boda-habana-3-684x1024.jpg\" title=\"\" alt=\"\" loading=\"lazy\" \/>\t\t\t\t\t\t\t\t\t\t\t\t\t\t\t<\/div>\n\t\t\t\t<\/div>\n\t\t\t\t<\/div>\n\t\t<div class=\"elementor-element elementor-element-4253f9b e-con-full e-flex e-con e-child\" data-id=\"4253f9b\" data-element_type=\"container\">\n\t\t\t\t<div class=\"elementor-element elementor-element-50d14a0 elementor-widget elementor-widget-image\" data-id=\"50d14a0\" data-element_type=\"widget\" data-widget_type=\"image.default\">\n\t\t\t\t<div class=\"elementor-widget-container\">\n\t\t\t\t\t\t\t\t\t\t\t\t\t\t\t<img decoding=\"async\" src=\"https:\/\/airedefiestacuba.com\/wp-content\/uploads\/2024\/01\/05-reception-elegant-decor_boda-habana-6-2-684x1024.jpg\" title=\"\" alt=\"\" loading=\"lazy\" \/>\t\t\t\t\t\t\t\t\t\t\t\t\t\t\t<\/div>\n\t\t\t\t<\/div>\n\t\t\t\t<\/div>\n\t\t\t\t\t<\/div>\n\t\t\t\t<\/div>\n\t\t<div class=\"elementor-element elementor-element-b15ca93 e-flex e-con-boxed e-con e-parent\" data-id=\"b15ca93\" data-element_type=\"container\">\n\t\t\t\t\t<div class=\"e-con-inner\">\n\t\t\t\t<div class=\"elementor-element elementor-element-c02c65b elementor-widget elementor-widget-image\" data-id=\"c02c65b\" data-element_type=\"widget\" data-widget_type=\"image.default\">\n\t\t\t\t<div class=\"elementor-widget-container\">\n\t\t\t\t\t\t\t\t\t\t\t\t\t\t\t<img decoding=\"async\" src=\"https:\/\/airedefiestacuba.com\/wp-content\/uploads\/2024\/01\/04-just-married-photo-session_boda-habana-2-1024x684.jpg\" title=\"\" alt=\"\" loading=\"lazy\" \/>\t\t\t\t\t\t\t\t\t\t\t\t\t\t\t<\/div>\n\t\t\t\t<\/div>\n\t\t\t\t\t<\/div>\n\t\t\t\t<\/div>\n\t\t<div class=\"elementor-element elementor-element-117c08f e-flex e-con-boxed e-con e-parent\" data-id=\"117c08f\" data-element_type=\"container\">\n\t\t\t\t\t<div class=\"e-con-inner\">\n\t\t\t\t<div class=\"elementor-element elementor-element-cb6d641 elementor-widget elementor-widget-image\" data-id=\"cb6d641\" data-element_type=\"widget\" data-widget_type=\"image.default\">\n\t\t\t\t<div class=\"elementor-widget-container\">\n\t\t\t\t\t\t\t\t\t\t\t\t\t\t\t<img decoding=\"async\" src=\"https:\/\/airedefiestacuba.com\/wp-content\/uploads\/2024\/01\/04-just-married-photo-session_boda-habana-1-1024x684.jpg\" title=\"\" alt=\"\" loading=\"lazy\" \/>\t\t\t\t\t\t\t\t\t\t\t\t\t\t\t<\/div>\n\t\t\t\t<\/div>\n\t\t\t\t\t<\/div>\n\t\t\t\t<\/div>\n\t\t<div class=\"elementor-element elementor-element-d617914 e-flex e-con-boxed e-con e-parent\" data-id=\"d617914\" data-element_type=\"container\">\n\t\t\t\t\t<div class=\"e-con-inner\">\n\t\t\t\t<div class=\"elementor-element elementor-element-0a87eb8 elementor-widget elementor-widget-image\" data-id=\"0a87eb8\" data-element_type=\"widget\" data-widget_type=\"image.default\">\n\t\t\t\t<div class=\"elementor-widget-container\">\n\t\t\t\t\t\t\t\t\t\t\t\t\t\t\t<img decoding=\"async\" src=\"https:\/\/airedefiestacuba.com\/wp-content\/uploads\/2024\/01\/MEL2817-1024x684.jpg\" title=\"\" alt=\"\" loading=\"lazy\" \/>\t\t\t\t\t\t\t\t\t\t\t\t\t\t\t<\/div>\n\t\t\t\t<\/div>\n\t\t\t\t\t<\/div>\n\t\t\t\t<\/div>\n\t\t<div class=\"elementor-element elementor-element-11817f5 e-flex e-con-boxed e-con e-parent\" data-id=\"11817f5\" data-element_type=\"container\">\n\t\t\t\t\t<div class=\"e-con-inner\">\n\t\t\t\t<div class=\"elementor-element elementor-element-4ae68b7 elementor-widget elementor-widget-image\" data-id=\"4ae68b7\" data-element_type=\"widget\" data-widget_type=\"image.default\">\n\t\t\t\t<div class=\"elementor-widget-container\">\n\t\t\t\t\t\t\t\t\t\t\t\t\t\t\t<img decoding=\"async\" src=\"https:\/\/airedefiestacuba.com\/wp-content\/uploads\/2024\/01\/MEL2904-1024x684.jpg\" title=\"\" alt=\"\" loading=\"lazy\" \/>\t\t\t\t\t\t\t\t\t\t\t\t\t\t\t<\/div>\n\t\t\t\t<\/div>\n\t\t\t\t\t<\/div>\n\t\t\t\t<\/div>\n\t\t<div class=\"elementor-element elementor-element-4db1e55 e-flex e-con-boxed e-con e-parent\" data-id=\"4db1e55\" data-element_type=\"container\">\n\t\t\t\t\t<div class=\"e-con-inner\">\n\t\t\t\t<div class=\"elementor-element elementor-element-611ead3 elementor-widget elementor-widget-image\" data-id=\"611ead3\" data-element_type=\"widget\" data-widget_type=\"image.default\">\n\t\t\t\t<div class=\"elementor-widget-container\">\n\t\t\t\t\t\t\t\t\t\t\t\t\t\t\t<img decoding=\"async\" src=\"https:\/\/airedefiestacuba.com\/wp-content\/uploads\/2024\/01\/MEL1890-edited.jpg\" title=\"\" alt=\"\" loading=\"lazy\" \/>\t\t\t\t\t\t\t\t\t\t\t\t\t\t\t<\/div>\n\t\t\t\t<\/div>\n\t\t\t\t\t<\/div>\n\t\t\t\t<\/div>\n\t\t<div class=\"elementor-element elementor-element-2b0993e e-flex e-con-boxed e-con e-parent\" data-id=\"2b0993e\" data-element_type=\"container\">\n\t\t\t\t\t<div class=\"e-con-inner\">\n\t\t\t\t<div class=\"elementor-element elementor-element-49bc837 elementor-widget elementor-widget-image\" data-id=\"49bc837\" data-element_type=\"widget\" data-widget_type=\"image.default\">\n\t\t\t\t<div class=\"elementor-widget-container\">\n\t\t\t\t\t\t\t\t\t\t\t\t\t\t\t<img decoding=\"async\" src=\"https:\/\/airedefiestacuba.com\/wp-content\/uploads\/2024\/01\/05-reception-elegant-decor_boda-habana-4-1024x684.jpg\" title=\"\" alt=\"\" loading=\"lazy\" \/>\t\t\t\t\t\t\t\t\t\t\t\t\t\t\t<\/div>\n\t\t\t\t<\/div>\n\t\t\t\t\t<\/div>\n\t\t\t\t<\/div>\n\t\t<div class=\"elementor-element elementor-element-90b3809 e-flex e-con-boxed e-con e-parent\" data-id=\"90b3809\" data-element_type=\"container\">\n\t\t\t\t\t<div class=\"e-con-inner\">\n\t\t\t\t<div class=\"elementor-element elementor-element-4de4fcf elementor-widget elementor-widget-image\" data-id=\"4de4fcf\" data-element_type=\"widget\" data-widget_type=\"image.default\">\n\t\t\t\t<div class=\"elementor-widget-container\">\n\t\t\t\t\t\t\t\t\t\t\t\t\t\t\t<img decoding=\"async\" src=\"https:\/\/airedefiestacuba.com\/wp-content\/uploads\/2024\/01\/05-reception-elegant-decor_boda-habana-5-1024x684.jpg\" title=\"\" alt=\"\" loading=\"lazy\" \/>\t\t\t\t\t\t\t\t\t\t\t\t\t\t\t<\/div>\n\t\t\t\t<\/div>\n\t\t\t\t\t<\/div>\n\t\t\t\t<\/div>\n\t\t<div class=\"elementor-element elementor-element-bb32689 e-flex e-con-boxed e-con e-parent\" data-id=\"bb32689\" data-element_type=\"container\">\n\t\t\t\t\t<div class=\"e-con-inner\">\n\t\t\t\t<div class=\"elementor-element elementor-element-0008f4e elementor-widget elementor-widget-image\" data-id=\"0008f4e\" data-element_type=\"widget\" data-widget_type=\"image.default\">\n\t\t\t\t<div class=\"elementor-widget-container\">\n\t\t\t\t\t\t\t\t\t\t\t\t\t\t\t<img decoding=\"async\" src=\"https:\/\/airedefiestacuba.com\/wp-content\/uploads\/2024\/01\/05-reception-elegant-decor_boda-habana-2-1024x684.jpg\" title=\"\" alt=\"\" loading=\"lazy\" \/>\t\t\t\t\t\t\t\t\t\t\t\t\t\t\t<\/div>\n\t\t\t\t<\/div>\n\t\t\t\t\t<\/div>\n\t\t\t\t<\/div>\n\t\t<div class=\"elementor-element elementor-element-7c95379 e-flex e-con-boxed e-con e-parent\" data-id=\"7c95379\" data-element_type=\"container\">\n\t\t\t\t\t<div class=\"e-con-inner\">\n\t\t\t\t<div class=\"elementor-element elementor-element-8538f26 elementor-widget elementor-widget-image\" data-id=\"8538f26\" data-element_type=\"widget\" data-widget_type=\"image.default\">\n\t\t\t\t<div class=\"elementor-widget-container\">\n\t\t\t\t\t\t\t\t\t\t\t\t\t\t\t<img decoding=\"async\" src=\"https:\/\/airedefiestacuba.com\/wp-content\/uploads\/2024\/01\/06-wedding-reception-at-night_boda-habana-2-1024x684.jpg\" title=\"\" alt=\"\" loading=\"lazy\" \/>\t\t\t\t\t\t\t\t\t\t\t\t\t\t\t<\/div>\n\t\t\t\t<\/div>\n\t\t\t\t\t<\/div>\n\t\t\t\t<\/div>\n\t\t<div class=\"elementor-element elementor-element-1565c1d e-flex e-con-boxed e-con e-parent\" data-id=\"1565c1d\" data-element_type=\"container\">\n\t\t\t\t\t<div class=\"e-con-inner\">\n\t\t\t\t<div class=\"elementor-element elementor-element-67b4c12 elementor-widget elementor-widget-image\" data-id=\"67b4c12\" data-element_type=\"widget\" data-widget_type=\"image.default\">\n\t\t\t\t<div class=\"elementor-widget-container\">\n\t\t\t\t\t\t\t\t\t\t\t\t\t\t\t<img decoding=\"async\" src=\"https:\/\/airedefiestacuba.com\/wp-content\/uploads\/2024\/01\/06-wedding-reception-at-night_boda-habana-3-1024x684.jpg\" title=\"\" alt=\"\" loading=\"lazy\" \/>\t\t\t\t\t\t\t\t\t\t\t\t\t\t\t<\/div>\n\t\t\t\t<\/div>\n\t\t\t\t\t<\/div>\n\t\t\t\t<\/div>\n\t\t<div class=\"elementor-element elementor-element-f047fe3 e-flex e-con-boxed e-con e-parent\" data-id=\"f047fe3\" data-element_type=\"container\">\n\t\t\t\t\t<div class=\"e-con-inner\">\n\t\t\t\t<div class=\"elementor-element elementor-element-cdaced9 elementor-widget elementor-widget-image\" data-id=\"cdaced9\" data-element_type=\"widget\" data-widget_type=\"image.default\">\n\t\t\t\t<div class=\"elementor-widget-container\">\n\t\t\t\t\t\t\t\t\t\t\t\t\t\t\t<img decoding=\"async\" src=\"https:\/\/airedefiestacuba.com\/wp-content\/uploads\/2024\/01\/05-reception-elegant-decor_boda-habana-3-1024x684.jpg\" title=\"\" alt=\"\" loading=\"lazy\" \/>\t\t\t\t\t\t\t\t\t\t\t\t\t\t\t<\/div>\n\t\t\t\t<\/div>\n\t\t\t\t\t<\/div>\n\t\t\t\t<\/div>\n\t\t<div class=\"elementor-element elementor-element-394a7d6 e-flex e-con-boxed e-con e-parent\" data-id=\"394a7d6\" data-element_type=\"container\">\n\t\t\t\t\t<div class=\"e-con-inner\">\n\t\t\t\t<div class=\"elementor-element elementor-element-9ae8801 elementor-widget elementor-widget-image\" data-id=\"9ae8801\" data-element_type=\"widget\" data-widget_type=\"image.default\">\n\t\t\t\t<div class=\"elementor-widget-container\">\n\t\t\t\t\t\t\t\t\t\t\t\t\t\t\t<img decoding=\"async\" src=\"https:\/\/airedefiestacuba.com\/wp-content\/uploads\/2024\/01\/06-wedding-reception-at-night_boda-habana-4-1024x684.jpg\" title=\"\" alt=\"\" loading=\"lazy\" \/>\t\t\t\t\t\t\t\t\t\t\t\t\t\t\t<\/div>\n\t\t\t\t<\/div>\n\t\t\t\t\t<\/div>\n\t\t\t\t<\/div>\n\t\t<div class=\"elementor-element elementor-element-821ffa1 e-flex e-con-boxed e-con e-parent\" data-id=\"821ffa1\" data-element_type=\"container\">\n\t\t\t\t\t<div class=\"e-con-inner\">\n\t\t\t\t<div class=\"elementor-element elementor-element-0f92d12 elementor-widget elementor-widget-image\" data-id=\"0f92d12\" data-element_type=\"widget\" data-widget_type=\"image.default\">\n\t\t\t\t<div class=\"elementor-widget-container\">\n\t\t\t\t\t\t\t\t\t\t\t\t\t\t\t<img decoding=\"async\" src=\"https:\/\/airedefiestacuba.com\/wp-content\/uploads\/2024\/01\/LU29434-8-1024x684.jpg\" title=\"\" alt=\"\" loading=\"lazy\" \/>\t\t\t\t\t\t\t\t\t\t\t\t\t\t\t<\/div>\n\t\t\t\t<\/div>\n\t\t\t\t\t<\/div>\n\t\t\t\t<\/div>\n\t\t<div class=\"elementor-element elementor-element-5422b2be e-flex e-con-boxed e-con e-parent\" data-id=\"5422b2be\" data-element_type=\"container\">\n\t\t\t\t\t<div class=\"e-con-inner\">\n\t\t\t\t<div class=\"elementor-element elementor-element-1c68258f elementor-widget elementor-widget-text-editor\" data-id=\"1c68258f\" data-element_type=\"widget\" data-widget_type=\"text-editor.default\">\n\t\t\t\t<div class=\"elementor-widget-container\">\n\t\t\t\t\t\t\t\t\t<p class=\"texto-image\" style=\"text-align: center;\"><strong>SHARE THIS MOMENT<\/strong><\/p>\t\t\t\t\t\t\t\t<\/div>\n\t\t\t\t<\/div>\n\t\t\t\t\t<\/div>\n\t\t\t\t<\/div>\n\t\t\t\t<\/div>","protected":false},"excerpt":{"rendered":"<p>Bella and Alejandro had a destination wedding in Havana, with a ceremony at La Divina Pastora and a modern, elegant design full of details.<\/p>","protected":false},"author":1,"featured_media":2513,"comment_status":"open","ping_status":"open","sticky":false,"template":"","format":"standard","meta":{"site-sidebar-layout":"default","site-content-layout":"","ast-site-content-layout":"default","site-content-style":"default","site-sidebar-style":"default","ast-global-header-display":"","ast-banner-title-visibility":"","ast-main-header-display":"","ast-hfb-above-header-display":"","ast-hfb-below-header-display":"","ast-hfb-mobile-header-display":"","site-post-title":"","ast-breadcrumbs-content":"","ast-featured-img":"","footer-sml-layout":"","theme-transparent-header-meta":"","adv-header-id-meta":"","stick-header-meta":"","header-above-stick-meta":"","header-main-stick-meta":"","header-below-stick-meta":"","astra-migrate-meta-layouts":"set","ast-page-background-enabled":"default","ast-page-background-meta":{"desktop":{"background-color":"var(--ast-global-color-4)","background-image":"","background-repeat":"repeat","background-position":"center center","background-size":"auto","background-attachment":"scroll","background-type":"","background-media":"","overlay-type":"","overlay-color":"","overlay-opacity":"","overlay-gradient":""},"tablet":{"background-color":"","background-image":"","background-repeat":"repeat","background-position":"center center","background-size":"auto","background-attachment":"scroll","background-type":"","background-media":"","overlay-type":"","overlay-color":"","overlay-opacity":"","overlay-gradient":""},"mobile":{"background-color":"","background-image":"","background-repeat":"repeat","background-position":"center center","background-size":"auto","background-attachment":"scroll","background-type":"","background-media":"","overlay-type":"","overlay-color":"","overlay-opacity":"","overlay-gradient":""}},"ast-content-background-meta":{"desktop":{"background-color":"var(--ast-global-color-5)","background-image":"","background-repeat":"repeat","background-position":"center center","background-size":"auto","background-attachment":"scroll","background-type":"","background-media":"","overlay-type":"","overlay-color":"","overlay-opacity":"","overlay-gradient":""},"tablet":{"background-color":"var(--ast-global-color-5)","background-image":"","background-repeat":"repeat","background-position":"center center","background-size":"auto","background-attachment":"scroll","background-type":"","background-media":"","overlay-type":"","overlay-color":"","overlay-opacity":"","overlay-gradient":""},"mobile":{"background-color":"var(--ast-global-color-5)","background-image":"","background-repeat":"repeat","background-position":"center center","background-size":"auto","background-attachment":"scroll","background-type":"","background-media":"","overlay-type":"","overlay-color":"","overlay-opacity":"","overlay-gradient":""}},"footnotes":""},"categories":[17,258],"tags":[],"class_list":["post-2491","post","type-post","status-publish","format-standard","has-post-thumbnail","hentry","category-bodas","category-bodas-en-la-habana"],"yoast_head":"<!-- This site is optimized with the Yoast SEO Premium plugin v24.1 (Yoast SEO v26.7) - https:\/\/yoast.com\/wordpress\/plugins\/seo\/ -->\n<title>Bella y Alejandro, boda en Divina Pastora en La Habana | Aire de Fiesta<\/title>\n<meta name=\"description\" content=\"Bella y Alejandro celebraron una hermosa boda en La Habana, en uno de los jardines m\u00e1s solicitados de la ciudad.\" \/>\n<meta name=\"robots\" content=\"index, follow, max-snippet:-1, max-image-preview:large, max-video-preview:-1\" \/>\n<link rel=\"canonical\" href=\"https:\/\/airedefiestacuba.com\/en\/boda-en-la-habana-bella-y-alejandro\/\" \/>\n<meta property=\"og:locale\" content=\"en_US\" \/>\n<meta property=\"og:type\" content=\"article\" \/>\n<meta property=\"og:title\" content=\"Bella y Alejandro, boda en Divina Pastora en La Habana\" \/>\n<meta property=\"og:description\" content=\"Bella y Alejandro celebraron una hermosa boda en La Habana, en uno de los jardines m\u00e1s solicitados de la ciudad.\" \/>\n<meta property=\"og:url\" content=\"https:\/\/airedefiestacuba.com\/en\/boda-en-la-habana-bella-y-alejandro\/\" \/>\n<meta property=\"og:site_name\" content=\"Bodas en Cuba | Organizadores Expertos con +10 A\u00f1os de \u00c9xito\" \/>\n<meta property=\"article:published_time\" content=\"2024-01-23T17:41:39+00:00\" \/>\n<meta property=\"article:modified_time\" content=\"2025-06-26T05:06:53+00:00\" \/>\n<meta property=\"og:image\" content=\"https:\/\/airedefiestacuba.com\/wp-content\/uploads\/2024\/01\/04-just-married-photo-session_boda-habana-3.jpg\" \/>\n\t<meta property=\"og:image:width\" content=\"1282\" \/>\n\t<meta property=\"og:image:height\" content=\"1920\" \/>\n\t<meta property=\"og:image:type\" content=\"image\/jpeg\" \/>\n<meta name=\"author\" content=\"airedefiestacuba.com\" \/>\n<meta name=\"twitter:card\" content=\"summary_large_image\" \/>\n<meta name=\"twitter:label1\" content=\"Written by\" \/>\n\t<meta name=\"twitter:data1\" content=\"airedefiestacuba.com\" \/>\n\t<meta name=\"twitter:label2\" content=\"Est. reading time\" \/>\n\t<meta name=\"twitter:data2\" content=\"9 minutes\" \/>\n<script type=\"application\/ld+json\" class=\"yoast-schema-graph\">{\"@context\":\"https:\/\/schema.org\",\"@graph\":[{\"@type\":\"Article\",\"@id\":\"https:\/\/airedefiestacuba.com\/boda-en-la-habana-bella-y-alejandro\/#article\",\"isPartOf\":{\"@id\":\"https:\/\/airedefiestacuba.com\/boda-en-la-habana-bella-y-alejandro\/\"},\"author\":{\"name\":\"airedefiestacuba.com\",\"@id\":\"https:\/\/airedefiestacuba.com\/#\/schema\/person\/5865234420ad0876562c26f9fd5dcf12\"},\"headline\":\"Bella y Alejandro, boda en Divina Pastora en La Habana\",\"datePublished\":\"2024-01-23T17:41:39+00:00\",\"dateModified\":\"2025-06-26T05:06:53+00:00\",\"mainEntityOfPage\":{\"@id\":\"https:\/\/airedefiestacuba.com\/boda-en-la-habana-bella-y-alejandro\/\"},\"wordCount\":417,\"commentCount\":0,\"publisher\":{\"@id\":\"https:\/\/airedefiestacuba.com\/#organization\"},\"image\":{\"@id\":\"https:\/\/airedefiestacuba.com\/boda-en-la-habana-bella-y-alejandro\/#primaryimage\"},\"thumbnailUrl\":\"https:\/\/airedefiestacuba.com\/wp-content\/uploads\/2024\/01\/04-just-married-photo-session_boda-habana-3.jpg\",\"articleSection\":[\"Bodas\",\"Habana\"],\"inLanguage\":\"en-US\",\"potentialAction\":[{\"@type\":\"CommentAction\",\"name\":\"Comment\",\"target\":[\"https:\/\/airedefiestacuba.com\/boda-en-la-habana-bella-y-alejandro\/#respond\"]}]},{\"@type\":\"WebPage\",\"@id\":\"https:\/\/airedefiestacuba.com\/boda-en-la-habana-bella-y-alejandro\/\",\"url\":\"https:\/\/airedefiestacuba.com\/boda-en-la-habana-bella-y-alejandro\/\",\"name\":\"Bella y Alejandro, boda en Divina Pastora en La Habana | Aire de Fiesta\",\"isPartOf\":{\"@id\":\"https:\/\/airedefiestacuba.com\/#website\"},\"primaryImageOfPage\":{\"@id\":\"https:\/\/airedefiestacuba.com\/boda-en-la-habana-bella-y-alejandro\/#primaryimage\"},\"image\":{\"@id\":\"https:\/\/airedefiestacuba.com\/boda-en-la-habana-bella-y-alejandro\/#primaryimage\"},\"thumbnailUrl\":\"https:\/\/airedefiestacuba.com\/wp-content\/uploads\/2024\/01\/04-just-married-photo-session_boda-habana-3.jpg\",\"datePublished\":\"2024-01-23T17:41:39+00:00\",\"dateModified\":\"2025-06-26T05:06:53+00:00\",\"description\":\"Bella y Alejandro celebraron una hermosa boda en La Habana, en uno de los jardines m\u00e1s solicitados de la ciudad.\",\"breadcrumb\":{\"@id\":\"https:\/\/airedefiestacuba.com\/boda-en-la-habana-bella-y-alejandro\/#breadcrumb\"},\"inLanguage\":\"en-US\",\"potentialAction\":[{\"@type\":\"ReadAction\",\"target\":[\"https:\/\/airedefiestacuba.com\/boda-en-la-habana-bella-y-alejandro\/\"]}]},{\"@type\":\"ImageObject\",\"inLanguage\":\"en-US\",\"@id\":\"https:\/\/airedefiestacuba.com\/boda-en-la-habana-bella-y-alejandro\/#primaryimage\",\"url\":\"https:\/\/airedefiestacuba.com\/wp-content\/uploads\/2024\/01\/04-just-married-photo-session_boda-habana-3.jpg\",\"contentUrl\":\"https:\/\/airedefiestacuba.com\/wp-content\/uploads\/2024\/01\/04-just-married-photo-session_boda-habana-3.jpg\",\"width\":1282,\"height\":1920,\"caption\":\"Bella y Alejandro, reci\u00e9n casados, sellando su amor con un beso frente a la bah\u00eda de La Habana.\"},{\"@type\":\"BreadcrumbList\",\"@id\":\"https:\/\/airedefiestacuba.com\/boda-en-la-habana-bella-y-alejandro\/#breadcrumb\",\"itemListElement\":[{\"@type\":\"ListItem\",\"position\":1,\"name\":\"Home\",\"item\":\"https:\/\/airedefiestacuba.com\/\"},{\"@type\":\"ListItem\",\"position\":2,\"name\":\"Bella y Alejandro, boda en Divina Pastora en La Habana\"}]},{\"@type\":\"WebSite\",\"@id\":\"https:\/\/airedefiestacuba.com\/#website\",\"url\":\"https:\/\/airedefiestacuba.com\/\",\"name\":\"Bodas en Cuba | Organizadores Expertos con +10 A\u00f1os de \u00c9xito\",\"description\":\"Expertos en bodas de destino en Cuba. Convertimos tu visi\u00f3n en una celebraci\u00f3n perfecta. Garantizamos que tu \u00fanico trabajo sea decir &quot;S\u00ed, quiero&quot;.\",\"publisher\":{\"@id\":\"https:\/\/airedefiestacuba.com\/#organization\"},\"potentialAction\":[{\"@type\":\"SearchAction\",\"target\":{\"@type\":\"EntryPoint\",\"urlTemplate\":\"https:\/\/airedefiestacuba.com\/?s={search_term_string}\"},\"query-input\":{\"@type\":\"PropertyValueSpecification\",\"valueRequired\":true,\"valueName\":\"search_term_string\"}}],\"inLanguage\":\"en-US\"},{\"@type\":\"Organization\",\"@id\":\"https:\/\/airedefiestacuba.com\/#organization\",\"name\":\"Bodas en Cuba | Organizadores Expertos con +10 A\u00f1os de \u00c9xito\",\"url\":\"https:\/\/airedefiestacuba.com\/\",\"logo\":{\"@type\":\"ImageObject\",\"inLanguage\":\"en-US\",\"@id\":\"https:\/\/airedefiestacuba.com\/#\/schema\/logo\/image\/\",\"url\":\"https:\/\/airedefiestacuba.com\/wp-content\/uploads\/2022\/03\/3Asset-3.png\",\"contentUrl\":\"https:\/\/airedefiestacuba.com\/wp-content\/uploads\/2022\/03\/3Asset-3.png\",\"width\":1460,\"height\":777,\"caption\":\"Bodas en Cuba | Organizadores Expertos con +10 A\u00f1os de \u00c9xito\"},\"image\":{\"@id\":\"https:\/\/airedefiestacuba.com\/#\/schema\/logo\/image\/\"}},{\"@type\":\"Person\",\"@id\":\"https:\/\/airedefiestacuba.com\/#\/schema\/person\/5865234420ad0876562c26f9fd5dcf12\",\"name\":\"airedefiestacuba.com\",\"image\":{\"@type\":\"ImageObject\",\"inLanguage\":\"en-US\",\"@id\":\"https:\/\/airedefiestacuba.com\/#\/schema\/person\/image\/\",\"url\":\"https:\/\/secure.gravatar.com\/avatar\/1f6087c3554fde612f8f41b6a4287ed465978a4cebc9c9b98289655ccf2008ce?s=96&d=mm&r=g\",\"contentUrl\":\"https:\/\/secure.gravatar.com\/avatar\/1f6087c3554fde612f8f41b6a4287ed465978a4cebc9c9b98289655ccf2008ce?s=96&d=mm&r=g\",\"caption\":\"airedefiestacuba.com\"},\"sameAs\":[\"http:\/\/airedefiestacuba.com\"]}]}<\/script>\n<!-- \/ Yoast SEO Premium plugin. -->","yoast_head_json":{"title":"Bella y Alejandro, boda en Divina Pastora en La Habana | Aire de Fiesta","description":"Bella y Alejandro celebraron una hermosa boda en La Habana, en uno de los jardines m\u00e1s solicitados de la ciudad.","robots":{"index":"index","follow":"follow","max-snippet":"max-snippet:-1","max-image-preview":"max-image-preview:large","max-video-preview":"max-video-preview:-1"},"canonical":"https:\/\/airedefiestacuba.com\/en\/boda-en-la-habana-bella-y-alejandro\/","og_locale":"en_US","og_type":"article","og_title":"Bella y Alejandro, boda en Divina Pastora en La Habana","og_description":"Bella y Alejandro celebraron una hermosa boda en La Habana, en uno de los jardines m\u00e1s solicitados de la ciudad.","og_url":"https:\/\/airedefiestacuba.com\/en\/boda-en-la-habana-bella-y-alejandro\/","og_site_name":"Bodas en Cuba | Organizadores Expertos con +10 A\u00f1os de \u00c9xito","article_published_time":"2024-01-23T17:41:39+00:00","article_modified_time":"2025-06-26T05:06:53+00:00","og_image":[{"width":1282,"height":1920,"url":"https:\/\/airedefiestacuba.com\/wp-content\/uploads\/2024\/01\/04-just-married-photo-session_boda-habana-3.jpg","type":"image\/jpeg"}],"author":"airedefiestacuba.com","twitter_card":"summary_large_image","twitter_misc":{"Written by":"airedefiestacuba.com","Est. reading time":"9 minutes"},"schema":{"@context":"https:\/\/schema.org","@graph":[{"@type":"Article","@id":"https:\/\/airedefiestacuba.com\/boda-en-la-habana-bella-y-alejandro\/#article","isPartOf":{"@id":"https:\/\/airedefiestacuba.com\/boda-en-la-habana-bella-y-alejandro\/"},"author":{"name":"airedefiestacuba.com","@id":"https:\/\/airedefiestacuba.com\/#\/schema\/person\/5865234420ad0876562c26f9fd5dcf12"},"headline":"Bella y Alejandro, boda en Divina Pastora en La Habana","datePublished":"2024-01-23T17:41:39+00:00","dateModified":"2025-06-26T05:06:53+00:00","mainEntityOfPage":{"@id":"https:\/\/airedefiestacuba.com\/boda-en-la-habana-bella-y-alejandro\/"},"wordCount":417,"commentCount":0,"publisher":{"@id":"https:\/\/airedefiestacuba.com\/#organization"},"image":{"@id":"https:\/\/airedefiestacuba.com\/boda-en-la-habana-bella-y-alejandro\/#primaryimage"},"thumbnailUrl":"https:\/\/airedefiestacuba.com\/wp-content\/uploads\/2024\/01\/04-just-married-photo-session_boda-habana-3.jpg","articleSection":["Bodas","Habana"],"inLanguage":"en-US","potentialAction":[{"@type":"CommentAction","name":"Comment","target":["https:\/\/airedefiestacuba.com\/boda-en-la-habana-bella-y-alejandro\/#respond"]}]},{"@type":"WebPage","@id":"https:\/\/airedefiestacuba.com\/boda-en-la-habana-bella-y-alejandro\/","url":"https:\/\/airedefiestacuba.com\/boda-en-la-habana-bella-y-alejandro\/","name":"Bella y Alejandro, boda en Divina Pastora en La Habana | Aire de Fiesta","isPartOf":{"@id":"https:\/\/airedefiestacuba.com\/#website"},"primaryImageOfPage":{"@id":"https:\/\/airedefiestacuba.com\/boda-en-la-habana-bella-y-alejandro\/#primaryimage"},"image":{"@id":"https:\/\/airedefiestacuba.com\/boda-en-la-habana-bella-y-alejandro\/#primaryimage"},"thumbnailUrl":"https:\/\/airedefiestacuba.com\/wp-content\/uploads\/2024\/01\/04-just-married-photo-session_boda-habana-3.jpg","datePublished":"2024-01-23T17:41:39+00:00","dateModified":"2025-06-26T05:06:53+00:00","description":"Bella y Alejandro celebraron una hermosa boda en La Habana, en uno de los jardines m\u00e1s solicitados de la ciudad.","breadcrumb":{"@id":"https:\/\/airedefiestacuba.com\/boda-en-la-habana-bella-y-alejandro\/#breadcrumb"},"inLanguage":"en-US","potentialAction":[{"@type":"ReadAction","target":["https:\/\/airedefiestacuba.com\/boda-en-la-habana-bella-y-alejandro\/"]}]},{"@type":"ImageObject","inLanguage":"en-US","@id":"https:\/\/airedefiestacuba.com\/boda-en-la-habana-bella-y-alejandro\/#primaryimage","url":"https:\/\/airedefiestacuba.com\/wp-content\/uploads\/2024\/01\/04-just-married-photo-session_boda-habana-3.jpg","contentUrl":"https:\/\/airedefiestacuba.com\/wp-content\/uploads\/2024\/01\/04-just-married-photo-session_boda-habana-3.jpg","width":1282,"height":1920,"caption":"Bella y Alejandro, reci\u00e9n casados, sellando su amor con un beso frente a la bah\u00eda de La Habana."},{"@type":"BreadcrumbList","@id":"https:\/\/airedefiestacuba.com\/boda-en-la-habana-bella-y-alejandro\/#breadcrumb","itemListElement":[{"@type":"ListItem","position":1,"name":"Home","item":"https:\/\/airedefiestacuba.com\/"},{"@type":"ListItem","position":2,"name":"Bella y Alejandro, boda en Divina Pastora en La Habana"}]},{"@type":"WebSite","@id":"https:\/\/airedefiestacuba.com\/#website","url":"https:\/\/airedefiestacuba.com\/","name":"Weddings in Cuba | Expert Planners with 10+ Years of Success","description":"Experts in destination weddings in Cuba. We turn your vision into a perfect celebration. We guarantee that your only job will be to say \"I do.\"","publisher":{"@id":"https:\/\/airedefiestacuba.com\/#organization"},"potentialAction":[{"@type":"SearchAction","target":{"@type":"EntryPoint","urlTemplate":"https:\/\/airedefiestacuba.com\/?s={search_term_string}"},"query-input":{"@type":"PropertyValueSpecification","valueRequired":true,"valueName":"search_term_string"}}],"inLanguage":"en-US"},{"@type":"Organization","@id":"https:\/\/airedefiestacuba.com\/#organization","name":"Weddings in Cuba | Expert Planners with 10+ Years of Success","url":"https:\/\/airedefiestacuba.com\/","logo":{"@type":"ImageObject","inLanguage":"en-US","@id":"https:\/\/airedefiestacuba.com\/#\/schema\/logo\/image\/","url":"https:\/\/airedefiestacuba.com\/wp-content\/uploads\/2022\/03\/3Asset-3.png","contentUrl":"https:\/\/airedefiestacuba.com\/wp-content\/uploads\/2022\/03\/3Asset-3.png","width":1460,"height":777,"caption":"Bodas en Cuba | Organizadores Expertos con +10 A\u00f1os de \u00c9xito"},"image":{"@id":"https:\/\/airedefiestacuba.com\/#\/schema\/logo\/image\/"}},{"@type":"Person","@id":"https:\/\/airedefiestacuba.com\/#\/schema\/person\/5865234420ad0876562c26f9fd5dcf12","name":"airedefiestacuba.com","image":{"@type":"ImageObject","inLanguage":"en-US","@id":"https:\/\/airedefiestacuba.com\/#\/schema\/person\/image\/","url":"https:\/\/secure.gravatar.com\/avatar\/1f6087c3554fde612f8f41b6a4287ed465978a4cebc9c9b98289655ccf2008ce?s=96&d=mm&r=g","contentUrl":"https:\/\/secure.gravatar.com\/avatar\/1f6087c3554fde612f8f41b6a4287ed465978a4cebc9c9b98289655ccf2008ce?s=96&d=mm&r=g","caption":"airedefiestacuba.com"},"sameAs":["http:\/\/airedefiestacuba.com"]}]}},"_links":{"self":[{"href":"https:\/\/airedefiestacuba.com\/en\/wp-json\/wp\/v2\/posts\/2491","targetHints":{"allow":["GET"]}}],"collection":[{"href":"https:\/\/airedefiestacuba.com\/en\/wp-json\/wp\/v2\/posts"}],"about":[{"href":"https:\/\/airedefiestacuba.com\/en\/wp-json\/wp\/v2\/types\/post"}],"author":[{"embeddable":true,"href":"https:\/\/airedefiestacuba.com\/en\/wp-json\/wp\/v2\/users\/1"}],"replies":[{"embeddable":true,"href":"https:\/\/airedefiestacuba.com\/en\/wp-json\/wp\/v2\/comments?post=2491"}],"version-history":[{"count":10,"href":"https:\/\/airedefiestacuba.com\/en\/wp-json\/wp\/v2\/posts\/2491\/revisions"}],"predecessor-version":[{"id":27977,"href":"https:\/\/airedefiestacuba.com\/en\/wp-json\/wp\/v2\/posts\/2491\/revisions\/27977"}],"wp:featuredmedia":[{"embeddable":true,"href":"https:\/\/airedefiestacuba.com\/en\/wp-json\/wp\/v2\/media\/2513"}],"wp:attachment":[{"href":"https:\/\/airedefiestacuba.com\/en\/wp-json\/wp\/v2\/media?parent=2491"}],"wp:term":[{"taxonomy":"category","embeddable":true,"href":"https:\/\/airedefiestacuba.com\/en\/wp-json\/wp\/v2\/categories?post=2491"},{"taxonomy":"post_tag","embeddable":true,"href":"https:\/\/airedefiestacuba.com\/en\/wp-json\/wp\/v2\/tags?post=2491"}],"curies":[{"name":"wp","href":"https:\/\/api.w.org\/{rel}","templated":true}]}}